{"id":68745,"date":"2020-03-19T23:51:57","date_gmt":"2020-03-20T02:51:57","guid":{"rendered":"http:\/\/portalcatolico.net\/portal\/?p=68745"},"modified":"2020-03-20T18:53:55","modified_gmt":"2020-03-20T21:53:55","slug":"pandemia-modifica-celebracoes-do-dia-de-sao-jose-em-itabuna-confira-como-foi-a-festa-do-padroeiro","status":"publish","type":"post","link":"https:\/\/portalcatolico.net\/portal\/pandemia-modifica-celebracoes-do-dia-de-sao-jose-em-itabuna-confira-como-foi-a-festa-do-padroeiro\/","title":{"rendered":"Pandemia modifica celebra\u00e7\u00f5es do Dia de S\u00e3o Jos\u00e9 em Itabuna. Confira como foi a festa do padroeiro!"},"content":{"rendered":"<p><img loading=\"lazy\" decoding=\"async\" class=\"size-medium wp-image-68748 alignleft\" src=\"http:\/\/portalcatolico.net\/portal\/wp-content\/uploads\/2020\/03\/IMG_3345-300x200.jpg\" alt=\"\" width=\"300\" height=\"200\" srcset=\"https:\/\/portalcatolico.net\/portal\/wp-content\/uploads\/2020\/03\/IMG_3345-300x200.jpg 300w, https:\/\/portalcatolico.net\/portal\/wp-content\/uploads\/2020\/03\/IMG_3345-768x512.jpg 768w, https:\/\/portalcatolico.net\/portal\/wp-content\/uploads\/2020\/03\/IMG_3345.jpg 1000w\" sizes=\"auto, (max-width: 300px) 100vw, 300px\" \/>Celebrou-se- hoje, 19 de mar\u00e7o, a Solenidade de S\u00e3o Jos\u00e9. Neste dia, a Igreja, espalhada pelo mundo todo, recordou solenemente a santidade de vida do seu patrono. Esposo da Virgem Maria, modelo de pai e esposo, protetor da Sagrada Fam\u00edlia, S\u00e3o Jos\u00e9 foi escolhido por Deus para ser o patrono de toda a Igreja de Cristo.<\/p>\n<p>Em Itabuna (BA), S\u00e3o Jos\u00e9 ganha diversas homenagens, pois ele \u00e9 padroeiro da cidade, da Diocese e da Catedral que leva o seu nome.<\/p>\n<p>&nbsp;Desde o dia 10 de mar\u00e7o que as festividades acontecem em homenagem ao padroeiro. E as homenagens&nbsp;chegaram ao fim nesta quinta-feira.&nbsp;&nbsp;<br \/>\nO tema central da festa foi: &#8220;Senhor, que queres de mim?&nbsp; E o lema: &#8220;Vem e segue-me&#8221;.&nbsp;&nbsp;&nbsp;Mas neste ano, a comemora\u00e7\u00e3o do dia 19, que \u00e9 o dia de S\u00e3o Jos\u00e9, foi um pouco diferente. Pela primeira vez na hist\u00f3ria, a tradicional prociss\u00e3o n\u00e3o aconteceu. O Bispo, por meio de uma nota, informou que a prociss\u00e3o estava suspensa por conta da atual situa\u00e7\u00e3o em que a regi\u00e3o, o pa\u00eds e o mundo se encontram, por conta da expans\u00e3o do novo coronav\u00edrus, a doen\u00e7a conhecida como Covid-19. Por medida preventiva, \u00e9 recomendado que as pessoas evitem aglomera\u00e7\u00f5es para n\u00e3o correr o risco de ser infectado com o v\u00edrus. Para compensar a aus\u00eancia da prociss\u00e3o, o n\u00famero de missas aumentou.<\/p>\n<p>&nbsp;A primeira missa do dia aconteceu \u00e0s 7h,&nbsp;com a presid\u00eancia do&nbsp;bispo diocesano dom Carlos Alberto \u00e1s 10h. Depois dessas duas missas pela manh\u00e3, aconteceram duas missas \u00e0 tarde, nos hor\u00e1rios de 15h e 17h.&nbsp;Durante todo o dia, logo ap\u00f3s uma missa e outra, o Sant\u00edssimo Sacramento&nbsp;foi exposto para os fieis, visitantes e paroquianos. Na missa das&nbsp;15h, foi realizada uma prociss\u00e3o no interior da igreja com andor, flores&nbsp;e a imagem do santo.<\/p>\n<p>Vale ressaltar que as missas aconteceram de forma mais r\u00e1pida e foram transmitidas via internet para quem quisesse assistir de casa.&nbsp;<\/p>\n<p>A celebra\u00e7\u00e3o das 17h foi presidida pelo padre Ac\u00e1ssio Alves (p\u00e1roco da Par\u00f3quia S\u00e3o Judas Tadeu e coordenador das pastorais da diocese). Na homilia, ele disse: &#8220;Jos\u00e9 fala a partir do sil\u00eancio. \u00c9 preciso saber silenciar para escutar Deus. E o primeiro testemunho de Jos\u00e9 \u00e9 esse: saber silenciar. Quando a gente busca o sil\u00eancio na ora\u00e7\u00e3o, a gente acha a resposta&#8221;.<\/p>\n<p>A&nbsp;concelebra\u00e7\u00e3o foi feita pelo Pe.&nbsp; Gilvan Oliveira (p\u00e1roco) e pelos di\u00e1conos permanentes&nbsp;Ailton Matos e Esmeraldo Sardinha. O padre Gilvan Oliveira agradeceu a todos os padres&nbsp;e bispos que abrilhantam o noven\u00e1rio com as suas reflex\u00f5es e agradeceu a todas as equipes de pastorais e movimentos&nbsp; que&nbsp;colaboraram com suas doa\u00e7\u00f5es e seus trabalhos de evangeliza\u00e7\u00e3o.<\/p>\n<p>&nbsp;Na oportunidade, Dom Carlos, falou sobre as medidas que tiveram que ser adotadas para que os fieis pudessem continuar homenageando S\u00e3o Jos\u00e9 no seu grande dia: &#8220;Diante da situa\u00e7\u00e3o em que n\u00f3s estamos vivendo, achamos por bem, diminuirmos o n\u00famero de pessoas nas celebra\u00e7\u00f5es da missa, visto que, diante desta pandemia, j\u00e1 que tivemos que suspender a prociss\u00e3o, colocamos mais missas e diminu\u00edmos a quantidade de pessoas em cada missa. Assim sendo, pedi tamb\u00e9m que os idosos n\u00e3o viessem para as missas e que participassem pela televis\u00e3o ou mesmo pelos meios de comunica\u00e7\u00e3o que transmitem as missas. As pessoas est\u00e3o atendendo muito bem a esse pedido e n\u00f3s estamos gratos. Isto \u00e9 apenas um tempo, uma fase.<\/p>\n<p>\u00c9 para o bem maior do nosso povo, da nossa gente e para o bem maior da nossa sa\u00fade. N\u00f3s queremos vida, sa\u00fade e pessoas com alegria e n\u00e3o com tristeza. De tal forma que eu gostaria de dizer para o nosso querido povo: n\u00e3o tem problema n\u00e3o vir \u00e0s missas, pode ficar tranquilo. Eu assumo a responsabilidade em dizer para voc\u00ea ficar em casa. Fa\u00e7a as suas ora\u00e7\u00f5es em casa e participe tamb\u00e9m pelos meios de comunica\u00e7\u00e3o. Vamos rezar para que a sa\u00fade em todo mundo, de modo particular, em nossa regi\u00e3o, n\u00e3o venha afetar tanto o quanto est\u00e1 afetando em outros ambientes. Veja que a coisa \u00e9 s\u00e9ria e n\u00f3s queremos, realmente, que eles se sintam felizes, realizados e n\u00e3o com doen\u00e7a, n\u00e3o com tristeza, mas com amor, muita alegria, muita f\u00e9, confiando nesse nosso padroeiro S\u00e3o Jos\u00e9, para que ele interceda a Deus por todos n\u00f3s, por nossas fam\u00edlias, a fim de que essa pandemia n\u00e3o venha acontecer como em outros pa\u00edses&#8221;, disse o Bispo.<\/p>\n","protected":false},"excerpt":{"rendered":"<p>Celebrou-se- hoje, 19 de mar\u00e7o, a Solenidade de S\u00e3o Jos\u00e9. Neste dia, a Igreja, espalhada pelo mundo todo, recordou solenemente a santidade de vida do seu patrono. Esposo da Virgem Maria, modelo de pai e esposo, protetor da Sagrada Fam\u00edlia, S\u00e3o Jos\u00e9 foi escolhido por Deus para ser o patrono de toda a Igreja de&nbsp;<\/p>\n<p><a class=\"btn btn-style\" href=\"https:\/\/portalcatolico.net\/portal\/pandemia-modifica-celebracoes-do-dia-de-sao-jose-em-itabuna-confira-como-foi-a-festa-do-padroeiro\/\">Continue Reading<\/a><\/p>\n","protected":false},"author":2,"featured_media":68746,"comment_status":"open","ping_status":"open","sticky":false,"template":"","format":"standard","meta":{"footnotes":""},"categories":[68],"tags":[],"class_list":["post-68745","post","type-post","status-publish","format-standard","has-post-thumbnail","hentry","category-homilias"],"_links":{"self":[{"href":"https:\/\/portalcatolico.net\/portal\/wp-json\/wp\/v2\/posts\/68745","targetHints":{"allow":["GET"]}}],"collection":[{"href":"https:\/\/portalcatolico.net\/portal\/wp-json\/wp\/v2\/posts"}],"about":[{"href":"https:\/\/portalcatolico.net\/portal\/wp-json\/wp\/v2\/types\/post"}],"author":[{"embeddable":true,"href":"https:\/\/portalcatolico.net\/portal\/wp-json\/wp\/v2\/users\/2"}],"replies":[{"embeddable":true,"href":"https:\/\/portalcatolico.net\/portal\/wp-json\/wp\/v2\/comments?post=68745"}],"version-history":[{"count":2,"href":"https:\/\/portalcatolico.net\/portal\/wp-json\/wp\/v2\/posts\/68745\/revisions"}],"predecessor-version":[{"id":68749,"href":"https:\/\/portalcatolico.net\/portal\/wp-json\/wp\/v2\/posts\/68745\/revisions\/68749"}],"wp:featuredmedia":[{"embeddable":true,"href":"https:\/\/portalcatolico.net\/portal\/wp-json\/wp\/v2\/media\/68746"}],"wp:attachment":[{"href":"https:\/\/portalcatolico.net\/portal\/wp-json\/wp\/v2\/media?parent=68745"}],"wp:term":[{"taxonomy":"category","embeddable":true,"href":"https:\/\/portalcatolico.net\/portal\/wp-json\/wp\/v2\/categories?post=68745"},{"taxonomy":"post_tag","embeddable":true,"href":"https:\/\/portalcatolico.net\/portal\/wp-json\/wp\/v2\/tags?post=68745"}],"curies":[{"name":"wp","href":"https:\/\/api.w.org\/{rel}","templated":true}]}}