{"id":68737,"date":"2020-03-21T00:37:10","date_gmt":"2020-03-21T03:37:10","guid":{"rendered":"http:\/\/portalcatolico.net\/portal\/?p=68737"},"modified":"2020-03-20T18:47:23","modified_gmt":"2020-03-20T21:47:23","slug":"como-se-preparar-para-a-missa-em-casa-durante-a-quarentena-imposta-pelo-coronavirus","status":"publish","type":"post","link":"https:\/\/portalcatolico.net\/portal\/como-se-preparar-para-a-missa-em-casa-durante-a-quarentena-imposta-pelo-coronavirus\/","title":{"rendered":"Como se preparar para a missa em casa durante a quarentena imposta pelo coronav\u00edrus?"},"content":{"rendered":"<p>Ontem, 19 de mar\u00e7o, dia de S\u00e3o Jos\u00e9, padroeiro da Cidade de Alto Piquiri (PR), na Diocese de Umuarama (PR), a missa foi transmitida pelas redes sociais da Par\u00f3quia S\u00e3o Jos\u00e9. A missa foi presidida pelo padre M\u00e1rio Augusto Sartori e concelebrada pelo padre Ant\u00f4nio Murilo Macedo da Luz. Devido \u00e0 pandemia do COVID-19, n\u00e3o foi permitida a presen\u00e7a da comunidade.<\/p>\n<p>Segundo o padre M\u00e1rio tudo isso \u00e9 uma provoca\u00e7\u00e3o de Deus. \u201cIsso tamb\u00e9m \u00e9 um evangelho, a quaresma deste ano estarmos evangelizando dessa forma, nessa situa\u00e7\u00e3o, optamos por enfrentar isso com f\u00e9. Por ser dia do nosso Padroeiro, feriado, e porque Deus \u00e9 maior e Senhor de todas as coisas, fizemos um momento de adora\u00e7\u00e3o ao Sant\u00edssimo Sacramento. Eu andei pela Igreja, pelos bancos, corredores, dei a b\u00ean\u00e7\u00e3o para quem nos acompanha de casa e seguimos numa carreata por tr\u00eas horas pelas ruas da cidade\u201d, explicou.<\/p>\n<p>Como na cidade de Alto Piquiri, em muitos outros lugares a missa est\u00e1 sendo transmitida pela internet e tamb\u00e9m por todas as emissoras de tv de inspira\u00e7\u00e3o cat\u00f3licas (conforme programa\u00e7\u00e3o abaixo).<\/p>\n<p>O assessor da Comiss\u00e3o Episcopal Pastoral para a Liturgia da Confer\u00eancia Nacional dos Bispos do Brasil (CNBB), padre Leonardo Jos\u00e9 Pinheiro, recorda que h\u00e1 na orienta\u00e7\u00e3o dos bispos, ao acolher as indica\u00e7\u00f5es das autoridades e profissionais da sa\u00fade, a dispensa da obrigatoriedade de participar fisicamente das celebra\u00e7\u00f5es dominicais nas comunidades. As missas nos meios de comunica\u00e7\u00e3o, segundo padre Leonardo, \u201cse tornam, ainda mais neste momento, instrumentos eficazes de \u2018reunir\u2019 todos, cada um em suas casas, sobretudo os idosos, em torno da Palavra de Deus\u201d.<\/p>\n<p>Inspirada no Santu\u00e1rio de Schoenstatt de Belmonte, em Roma, a diocese de Jundiai (SP) elaborou 10 dicas importantes para orientar os fieis a se prepararem para as celebra\u00e7\u00f5es \u00e0 dist\u00e2ncia, transmitidas pela internet ou pela TV.<\/p>\n<ol>\n<li>Prepara a tua mente<br \/>\nN\u00e3o \u00e9 uma transmiss\u00e3o qualquer. \u00c9 a Missa. Toma consci\u00eancia do que ser\u00e1 transmitido.<\/p>\n<div id=\"attachment_235540\" class=\"wp-caption aligncenter\" style=\"width: 624px;\">\n<p><a href=\"https:\/\/www.cnbb.org.br\/confira-dias-e-horarios-das-missas-transmitidas-pelas-emissoras-de-tv-de-inspiracao-catolica\/sao-jose-2\/\"><img loading=\"lazy\" decoding=\"async\" class=\"wp-image-235540 \" src=\"https:\/\/www.cnbb.org.br\/wp-content\/uploads\/sites\/32\/2020\/03\/S%C3%A3o-jose-1-224x300.jpg\" srcset=\"https:\/\/www.cnbb.org.br\/wp-content\/uploads\/sites\/32\/2020\/03\/S\u00e3o-jose-1-224x300.jpg 224w, https:\/\/www.cnbb.org.br\/wp-content\/uploads\/sites\/32\/2020\/03\/S\u00e3o-jose-1.jpg 584w\" alt=\"\" width=\"624\" height=\"836\" aria-describedby=\"caption-attachment-235540\"><\/a><\/p>\n<p id=\"caption-attachment-235540\" class=\"wp-caption-text\">Fi\u00e9is acompanham de casa a missa transmitida pelas redes sociais da par\u00f3quia S\u00e3o Jos\u00e9, em Alto Piquiri (PR). Foto: Arquivo da Par\u00f3quia S\u00e3o Jos\u00e9<\/p>\n<\/div>\n<\/li>\n<li>Prepara o teu esp\u00edrito<br \/>\nEntra no clima como se estivesse entrando na Igreja. Convida o Senhor para visitar a tua casa.<\/li>\n<li>Preparar o teu corpo<br \/>\nQue o exterior corresponda ao interior. Tira o pijama! Levante-te da cama. Arruma-te!<\/li>\n<li>Prepara a tua casa<br \/>\nCria um ambiente celebrativo: toalha na mesa, uma vela, o crucifixo, a B\u00edblia aberta. Tua casa \u00e9 a Igreja dom\u00e9stica.<\/li>\n<li>Evangelize<br \/>\nRe\u00fana tua fam\u00edlia para rezarem juntos: nada de barulho, distra\u00e7\u00f5es ou conversas paralelas.<\/li>\n<li>Participe ativa e efetivamente<br \/>\nRespondam e cante juntos a transmiss\u00e3o.<\/li>\n<li>Liturgia da Palavra<br \/>\nEscute a Palavra de Deus com o cora\u00e7\u00e3o aberto: ou\u00e7a ou acompanha as leituras na B\u00edblia, nos subs\u00eddios ou mesmo nos aplicativos de celular.<\/li>\n<li>Liturgia Eucar\u00edstica<br \/>\nCristo se faz presente com seu corpo, sangue, alma e divindade! Na consagra\u00e7\u00e3o, coloquem-se de joelhos, adorando piedosamente o Senhor.<\/li>\n<li>A Comunh\u00e3o Espiritual<br \/>\nReze a seguinte ora\u00e7\u00e3o, enquanto o padre comunga por si e pela comunidade paroquial.<br \/>\n<em>\u201cMeu Jesus,&nbsp;<\/em><br \/>\n<em>eu creio que estais presente&nbsp;<\/em><br \/>\n<em>no Sant\u00edssimo Sacramento.<\/em><em>Amo-Vos sobre todas as coisas<\/em><br \/>\n<em>e minha alma suspira por V\u00f3s, mas,&nbsp;<\/em><br \/>\n<em>como n\u00e3o posso receber-Vos agora,&nbsp;<\/em><br \/>\n<em>no Sant\u00edssimo Sacramento,<\/em><br \/>\n<em>vinde ao menos espiritualmente<\/em><br \/>\n<em>a meu cora\u00e7\u00e3o.<\/em><em>Abra\u00e7o-me convosco<\/em><br \/>\n<em>como se j\u00e1 estiv\u00e9sseis comigo:<\/em><br \/>\n<em>uno-me convosco inteiramente.<\/em><br \/>\n<em>N\u00e3o permitais que eu algum&nbsp;<\/em><br \/>\n<em>dia me separe de V\u00f3s.<\/em><em>\u00d3 Jesus, sumo bem<\/em><br \/>\n<em>e doce amor meu,<\/em><br \/>\n<em>inflamai meu cora\u00e7\u00e3o,<\/em><br \/>\n<em>a fim de que esteja<\/em><br \/>\n<em>para sempre abrasado<\/em><br \/>\n<em>em Vosso amor.<\/em><br \/>\n<em>Am\u00e9m!\u201d<\/em>(Ora\u00e7\u00e3o atribu\u00edda a Santo Afonso Maria de Lig\u00f3rio)<\/li>\n<li>Come\u00e7a a nossa miss\u00e3o<br \/>\nEncaminha o link da transmiss\u00e3o das missas para outras pessoas que n\u00e3o puderam acompanhar ao vivo. Anuncie o Querigma, compartilhando uma palavra de \u00e2nimo, de acordo com a Liturgia da Palavra, nos grupos que voc\u00ea faz parte.<\/li>\n<\/ol>\n<h3>Missas nos meios de comunica\u00e7\u00e3o<\/h3>\n<p>A Pastoral da Comunica\u00e7\u00e3o (Pascom-Brasil) fez um levantamento junto \u00e0s emissoras de televis\u00e3o de inspira\u00e7\u00e3o cat\u00f3lica para divulgar dias e hor\u00e1rios das missas televisionadas (confira abaixo). Algumas destas emissoras tamb\u00e9m oferecem a transmiss\u00e3o pela internet.<\/p>\n<p>O assessor da Comiss\u00e3o Episcopal Pastoral para a Liturgia da Confer\u00eancia Nacional dos Bispos do Brasil (CNBB), padre Leonardo Jos\u00e9 Pinheiro, recorda uma forma de estar em ora\u00e7\u00e3o e em sintonia com a Igreja \u00e9 por meio da medita\u00e7\u00e3o da Liturgia Di\u00e1ria sozinho ou em fam\u00edlia: \u201cmas \u00e9 bom lembrar, sem aglomera\u00e7\u00f5es ou sem reunir gente de fora\u201d, destaca padre Leonardo. Neste Tempo da Quaresma, al\u00e9m da liturgia do dia, \u00e9 poss\u00edvel intensificar a leitura e medita\u00e7\u00e3o da Palavra de Deus, o ter\u00e7o e a Via Sacra.<\/p>\n<h3>Comunh\u00e3o Espiritual<\/h3>\n<p>\u201cTodos s\u00e3o chamados, mesmo n\u00e3o comungando concretamente como fariam se estivessem nas celebra\u00e7\u00f5es, a fazer sua comunh\u00e3o espiritual, isto \u00e9, no momento da comunh\u00e3o em suas casas unirem seu cora\u00e7\u00e3o com toda a igreja cultivando no cora\u00e7\u00e3o o desejo de estar recebendo o corpo do Senhor e juntando sua prece \u00e0s preces de toda a Igreja, sobretudo para que se supere logo este momento da pandemia que estamos enfrentando. Estaremos assim unidos pela for\u00e7a da f\u00e9 e pelas ondas dos meios de comunica\u00e7\u00e3o\u201d, orienta o assessor da Comiss\u00e3o para a Liturgia da CNBB.<\/p>\n<h3>Restri\u00e7\u00f5es a aglomera\u00e7\u00f5es<\/h3>\n<p>Pensando na preven\u00e7\u00e3o ao novo coronav\u00edrus e acatando determina\u00e7\u00f5es e orienta\u00e7\u00f5es das autoridades, dioceses brasileiras t\u00eam dispensado os fi\u00e9is do preceito dominical e determinado que os padres celebrem de forma privada. Essas medidas significam que as missas com participa\u00e7\u00e3o do povo de Deus est\u00e3o suspensas e os padres celebrar\u00e3o sozinhos. At\u00e9 o 12h de 20 de mar\u00e7o, 33 arquidioceses, 82 dioceses, 2 prelazias e a administra\u00e7\u00e3o apost\u00f3lica pessoal S\u00e3o Jo\u00e3o Maria Vianey que suspenderam as missas com p\u00fablico.<\/p>\n<h3>Emissoras e hor\u00e1rios de missas<\/h3>\n<h4><img loading=\"lazy\" decoding=\"async\" class=\"alignleft wp-image-11234 \" src=\"https:\/\/pascombrasil.org.br\/wp-content\/uploads\/sites\/153\/2020\/03\/unnamed.png\" alt=\"\" width=\"183\" height=\"110\"><a href=\"http:\/\/www.tvhorizonte.com.br\/\">TV Horizonte<\/a><\/h4>\n<p>Domingo: 8h e 15h<br \/>\nSegunda a sexta-feira: 9h e 15h<br \/>\nS\u00e1bado: 15h<\/p>\n<p>&nbsp;<\/p>\n<h4><img loading=\"lazy\" decoding=\"async\" class=\"alignleft wp-image-11239 \" src=\"https:\/\/pascombrasil.org.br\/wp-content\/uploads\/sites\/153\/2020\/03\/LOGO-02-300x300.png\" alt=\"\" width=\"80\" height=\"80\"><a href=\"https:\/\/www.miliciadaimaculada.org.br\/tv-imaculada\">TV Imaculada<\/a><\/h4>\n<p>Todos os dias \u00e0s 7h<\/p>\n<p>&nbsp;<\/p>\n<h4><img loading=\"lazy\" decoding=\"async\" class=\" wp-image-11235 alignleft\" src=\"https:\/\/pascombrasil.org.br\/wp-content\/uploads\/sites\/153\/2020\/03\/logo-TV_3D_vertical-150x150.png\" alt=\"\" width=\"116\" height=\"116\"><a href=\"https:\/\/www.a12.com\/tv\">TV Aparecida<\/a><\/h4>\n<p>Domingo: 8h e 18h (Missa de Aparecida)<br \/>\nSegunda a sexta-feira: 6h45, 9h e 18h (Missa de Aparecida)<br \/>\nS\u00e1bado: 6h45 (Missa de Bom Jesus da Lapa) \/ 9h e 18h (Missa de Aparecida)<\/p>\n<p>&nbsp;<\/p>\n<h4><img loading=\"lazy\" decoding=\"async\" class=\"alignleft wp-image-11236 \" src=\"https:\/\/pascombrasil.org.br\/wp-content\/uploads\/sites\/153\/2020\/03\/TV-300x187.png\" alt=\"\" width=\"248\" height=\"155\"><a href=\"https:\/\/www.padrereginaldomanzotti.org.br\/rec\/tv-evangelizar\/\">TV Evangelizar<\/a><\/h4>\n<p>Domingo: 08h e 18h<br \/>\nSegunda e ter\u00e7a: 07h30 e 12h<br \/>\nQuarta-feira: 07h30, 12h e 16h30<br \/>\nQuinta-feira: 07h30 e 12h<br \/>\nSexta-feira: 07h30, 12h e 19h<br \/>\nS\u00e1bado: 12h<\/p>\n<p>&nbsp;<\/p>\n<h4><img loading=\"lazy\" decoding=\"async\" class=\"alignleft wp-image-11237 \" src=\"https:\/\/pascombrasil.org.br\/wp-content\/uploads\/sites\/153\/2020\/03\/marca_cancao_nova_azul_PNG-300x188.png\" alt=\"\" width=\"239\" height=\"149\"><a href=\"https:\/\/tv.cancaonova.com\/\">TV Can\u00e7\u00e3o Nova<\/a><\/h4>\n<p>Domingo a Domingo \u2013 7h (Santu\u00e1rio Pai das Miseric\u00f3rdias)<br \/>\nSegunda-feira: 7h (Santu\u00e1rio), 15h30 (Santu\u00e1rio), 19h30 (SP \u2013 Par\u00f3quia Santa C\u00e2ndida)<br \/>\nTer\u00e7a, quarta e sexta-feira: 7h e 20h (Santu\u00e1rio)<br \/>\nQuinta: 7h, 16h30 (Santu\u00e1rio) e 20h (TV CN de Aracaju) [no dia 19\/3, ser\u00e1 \u00e0s 19h30]<\/p>\n<p>&nbsp;<\/p>\n<h4><img loading=\"lazy\" decoding=\"async\" class=\"alignleft wp-image-11238 \" src=\"https:\/\/pascombrasil.org.br\/wp-content\/uploads\/sites\/153\/2020\/03\/Logo-FNC-300x239.png\" alt=\"\" width=\"138\" height=\"110\"><a href=\"http:\/\/www.fundacaonazare.com.br\/novoportal\/index.php?action=Canal.interna&amp;oCanal=6&amp;id=17&amp;classe=M\">Rede Nazar\u00e9<\/a><\/h4>\n<p>Domingo: 7h, 10h e 18h<br \/>\nSegunda a sexta-feira: 7h, 12h e 18h<br \/>\nS\u00e1bado: 9h e 12h<\/p>\n<p>&nbsp;<\/p>\n<p><img loading=\"lazy\" decoding=\"async\" class=\"alignleft wp-image-11247 \" src=\"https:\/\/pascombrasil.org.br\/wp-content\/uploads\/sites\/153\/2020\/03\/REDE_PAI_ETERNO_LOGOTIPOS-31-1-300x219.png\" alt=\"\" width=\"184\" height=\"135\"><a href=\"https:\/\/www.paieterno.com.br\/tv-pai-eterno\/\"><strong>TV Pai Eterno<\/strong><\/a><\/p>\n<p>Domingo: 6h, 8h, 10h e 17h30<br \/>\nSegunda a sexta-feira: 7h e 19h30<br \/>\nQuarta-feira \u2013 Hor\u00e1rio Especial: 9h<br \/>\nS\u00e1bado: 7h e 17h30<\/p>\n<p>&nbsp;<\/p>\n<h4><img loading=\"lazy\" decoding=\"async\" class=\"alignleft wp-image-11232 \" src=\"https:\/\/pascombrasil.org.br\/wp-content\/uploads\/sites\/153\/2020\/03\/Rede_Vida_logo-300x270.png\" alt=\"\" width=\"113\" height=\"102\"><a href=\"https:\/\/www.redevida.com.br\/\"><strong>Rede Vida<\/strong><\/a><\/h4>\n<p>Domingo: 8h e 17h30<br \/>\nSegunda a sexta: 6h55, 9h e 19h<br \/>\nS\u00e1bado: 7h, 9h, 15h e 17h30<\/p>\n<p>&nbsp;<\/p>\n<h4><img loading=\"lazy\" decoding=\"async\" class=\"alignleft wp-image-11233 \" src=\"https:\/\/pascombrasil.org.br\/wp-content\/uploads\/sites\/153\/2020\/03\/s%C3%A9culo-21.png\" alt=\"\" width=\"143\" height=\"108\"><a href=\"https:\/\/www.rs21.com.br\/\">TV S\u00e9culo 21<\/a><\/h4>\n<p>Domingo: 16h<br \/>\nSegunda a s\u00e1bado: 7h45<br \/>\nSexta-feira: 19h30<\/p>\n<p>Com informa\u00e7\u00f5es do site oficial da CNBB<\/p>\n","protected":false},"excerpt":{"rendered":"<p>Ontem, 19 de mar\u00e7o, dia de S\u00e3o Jos\u00e9, padroeiro da Cidade de Alto Piquiri (PR), na Diocese de Umuarama (PR), a missa foi transmitida pelas redes sociais da Par\u00f3quia S\u00e3o Jos\u00e9. A missa foi presidida pelo padre M\u00e1rio Augusto Sartori e concelebrada pelo padre Ant\u00f4nio Murilo Macedo da Luz. Devido \u00e0 pandemia do COVID-19, n\u00e3o&nbsp;<\/p>\n<p><a class=\"btn btn-style\" href=\"https:\/\/portalcatolico.net\/portal\/como-se-preparar-para-a-missa-em-casa-durante-a-quarentena-imposta-pelo-coronavirus\/\">Continue Reading<\/a><\/p>\n","protected":false},"author":2,"featured_media":68738,"comment_status":"open","ping_status":"open","sticky":false,"template":"","format":"standard","meta":{"footnotes":""},"categories":[3],"tags":[],"class_list":["post-68737","post","type-post","status-publish","format-standard","has-post-thumbnail","hentry","category-noticias_regionais"],"_links":{"self":[{"href":"https:\/\/portalcatolico.net\/portal\/wp-json\/wp\/v2\/posts\/68737","targetHints":{"allow":["GET"]}}],"collection":[{"href":"https:\/\/portalcatolico.net\/portal\/wp-json\/wp\/v2\/posts"}],"about":[{"href":"https:\/\/portalcatolico.net\/portal\/wp-json\/wp\/v2\/types\/post"}],"author":[{"embeddable":true,"href":"https:\/\/portalcatolico.net\/portal\/wp-json\/wp\/v2\/users\/2"}],"replies":[{"embeddable":true,"href":"https:\/\/portalcatolico.net\/portal\/wp-json\/wp\/v2\/comments?post=68737"}],"version-history":[{"count":2,"href":"https:\/\/portalcatolico.net\/portal\/wp-json\/wp\/v2\/posts\/68737\/revisions"}],"predecessor-version":[{"id":68744,"href":"https:\/\/portalcatolico.net\/portal\/wp-json\/wp\/v2\/posts\/68737\/revisions\/68744"}],"wp:featuredmedia":[{"embeddable":true,"href":"https:\/\/portalcatolico.net\/portal\/wp-json\/wp\/v2\/media\/68738"}],"wp:attachment":[{"href":"https:\/\/portalcatolico.net\/portal\/wp-json\/wp\/v2\/media?parent=68737"}],"wp:term":[{"taxonomy":"category","embeddable":true,"href":"https:\/\/portalcatolico.net\/portal\/wp-json\/wp\/v2\/categories?post=68737"},{"taxonomy":"post_tag","embeddable":true,"href":"https:\/\/portalcatolico.net\/portal\/wp-json\/wp\/v2\/tags?post=68737"}],"curies":[{"name":"wp","href":"https:\/\/api.w.org\/{rel}","templated":true}]}}