{"id":68681,"date":"2020-03-14T20:40:36","date_gmt":"2020-03-14T23:40:36","guid":{"rendered":"http:\/\/portalcatolico.net\/portal\/?p=68681"},"modified":"2020-03-14T20:44:15","modified_gmt":"2020-03-14T23:44:15","slug":"festividades-do-padroeiro-de-itabuna-confira-como-foi-a-quarta-noite-em-louvor-a-sao-jose","status":"publish","type":"post","link":"https:\/\/portalcatolico.net\/portal\/festividades-do-padroeiro-de-itabuna-confira-como-foi-a-quarta-noite-em-louvor-a-sao-jose\/","title":{"rendered":"Festividades do padroeiro de Itabuna: confira como foi a quarta noite em louvor a S\u00e3o Jos\u00e9!"},"content":{"rendered":"<p><img loading=\"lazy\" decoding=\"async\" class=\"size-medium wp-image-68684 alignleft\" src=\"http:\/\/portalcatolico.net\/portal\/wp-content\/uploads\/2020\/03\/IMG_3330-200x300.jpg\" alt=\"\" width=\"200\" height=\"300\" srcset=\"https:\/\/portalcatolico.net\/portal\/wp-content\/uploads\/2020\/03\/IMG_3330-200x300.jpg 200w, https:\/\/portalcatolico.net\/portal\/wp-content\/uploads\/2020\/03\/IMG_3330-768x1152.jpg 768w, https:\/\/portalcatolico.net\/portal\/wp-content\/uploads\/2020\/03\/IMG_3330-682x1024.jpg 682w, https:\/\/portalcatolico.net\/portal\/wp-content\/uploads\/2020\/03\/IMG_3330.jpg 1333w\" sizes=\"auto, (max-width: 200px) 100vw, 200px\" \/>As festividades em homenagem ao glorioso S\u00e3o Jos\u00e9, padroeiro da cidade, da diocese e da Catedral de Itabuna (BA), continuam. Nesta sexta-feira (13), aconteceu a quarta noite do noven\u00e1rio com o subtema &#8220;Chamados a&nbsp; vida fraterna&#8221;.&nbsp;Doc. CNBB 109 Cap 3. Este quarto dia do noven\u00e1rio foi&nbsp;dedicado a toda juventude de Itabuna.<br \/>\nOs convidados foram: Escolas Cat\u00f3licas e de inspira\u00e7\u00e3o Cat\u00f3lica; Movimentos&nbsp;Jovens&nbsp; Diocesanos; Movimento Escalada ; EJC- Encontro de Jovens com&nbsp;Cristo; Jovens F\u00e9; MEJ(Movimento Eucar\u00edstico Jovem);Minist\u00e9rio Jovens da&nbsp;RCC; Praesidium&nbsp; Jovem da Legi\u00e3o de Maria; Setor Juventude; Pastoral da&nbsp;Catequese Diocesana.<\/p>\n<p>Os&nbsp;respons\u00e1veis: Movimento&nbsp;Escalada e Pastoral da Catequese.<br \/>\nAtra\u00e7\u00e3o art\u00edstica na quermesse: Minist\u00e9rio de M\u00fasica do Movimento Escalada.<br \/>\nO convidado especial, Presidente da Celebra\u00e7\u00e3o\/Pregador foi o Excelent\u00edssimo&nbsp;e Reverend\u00edssimo Dom Mauro Montagnoli, CSS- Bispo da Diocese de Ilh\u00e9us, no litoral sul da Bahia. A santa missa&nbsp; teve in\u00edcio \u00e0s 19h com a&nbsp;presid\u00eancia do bispo Dom Mauro e concelebra\u00e7\u00e3o de: Dom Ceslau Stanula ,bispo&nbsp;em\u00e9rito da Diocese de Itabuna; Dom Carlos Alberto dos Santos, bispo&nbsp;da Diocese de Itabuna; Pe. Padre Gilvan Oliveira, p\u00e1roco da&nbsp;Par\u00f3quia Catedral de S\u00e3o Jos\u00e9; Pe. Frei Renato Fazi; Esmeraldo Sardinha, Di\u00e1cono&nbsp;<br \/>\nPermanente da Diocese.<\/p>\n<p>As festividades acontecem at\u00e9 o dia 19 de mar\u00e7o,&nbsp;com o tema central: &#8220;Senhor, que queres de mim?&#8221;&nbsp;E o lema:&nbsp;&#8220;Vem e segue-me&#8221; MT.19,21.<\/p>\n<p>Confira o \u00e1lbuns de fotos.<a href=\"https:\/\/www.facebook.com\/portalcatolicooficial\/?__tn__=%2CdK-R-R&amp;eid=ARAw878CPeXkMgmpnEmwhhWR9if35aeBavlTXD7-Beta6MeBuKqXz9pbrj1vfcyK47Kff-5mnJoIuH1d&amp;fref=mentions\"><strong>CLIQUE AQUI<\/strong><\/a><\/p>\n","protected":false},"excerpt":{"rendered":"<p>As festividades em homenagem ao glorioso S\u00e3o Jos\u00e9, padroeiro da cidade, da diocese e da Catedral de Itabuna (BA), continuam. Nesta sexta-feira (13), aconteceu a quarta noite do noven\u00e1rio com o subtema &#8220;Chamados a&nbsp; vida fraterna&#8221;.&nbsp;Doc. CNBB 109 Cap 3. Este quarto dia do noven\u00e1rio foi&nbsp;dedicado a toda juventude de Itabuna. Os convidados foram: Escolas&nbsp;<\/p>\n<p><a class=\"btn btn-style\" href=\"https:\/\/portalcatolico.net\/portal\/festividades-do-padroeiro-de-itabuna-confira-como-foi-a-quarta-noite-em-louvor-a-sao-jose\/\">Continue Reading<\/a><\/p>\n","protected":false},"author":2,"featured_media":68682,"comment_status":"open","ping_status":"open","sticky":false,"template":"","format":"standard","meta":{"footnotes":""},"categories":[68],"tags":[],"class_list":["post-68681","post","type-post","status-publish","format-standard","has-post-thumbnail","hentry","category-homilias"],"_links":{"self":[{"href":"https:\/\/portalcatolico.net\/portal\/wp-json\/wp\/v2\/posts\/68681","targetHints":{"allow":["GET"]}}],"collection":[{"href":"https:\/\/portalcatolico.net\/portal\/wp-json\/wp\/v2\/posts"}],"about":[{"href":"https:\/\/portalcatolico.net\/portal\/wp-json\/wp\/v2\/types\/post"}],"author":[{"embeddable":true,"href":"https:\/\/portalcatolico.net\/portal\/wp-json\/wp\/v2\/users\/2"}],"replies":[{"embeddable":true,"href":"https:\/\/portalcatolico.net\/portal\/wp-json\/wp\/v2\/comments?post=68681"}],"version-history":[{"count":3,"href":"https:\/\/portalcatolico.net\/portal\/wp-json\/wp\/v2\/posts\/68681\/revisions"}],"predecessor-version":[{"id":68686,"href":"https:\/\/portalcatolico.net\/portal\/wp-json\/wp\/v2\/posts\/68681\/revisions\/68686"}],"wp:featuredmedia":[{"embeddable":true,"href":"https:\/\/portalcatolico.net\/portal\/wp-json\/wp\/v2\/media\/68682"}],"wp:attachment":[{"href":"https:\/\/portalcatolico.net\/portal\/wp-json\/wp\/v2\/media?parent=68681"}],"wp:term":[{"taxonomy":"category","embeddable":true,"href":"https:\/\/portalcatolico.net\/portal\/wp-json\/wp\/v2\/categories?post=68681"},{"taxonomy":"post_tag","embeddable":true,"href":"https:\/\/portalcatolico.net\/portal\/wp-json\/wp\/v2\/tags?post=68681"}],"curies":[{"name":"wp","href":"https:\/\/api.w.org\/{rel}","templated":true}]}}