{"id":68675,"date":"2020-03-14T12:53:11","date_gmt":"2020-03-14T15:53:11","guid":{"rendered":"http:\/\/portalcatolico.net\/portal\/?p=68675"},"modified":"2020-03-14T12:53:11","modified_gmt":"2020-03-14T15:53:11","slug":"em-sintonia-com-orientacoes-medico-sanitarias-cnbb-reforca-praticas-para-evitar-avanco-do-coronavirus","status":"publish","type":"post","link":"https:\/\/portalcatolico.net\/portal\/em-sintonia-com-orientacoes-medico-sanitarias-cnbb-reforca-praticas-para-evitar-avanco-do-coronavirus\/","title":{"rendered":"Em sintonia com orienta\u00e7\u00f5es m\u00e9dico-sanit\u00e1rias, CNBB refor\u00e7a pr\u00e1ticas para evitar avan\u00e7o do coronav\u00edrus"},"content":{"rendered":"<p>Em fun\u00e7\u00e3o do avan\u00e7o da COVID-19 e em sintonia com as orienta\u00e7\u00f5es do Minist\u00e9rio da Sa\u00fade, a Confer\u00eancia Nacional dos Bispos do Brasil (CNBB) informa que est\u00e1 acompanhando, atentamente, o cen\u00e1rio de avan\u00e7o do coronav\u00edrus no pa\u00eds e as orienta\u00e7\u00f5es sanit\u00e1rias das autoridades m\u00e9dicas e governos. \u00c9 importante destacar ainda que a entidade n\u00e3o indica normas para as dioceses, ou seja, cada local deve observar sua realidade e indicar as provid\u00eancias necess\u00e1rias.<\/p>\n<p>O Minist\u00e9rio da Sa\u00fade recomendou, a partir de&nbsp; hoje, 13 de mar\u00e7o, que eventos com concentra\u00e7\u00e3o pr\u00f3ximas de pessoas \u2013 sejam governamentais, esportivos, art\u00edsticos, culturais, pol\u00edticos, cient\u00edficos, comerciais ou religiosos \u2013 sejam cancelados ou adiados, se houver tempo h\u00e1bil. Se isso n\u00e3o for poss\u00edvel, a recomenda\u00e7\u00e3o \u00e9 que o evento ocorra sem p\u00fablico.<\/p>\n<p>Cabe, portanto, aos bispos locais orientarem seus diocesanos a observarem as regras de higiene compat\u00edveis com o momento, o que vem acontecendo desde a divulga\u00e7\u00e3o da chegada do v\u00edrus no pa\u00eds. A grande maioria das dioceses est\u00e1 adotando tr\u00eas medidas b\u00e1sicas em comum para evitar a propaga\u00e7\u00e3o da doen\u00e7a: n\u00e3o realizar o \u201cabra\u00e7o da paz\u201d, evitar segurar nas m\u00e3os na ora\u00e7\u00e3o do Pai Nosso e orientar os fi\u00e9is a receberem a h\u00f3stia na m\u00e3o na hora da comunh\u00e3o.<\/p>\n<p>Em&nbsp;comunicado p\u00fablico, deste 13 de mar\u00e7o, o administrador apost\u00f3lico de Bras\u00edlia, cardeal S\u00e9rgio da Rocha, reafirmou a necessidade de a Igreja colaborar, com responsabilidade, para a preven\u00e7\u00e3o da propaga\u00e7\u00e3o do coronav\u00edrus, tomando as medidas necess\u00e1rias no \u00e2mbito da Arquidiocese de Bras\u00edlia.<\/p>\n<p>O cardeal informou que enquanto durar a pandemia, em Bras\u00edlia ser\u00e1 reafirmada a postura pastoral adotada em outras dioceses do Brasil. O arcebispo disse que ser\u00e3o adiados os eventos programados com previs\u00e3o de grande n\u00famero de pessoas. Contudo, as missas continuam a ser celebradas.&nbsp;&nbsp;<em>\u201cContinuaremos atentos \u00e0s orienta\u00e7\u00f5es das autoridades de sa\u00fade p\u00fablica para adotar outras medidas que se fizerem necess\u00e1rias, devendo ser oportunamente comunicadas a todos\u201d<\/em>, diz o comunicado.<\/p>\n<p><a href=\"https:\/\/www.cnbb.org.br\/cnbb-toma-medidas-para-evitar-avanco-do-coronavirus\/coletiva-peruzzo-682x1024\/\"><img loading=\"lazy\" decoding=\"async\" class=\"alignleft wp-image-235096 size-medium\" src=\"https:\/\/www.cnbb.org.br\/wp-content\/uploads\/sites\/32\/2020\/03\/coletiva-peruzzo-682x1024-1-200x300.jpg\" srcset=\"https:\/\/www.cnbb.org.br\/wp-content\/uploads\/sites\/32\/2020\/03\/coletiva-peruzzo-682x1024-1-200x300.jpg 200w, https:\/\/www.cnbb.org.br\/wp-content\/uploads\/sites\/32\/2020\/03\/coletiva-peruzzo-682x1024-1.jpg 682w\" alt=\"\" width=\"200\" height=\"300\"><\/a>O arcebispo de Curitiba e vice-presidente da CNBB Sul 2, dom Jos\u00e9 Ant\u00f4nio Peruzzo, atendeu jornalistas nesta quinta-feira, 12 de mar\u00e7o, na C\u00faria Metropolitana de Curitiba para comentar sobre orienta\u00e7\u00f5es e medidas recomendadas \u00e0s par\u00f3quias e comunidades cat\u00f3licas frente \u00e0s preocupa\u00e7\u00f5es atuais de cont\u00e1gio do novo coronav\u00edrus. O pronunciamento foi realizado como forma de atender simultaneamente aos pedidos de informa\u00e7\u00e3o sobre o assunto que chegam \u00e0 arquidiocese especialmente desde o dia 11 de mar\u00e7o.<\/p>\n<p>Em comunh\u00e3o com&nbsp;<a href=\"https:\/\/drive.google.com\/file\/d\/1hHw3MjG-46f60sny_9osujBJouCdXCov\/view\">a nota j\u00e1 divulgada pelos bispos da Igreja do Paran\u00e1,<\/a>&nbsp;dom Peruzzo pediu serenidade a todos, esclarecendo que toda a programa\u00e7\u00e3o de missas e celebra\u00e7\u00f5es est\u00e1 mantida em Curitiba. \u201cO temor nunca oferece bons conselhos na hora da decis\u00e3o. O medo nunca enseja reflex\u00f5es sensatas. O grande caminho \u00e9 seguir as palavras das autoridades sanit\u00e1rias e especialistas que est\u00e3o a repetir que o melhor caminho \u00e9 a preven\u00e7\u00e3o, mas n\u00e3o a preven\u00e7\u00e3o apavorada\u201d.<\/p>\n<p>Entre as medidas \u00e0s par\u00f3quias e comunidades, listou:<br \/>\n\u2013 Aos padres e ministros, distribuir a comunh\u00e3o somente na m\u00e3o e garantindo que o fiel comungue diante do ministro;<br \/>\n\u2013 Aos fi\u00e9is, evitar o aperto de m\u00e3os durante a acolhida ou na sa\u00edda da igreja;<br \/>\n\u2013 N\u00e3o dar as m\u00e3os durante a ora\u00e7\u00e3o do Pai nosso;<br \/>\n\u2013 N\u00e3o realizar o abra\u00e7o da paz.<\/p>\n<p>Falou ainda da recomenda\u00e7\u00e3o de que os fi\u00e9is n\u00e3o fa\u00e7am o contato na \u00e1gua benta presente em algumas par\u00f3quias, recomendando tamb\u00e9m aos p\u00e1rocos que retirem a \u00e1gua dos recipientes durante este per\u00edodo.<\/p>\n<p>Refor\u00e7ou que os fi\u00e9is devem conhecer e seguir as recomenda\u00e7\u00f5es das autoridades sanit\u00e1rias, entre elas:&nbsp;<strong>a) Higienizar as m\u00e3os<\/strong>, muitas vezes, com \u00e1gua e sab\u00e3o ou \u00e1lcool em gel;&nbsp;<strong>b) Utilizar len\u00e7o descart\u00e1vel para higiene nasal<\/strong>;&nbsp;<strong>c) Proteger com len\u00e7os<\/strong>&nbsp;(preferencialmente descart\u00e1veis a cada uso) a boca e o nariz ao tossir ou espirrar;&nbsp;<strong>d) Evitar tocar no nariz ou boca, ap\u00f3s o contato com superf\u00edcies<\/strong>;&nbsp;<strong>e) Manter os ambientes bem ventilados;<\/strong>&nbsp;<strong>Repouso, alimenta\u00e7\u00e3o balanceada e ingest\u00e3o de l\u00edquidos<\/strong>.<\/p>\n<p><a href=\"https:\/\/www.cnbb.org.br\/cnbb-toma-medidas-para-evitar-avanco-do-coronavirus\/como-lavar-as-ma%cc%83os-corretamente\/\"><img loading=\"lazy\" decoding=\"async\" class=\"size-large wp-image-235094 aligncenter\" src=\"https:\/\/www.cnbb.org.br\/wp-content\/uploads\/sites\/32\/2020\/03\/Como-lavar-as-ma%CC%83os-corretamente-1024x434.jpg\" srcset=\"https:\/\/www.cnbb.org.br\/wp-content\/uploads\/sites\/32\/2020\/03\/Como-lavar-as-ma\u0303os-corretamente-1024x434.jpg 1024w, https:\/\/www.cnbb.org.br\/wp-content\/uploads\/sites\/32\/2020\/03\/Como-lavar-as-ma\u0303os-corretamente-300x127.jpg 300w, https:\/\/www.cnbb.org.br\/wp-content\/uploads\/sites\/32\/2020\/03\/Como-lavar-as-ma\u0303os-corretamente-768x325.jpg 768w, https:\/\/www.cnbb.org.br\/wp-content\/uploads\/sites\/32\/2020\/03\/Como-lavar-as-ma\u0303os-corretamente.jpg 1180w\" alt=\"\" width=\"900\" height=\"381\"><\/a><\/p>\n<div class=\"portland-post-tags\">Com informa\u00e7\u00f5es do site oficial da CNBB<\/div>\n","protected":false},"excerpt":{"rendered":"<p>Em fun\u00e7\u00e3o do avan\u00e7o da COVID-19 e em sintonia com as orienta\u00e7\u00f5es do Minist\u00e9rio da Sa\u00fade, a Confer\u00eancia Nacional dos Bispos do Brasil (CNBB) informa que est\u00e1 acompanhando, atentamente, o cen\u00e1rio de avan\u00e7o do coronav\u00edrus no pa\u00eds e as orienta\u00e7\u00f5es sanit\u00e1rias das autoridades m\u00e9dicas e governos. \u00c9 importante destacar ainda que a entidade n\u00e3o indica&nbsp;<\/p>\n<p><a class=\"btn btn-style\" href=\"https:\/\/portalcatolico.net\/portal\/em-sintonia-com-orientacoes-medico-sanitarias-cnbb-reforca-praticas-para-evitar-avanco-do-coronavirus\/\">Continue Reading<\/a><\/p>\n","protected":false},"author":2,"featured_media":68676,"comment_status":"open","ping_status":"open","sticky":false,"template":"","format":"standard","meta":{"footnotes":""},"categories":[3],"tags":[],"class_list":["post-68675","post","type-post","status-publish","format-standard","has-post-thumbnail","hentry","category-noticias_regionais"],"_links":{"self":[{"href":"https:\/\/portalcatolico.net\/portal\/wp-json\/wp\/v2\/posts\/68675","targetHints":{"allow":["GET"]}}],"collection":[{"href":"https:\/\/portalcatolico.net\/portal\/wp-json\/wp\/v2\/posts"}],"about":[{"href":"https:\/\/portalcatolico.net\/portal\/wp-json\/wp\/v2\/types\/post"}],"author":[{"embeddable":true,"href":"https:\/\/portalcatolico.net\/portal\/wp-json\/wp\/v2\/users\/2"}],"replies":[{"embeddable":true,"href":"https:\/\/portalcatolico.net\/portal\/wp-json\/wp\/v2\/comments?post=68675"}],"version-history":[{"count":1,"href":"https:\/\/portalcatolico.net\/portal\/wp-json\/wp\/v2\/posts\/68675\/revisions"}],"predecessor-version":[{"id":68677,"href":"https:\/\/portalcatolico.net\/portal\/wp-json\/wp\/v2\/posts\/68675\/revisions\/68677"}],"wp:featuredmedia":[{"embeddable":true,"href":"https:\/\/portalcatolico.net\/portal\/wp-json\/wp\/v2\/media\/68676"}],"wp:attachment":[{"href":"https:\/\/portalcatolico.net\/portal\/wp-json\/wp\/v2\/media?parent=68675"}],"wp:term":[{"taxonomy":"category","embeddable":true,"href":"https:\/\/portalcatolico.net\/portal\/wp-json\/wp\/v2\/categories?post=68675"},{"taxonomy":"post_tag","embeddable":true,"href":"https:\/\/portalcatolico.net\/portal\/wp-json\/wp\/v2\/tags?post=68675"}],"curies":[{"name":"wp","href":"https:\/\/api.w.org\/{rel}","templated":true}]}}