{"id":68475,"date":"2020-02-14T20:15:27","date_gmt":"2020-02-14T23:15:27","guid":{"rendered":"http:\/\/portalcatolico.net\/portal\/?p=68475"},"modified":"2020-02-17T20:16:05","modified_gmt":"2020-02-17T23:16:05","slug":"aconteceu-a-primeira-formacao-de-assessores-de-catequese-da-sub-regiao-6-em-itabuna","status":"publish","type":"post","link":"https:\/\/portalcatolico.net\/portal\/aconteceu-a-primeira-formacao-de-assessores-de-catequese-da-sub-regiao-6-em-itabuna\/","title":{"rendered":"Aconteceu a Primeira Forma\u00e7\u00e3o de Assessores de Catequese da sub-regi\u00e3o 6 em Itabuna"},"content":{"rendered":"<p>Aconteceu no dia 08\/02 a primeira Forma\u00e7\u00e3o de Assessores de Catequese da Sub Regi\u00e3o 6, realizada na Diocese de Itabuna, no sul da Bahia, com catequistas das Dioceses de Itabuna e Ilh\u00e9us. O Assessor formador foi o Pe. &nbsp;Ant\u00f4nio Martins da Diocese de Eun\u00e1polis, no extremo sul baiano. Registra-se a assist\u00eancia de Dom Carlos Alberto, bispo da Diocese de Itabuna, presen\u00e7a e apoio na catequese e forma\u00e7\u00f5es, como caracter\u00edstica forte sua. Essa a\u00e7\u00e3o \u00e9 proposta concretizada do Projeto de Pastoral da Sub 6, aprovado em setembro de 2019.<\/p>\n<p>Por quest\u00f5es geogr\u00e1ficas, essa forma\u00e7\u00e3o abra\u00e7a as Dioceses de Ilh\u00e9us e Itabuna e no dia 07\/03 ser\u00e1 a vez de Teixeira e Eun\u00e1polis. Ressalta-se, tamb\u00e9m, que 70% desses catequistas j\u00e1 fizeram ou est\u00e3o cursando a Escola B\u00edblico-Catequ\u00e9tica Dom Jairo. Nas palavras do catequista Fl\u00e1vio \u00cdris, coordenador da sub 6, &#8220;Sempre focamos na forma\u00e7\u00e3o de nossos catequistas. Percebemos que est\u00e1vamos buscando fora o que poder\u00edamos encontrar dentro de nossa Sub, da\u00ed surgiu o desejo de capacitar catequistas para atender essa nossa demanda de assessores para as forma\u00e7\u00f5es dos outros catequistas. Buscando capacitar a &#8216;prata da casa&#8217; criamos sinergia isto \u00e9, coopera\u00e7\u00e3o e coes\u00e3o no servi\u00e7o pastoral. Bem como identifica\u00e7\u00e3o, ou seja, catequistas formando catequistas gera uma a\u00e7\u00e3o de assimilar qualidades um do outro a caminho de convers\u00e3o pessoal e comunit\u00e1ria. Assim descobrimos juntos novos e frutuosos dons que Deus nos d\u00e1 para melhor servir aos irm\u00e3os&#8221;.<\/p>\n<p>Outras informa\u00e7\u00f5es e fotos,no link a seguir:<a href=\"https:\/\/m.facebook.com\/story.php?story_fbid=2715871768538341&amp;id=449641821828025\">https:\/\/m.facebook.com\/story.php?story_fbid=2715871768538341&amp;id=449641821828025<\/a><\/p>\n","protected":false},"excerpt":{"rendered":"<p>Aconteceu no dia 08\/02 a primeira Forma\u00e7\u00e3o de Assessores de Catequese da Sub Regi\u00e3o 6, realizada na Diocese de Itabuna, no sul da Bahia, com catequistas das Dioceses de Itabuna e Ilh\u00e9us. O Assessor formador foi o Pe. &nbsp;Ant\u00f4nio Martins da Diocese de Eun\u00e1polis, no extremo sul baiano. Registra-se a assist\u00eancia de Dom Carlos Alberto,&nbsp;<\/p>\n<p><a class=\"btn btn-style\" href=\"https:\/\/portalcatolico.net\/portal\/aconteceu-a-primeira-formacao-de-assessores-de-catequese-da-sub-regiao-6-em-itabuna\/\">Continue Reading<\/a><\/p>\n","protected":false},"author":2,"featured_media":68477,"comment_status":"open","ping_status":"open","sticky":false,"template":"","format":"standard","meta":{"footnotes":""},"categories":[4],"tags":[],"class_list":["post-68475","post","type-post","status-publish","format-standard","has-post-thumbnail","hentry","category-destaques"],"_links":{"self":[{"href":"https:\/\/portalcatolico.net\/portal\/wp-json\/wp\/v2\/posts\/68475","targetHints":{"allow":["GET"]}}],"collection":[{"href":"https:\/\/portalcatolico.net\/portal\/wp-json\/wp\/v2\/posts"}],"about":[{"href":"https:\/\/portalcatolico.net\/portal\/wp-json\/wp\/v2\/types\/post"}],"author":[{"embeddable":true,"href":"https:\/\/portalcatolico.net\/portal\/wp-json\/wp\/v2\/users\/2"}],"replies":[{"embeddable":true,"href":"https:\/\/portalcatolico.net\/portal\/wp-json\/wp\/v2\/comments?post=68475"}],"version-history":[{"count":1,"href":"https:\/\/portalcatolico.net\/portal\/wp-json\/wp\/v2\/posts\/68475\/revisions"}],"predecessor-version":[{"id":68478,"href":"https:\/\/portalcatolico.net\/portal\/wp-json\/wp\/v2\/posts\/68475\/revisions\/68478"}],"wp:featuredmedia":[{"embeddable":true,"href":"https:\/\/portalcatolico.net\/portal\/wp-json\/wp\/v2\/media\/68477"}],"wp:attachment":[{"href":"https:\/\/portalcatolico.net\/portal\/wp-json\/wp\/v2\/media?parent=68475"}],"wp:term":[{"taxonomy":"category","embeddable":true,"href":"https:\/\/portalcatolico.net\/portal\/wp-json\/wp\/v2\/categories?post=68475"},{"taxonomy":"post_tag","embeddable":true,"href":"https:\/\/portalcatolico.net\/portal\/wp-json\/wp\/v2\/tags?post=68475"}],"curies":[{"name":"wp","href":"https:\/\/api.w.org\/{rel}","templated":true}]}}