{"id":68468,"date":"2020-02-15T19:43:50","date_gmt":"2020-02-15T22:43:50","guid":{"rendered":"http:\/\/portalcatolico.net\/portal\/?p=68468"},"modified":"2020-02-16T19:44:15","modified_gmt":"2020-02-16T22:44:15","slug":"desrespeito-a-fe-crista","status":"publish","type":"post","link":"https:\/\/portalcatolico.net\/portal\/desrespeito-a-fe-crista\/","title":{"rendered":"Desrespeito \u00e0 f\u00e9 crist\u00e3"},"content":{"rendered":"<p>Em meio \u00e0s festividades natalinas, tivemos o desprazer de tomar conhecimento de graves ofensas \u00e0 f\u00e9 crist\u00e3 aqui em nosso pa\u00eds. Para quem n\u00e3o tem f\u00e9 ou n\u00e3o \u00e9 crist\u00e3o, \u00e9 dif\u00edcil imaginar o lugar que Jesus Cristo ocupa em nossa vida. Ele \u00e9 o Filho de Deus, o enviado do Pai, o Salvador. Ele \u00e9 o nosso Senhor. Nossa vida gira em torno dele. Por ele fazemos op\u00e7\u00f5es e ren\u00fancias, assumimos compromissos e nos dedicamos a causas a que ele se dedicou. Longe de, com isso, perdermos a consci\u00eancia de nossas limita\u00e7\u00f5es e fraquezas pessoais, com renovada disposi\u00e7\u00e3o nos voltamos para ele, que antecipou a todos: \u201cSem mim, nada podeis fazer!\u201d Doeu, pois, em nosso cora\u00e7\u00e3o as ofensas que lhe foram dirigidas.<\/p>\n<p>Em resposta a tais ofensas, a Igreja Cat\u00f3lica se manifestou atrav\u00e9s de uma Nota da Presid\u00eancia da CNBB. Percebi que, em meio a tantas resenhas de final de ano, e a not\u00edcias do mundo pol\u00edtico, tal pronunciamento passou quase que despercebido pela grande Imprensa. Por isso, o reproduzo a seguir. &nbsp;<\/p>\n<p>\u201cA Confer\u00eancia Nacional dos Bispos do Brasil (CNBB) repudia recentes fatos que, em nome da liberdade de express\u00e3o e da criatividade art\u00edstica, agridem profundamente a f\u00e9 crist\u00e3. Ridicularizar a cren\u00e7a de um grupo, seja ele qual for, al\u00e9m de constituir il\u00edcito previsto na legisla\u00e7\u00e3o penal, significa desrespeitar todas as pessoas, ferindo a busca por uma sociedade efetivamente democr\u00e1tica, que valoriza todos os seus cidad\u00e3os.<\/p>\n<p>A Igreja nunca deixou de promover a arte e a liberdade de express\u00e3o. Por isso, a CNBB reitera que toda produ\u00e7\u00e3o art\u00edstica respeite \u201cos sentimentos de um povo ou de grupos que vivem valores, muitas vezes, revestidos de uma sacralidade inviol\u00e1vel\u201d. Quando h\u00e1 desrespeito em produ\u00e7\u00f5es midi\u00e1ticas, os meios de comunica\u00e7\u00e3o tornam-se violentos, verdadeiras armas que contribuem para ridicularizar e matar os valores mais profundos de um povo.<br \/>\nVivemos em uma sociedade pluralista. Nem todos t\u00eam as mesmas cren\u00e7as. Devemos, no entanto, como exig\u00eancia \u00e9tica e democr\u00e1tica, respeitar todas as pessoas. Nada permite a quem quer que seja o direito de vilipendiar cren\u00e7as, atingindo vidas. O direito \u00e0 liberdade de express\u00e3o n\u00e3o anula o respeito \u00e0s pessoas e aos seus valores.<\/p>\n<p>Neste tempo de Advento, somos convocados a permanecer firmes na f\u00e9, constantes na esperan\u00e7a e ass\u00edduos na caridade. N\u00e3o podemos nos deixar conduzir por atitudes de quem, utilizando a intelig\u00eancia recebida de Deus, agride esse mesmo Deus. Um dia, haveremos de prestar contas de todos os nossos atos.<\/p>\n<p>Diante, pois, dessas agress\u00f5es, respeitando a autonomia de cada pessoa a reagir conforme sua consci\u00eancia, a CNBB clama a todos os cidad\u00e3os brasileiros a se unirem por um pa\u00eds com mais justi\u00e7a, paz, respeito e fraternidade&#8221;.<\/p>\n<p><strong>Dom Murilo S.R. Krieger, scj<\/strong><br \/>\nArcebispo de S\u00e3o Salvador da Bahia \u2013 Primaz do Brasil&nbsp;<\/p>\n<p>Fonte: F\u00e9 Cat\u00f3lica<\/p>\n","protected":false},"excerpt":{"rendered":"<p>Em meio \u00e0s festividades natalinas, tivemos o desprazer de tomar conhecimento de graves ofensas \u00e0 f\u00e9 crist\u00e3 aqui em nosso pa\u00eds. Para quem n\u00e3o tem f\u00e9 ou n\u00e3o \u00e9 crist\u00e3o, \u00e9 dif\u00edcil imaginar o lugar que Jesus Cristo ocupa em nossa vida. Ele \u00e9 o Filho de Deus, o enviado do Pai, o Salvador. Ele&nbsp;<\/p>\n<p><a class=\"btn btn-style\" href=\"https:\/\/portalcatolico.net\/portal\/desrespeito-a-fe-crista\/\">Continue Reading<\/a><\/p>\n","protected":false},"author":2,"featured_media":68469,"comment_status":"open","ping_status":"open","sticky":false,"template":"","format":"standard","meta":{"footnotes":""},"categories":[69],"tags":[],"class_list":["post-68468","post","type-post","status-publish","format-standard","has-post-thumbnail","hentry","category-artigos"],"_links":{"self":[{"href":"https:\/\/portalcatolico.net\/portal\/wp-json\/wp\/v2\/posts\/68468","targetHints":{"allow":["GET"]}}],"collection":[{"href":"https:\/\/portalcatolico.net\/portal\/wp-json\/wp\/v2\/posts"}],"about":[{"href":"https:\/\/portalcatolico.net\/portal\/wp-json\/wp\/v2\/types\/post"}],"author":[{"embeddable":true,"href":"https:\/\/portalcatolico.net\/portal\/wp-json\/wp\/v2\/users\/2"}],"replies":[{"embeddable":true,"href":"https:\/\/portalcatolico.net\/portal\/wp-json\/wp\/v2\/comments?post=68468"}],"version-history":[{"count":1,"href":"https:\/\/portalcatolico.net\/portal\/wp-json\/wp\/v2\/posts\/68468\/revisions"}],"predecessor-version":[{"id":68470,"href":"https:\/\/portalcatolico.net\/portal\/wp-json\/wp\/v2\/posts\/68468\/revisions\/68470"}],"wp:featuredmedia":[{"embeddable":true,"href":"https:\/\/portalcatolico.net\/portal\/wp-json\/wp\/v2\/media\/68469"}],"wp:attachment":[{"href":"https:\/\/portalcatolico.net\/portal\/wp-json\/wp\/v2\/media?parent=68468"}],"wp:term":[{"taxonomy":"category","embeddable":true,"href":"https:\/\/portalcatolico.net\/portal\/wp-json\/wp\/v2\/categories?post=68468"},{"taxonomy":"post_tag","embeddable":true,"href":"https:\/\/portalcatolico.net\/portal\/wp-json\/wp\/v2\/tags?post=68468"}],"curies":[{"name":"wp","href":"https:\/\/api.w.org\/{rel}","templated":true}]}}