{"id":68464,"date":"2020-02-16T11:36:42","date_gmt":"2020-02-16T14:36:42","guid":{"rendered":"http:\/\/portalcatolico.net\/portal\/?p=68464"},"modified":"2020-02-16T19:37:37","modified_gmt":"2020-02-16T22:37:37","slug":"ibicarai-paroquianos-parabenizam-padre-pelo-seu-aniversario","status":"publish","type":"post","link":"https:\/\/portalcatolico.net\/portal\/ibicarai-paroquianos-parabenizam-padre-pelo-seu-aniversario\/","title":{"rendered":"Ibicara\u00ed-Paroquianos parabenizam padre pelo seu anivers\u00e1rio"},"content":{"rendered":"<p><img loading=\"lazy\" decoding=\"async\" class=\"size-medium wp-image-68466 alignleft\" src=\"http:\/\/portalcatolico.net\/portal\/wp-content\/uploads\/2020\/02\/86738693_2579681262356016_228325649775853568_n-300x225.jpg\" alt=\"\" width=\"300\" height=\"225\" srcset=\"https:\/\/portalcatolico.net\/portal\/wp-content\/uploads\/2020\/02\/86738693_2579681262356016_228325649775853568_n-300x225.jpg 300w, https:\/\/portalcatolico.net\/portal\/wp-content\/uploads\/2020\/02\/86738693_2579681262356016_228325649775853568_n-768x576.jpg 768w, https:\/\/portalcatolico.net\/portal\/wp-content\/uploads\/2020\/02\/86738693_2579681262356016_228325649775853568_n.jpg 960w\" sizes=\"auto, (max-width: 300px) 100vw, 300px\" \/><\/p>\n<p>Pe. Wesley do Carmo,par\u00f3quia Senhor Deus Menino em Ibicara\u00ed (BA), os teus filhos espirituais se regozijam neste dia t\u00e3o especial, em que comemorarmos mais um ano da tua vida. \u00c9s um verdadeiro disc\u00edpulo de Jesus! \u00c9s um homem honrado, que mudou a rotina de toda uma comunidade com os teus serm\u00f5es, reflex\u00f5es, homilias e aconselhamentos!<br \/>\nAs tuas a\u00e7\u00f5es revelam a cada dia esse \u201cSIM\u201d dado ao chamado de Deus!<br \/>\nSabes e nos ensina para que veio, por que est\u00e1s aqui.<br \/>\nO reino de Deus cresce a cada dia com mensageiros da Paz e da Alegria como<span class=\"text_exposed_show\">&nbsp;esse que Ele nos enviou.<br \/>\nOremos\/rezemos para que tenhas cada vez mais SABEDORIA, SA\u00daDE e F\u00c9 para falar sobre o Senhor, pq \u00e9s um ser humano que acalma todos os cora\u00e7\u00f5es e nos inspira para que sejamos cada vez melhores e nos humanizemos mais!<br \/>\nFelicidades!<br \/>\nDeus te aben\u00e7oe!<br \/>\nTexto e fotos: PASCOM<\/span><\/p>\n","protected":false},"excerpt":{"rendered":"<p>Pe. Wesley do Carmo,par\u00f3quia Senhor Deus Menino em Ibicara\u00ed (BA), os teus filhos espirituais se regozijam neste dia t\u00e3o especial, em que comemorarmos mais um ano da tua vida. \u00c9s um verdadeiro disc\u00edpulo de Jesus! \u00c9s um homem honrado, que mudou a rotina de toda uma comunidade com os teus serm\u00f5es, reflex\u00f5es, homilias e aconselhamentos!&nbsp;<\/p>\n<p><a class=\"btn btn-style\" href=\"https:\/\/portalcatolico.net\/portal\/ibicarai-paroquianos-parabenizam-padre-pelo-seu-aniversario\/\">Continue Reading<\/a><\/p>\n","protected":false},"author":2,"featured_media":68465,"comment_status":"open","ping_status":"open","sticky":false,"template":"","format":"standard","meta":{"footnotes":""},"categories":[4],"tags":[],"class_list":["post-68464","post","type-post","status-publish","format-standard","has-post-thumbnail","hentry","category-destaques"],"_links":{"self":[{"href":"https:\/\/portalcatolico.net\/portal\/wp-json\/wp\/v2\/posts\/68464","targetHints":{"allow":["GET"]}}],"collection":[{"href":"https:\/\/portalcatolico.net\/portal\/wp-json\/wp\/v2\/posts"}],"about":[{"href":"https:\/\/portalcatolico.net\/portal\/wp-json\/wp\/v2\/types\/post"}],"author":[{"embeddable":true,"href":"https:\/\/portalcatolico.net\/portal\/wp-json\/wp\/v2\/users\/2"}],"replies":[{"embeddable":true,"href":"https:\/\/portalcatolico.net\/portal\/wp-json\/wp\/v2\/comments?post=68464"}],"version-history":[{"count":1,"href":"https:\/\/portalcatolico.net\/portal\/wp-json\/wp\/v2\/posts\/68464\/revisions"}],"predecessor-version":[{"id":68467,"href":"https:\/\/portalcatolico.net\/portal\/wp-json\/wp\/v2\/posts\/68464\/revisions\/68467"}],"wp:featuredmedia":[{"embeddable":true,"href":"https:\/\/portalcatolico.net\/portal\/wp-json\/wp\/v2\/media\/68465"}],"wp:attachment":[{"href":"https:\/\/portalcatolico.net\/portal\/wp-json\/wp\/v2\/media?parent=68464"}],"wp:term":[{"taxonomy":"category","embeddable":true,"href":"https:\/\/portalcatolico.net\/portal\/wp-json\/wp\/v2\/categories?post=68464"},{"taxonomy":"post_tag","embeddable":true,"href":"https:\/\/portalcatolico.net\/portal\/wp-json\/wp\/v2\/tags?post=68464"}],"curies":[{"name":"wp","href":"https:\/\/api.w.org\/{rel}","templated":true}]}}