{"id":68420,"date":"2020-02-15T00:34:10","date_gmt":"2020-02-15T03:34:10","guid":{"rendered":"http:\/\/portalcatolico.net\/portal\/?p=68420"},"modified":"2020-02-14T20:35:51","modified_gmt":"2020-02-14T23:35:51","slug":"catolicos-participam-de-retiros-espirituais-durante-o-carnaval-2","status":"publish","type":"post","link":"https:\/\/portalcatolico.net\/portal\/catolicos-participam-de-retiros-espirituais-durante-o-carnaval-2\/","title":{"rendered":"Cat\u00f3licos participam de retiros espirituais durante o carnaval"},"content":{"rendered":"<p>Com o objetivo de vivenciar momentos mais intensos de aproxima\u00e7\u00e3o com Deus, in\u00fameros fi\u00e9is participam de retiros espirituais durante o per\u00edodo do carnaval. Na Arquidiocese de Salvador, grupos, movimentos, pastorais, comunidades de vida e congrega\u00e7\u00f5es religiosas organizam encontros e forma\u00e7\u00f5es marcados pelo louvor, ora\u00e7\u00e3o, adora\u00e7\u00e3o ao Sant\u00edssimo Sacramento e Missas.<\/p>\n<p>Um destes retiros ser\u00e1 promovido pelo Mosteiro do Salvador (Alto de Coutos) e ter\u00e1 como tema \u201cEucaristia, amou at\u00e9 o fim\u201d, conduzido pelo bispo auxiliar da Arquidiocese de Salvador, Dom Marco Eug\u00eanio Galr\u00e3o Leite de Almeida. O encontro acontecer\u00e1 de 21 a 26 de fevereiro e, para confirmar a presen\u00e7a, o interessado deve entrar em contato pelos telefones (71) 99192-9683 \/ 98334-1355.<\/p>\n<p>De 23 a 25 de fevereiro, todos os dias a partir das 16h, ser\u00e1 realizado o retiro de carnaval da Comunidade Kadosh. Conhecido como \u201cViva pro Alto\u201d, o encontro ter\u00e1 como tema \u201cQuem como Deus?\u201d e acontecer\u00e1 no Centro Comunit\u00e1rio da Par\u00f3quia Santa Rita, em Matatu de Brotas. A entrada \u00e9 gratuita e no local haver\u00e1 espa\u00e7o kids para as crian\u00e7as. Mais informa\u00e7\u00f5es pelo telefone (71) 99164-2160 ou pelo Instagram @cckadoshsalvador<\/p>\n<p>A Comunidade Disc\u00edpulos do Amor tamb\u00e9m realizar\u00e1 encontro neste per\u00edodo do carnaval. A atividade acontecer\u00e1 no dia 25 de fevereiro, das 8h \u00e0s 18h, na sede da comunidade, localizada na Rua Fel\u00edcia, n. 76, Sete de Abril \u2013 fim de linha do bairro, pr\u00f3ximo ao posto de sa\u00fade. O tema escolhido \u00e9 \u201cSantidade no mundo atual: Deus quer, eu consigo!\u201d. A entrada \u00e9 gratuita, mas quem desejar poder\u00e1 comprar o almo\u00e7o pelo valor de R$ 16 (\u00e0 vista) ou R$ 18 (cart\u00e3o). Os pedidos de almo\u00e7o devem ser antecipados. Mais informa\u00e7\u00f5es pelos telefones (71) 99369-2063 ou 98636-7367.<\/p>\n<p>\u201cN\u00e3o vos conformeis com este mundo\u201d (Rm 12, 2). Este \u00e9 o tema do retiro Restaura-me, que ser\u00e1 realizado de 22 a 24 de fevereiro, sempre das 7h30 \u00e0s 18h, na Comunidade do Imaculado Cora\u00e7\u00e3o de Maria (Rua Pipira, s\/n, Itacaranha \u2013 ao lado do posto de sa\u00fade). As inscri\u00e7\u00f5es devem ser realizadas nos Grupos de Ora\u00e7\u00e3o da Renova\u00e7\u00e3o Carism\u00e1tica Cat\u00f3lica (RCC) dos Setores 3 e 4. O investimento \u00e9 no valor de R$ 5.<\/p>\n<p>J\u00e1 o Setor 7A, da RCC, realizar\u00e1 o 17\u00ba Alegrai-vos, de 23 a 25 de fevereiro, com in\u00edcio \u00e0s 8h, na Matriz da Par\u00f3quia Ceia do Senhor e Santo Andr\u00e9 Ap\u00f3stolo (Rua Te\u00f3dulo de Albuquerque, 298, Cabula VI). Inscri\u00e7\u00f5es e informa\u00e7\u00f5es pelos telefones (71) 98788-5063 \/ 98801-2497.<\/p>\n<p>O Movimento Pontos Cora\u00e7\u00e3o tamb\u00e9m promover\u00e1, entre os dias 24, a partir das 10h, e 26 de fevereiro, at\u00e9 16h, o retiro de carnaval na Fazenda do Natal, localizada na Estrada das Alagoinhas, no bairro do Palmares, em Sim\u00f5es Filho. O retiro contar\u00e1 com Missas, palestras, filmes, adora\u00e7\u00e3o ao Sant\u00edssimo Sacramento, partilha e outras atividades.<\/p>\n<p>Os interessados em participar devem realizar o pagamento no valor de R$ 190, por meio de dep\u00f3sito banc\u00e1rio (Banco: Ita\u00fa, Ag: 1497, C\/c: 24594-2, Nome: Associa\u00e7\u00e3o Presen\u00e7a e Amizade), e enviar o comprovante para o e-mail:&nbsp;hospedaria@pontoscoracao.org.&nbsp;Mais informa\u00e7\u00f5es pelo WhatsApp (71) 9 9652-8837 (Catarina).<\/p>\n<p>Foto: Adora Fotografia Religiosa<\/p>\n<p>Fonte:Arquidiocese de Salvador (BA)<\/p>\n","protected":false},"excerpt":{"rendered":"<p>Com o objetivo de vivenciar momentos mais intensos de aproxima\u00e7\u00e3o com Deus, in\u00fameros fi\u00e9is participam de retiros espirituais durante o per\u00edodo do carnaval. Na Arquidiocese de Salvador, grupos, movimentos, pastorais, comunidades de vida e congrega\u00e7\u00f5es religiosas organizam encontros e forma\u00e7\u00f5es marcados pelo louvor, ora\u00e7\u00e3o, adora\u00e7\u00e3o ao Sant\u00edssimo Sacramento e Missas. Um destes retiros ser\u00e1 promovido&nbsp;<\/p>\n<p><a class=\"btn btn-style\" href=\"https:\/\/portalcatolico.net\/portal\/catolicos-participam-de-retiros-espirituais-durante-o-carnaval-2\/\">Continue Reading<\/a><\/p>\n","protected":false},"author":2,"featured_media":68421,"comment_status":"open","ping_status":"open","sticky":false,"template":"","format":"standard","meta":{"footnotes":""},"categories":[3],"tags":[],"class_list":["post-68420","post","type-post","status-publish","format-standard","has-post-thumbnail","hentry","category-noticias_regionais"],"_links":{"self":[{"href":"https:\/\/portalcatolico.net\/portal\/wp-json\/wp\/v2\/posts\/68420","targetHints":{"allow":["GET"]}}],"collection":[{"href":"https:\/\/portalcatolico.net\/portal\/wp-json\/wp\/v2\/posts"}],"about":[{"href":"https:\/\/portalcatolico.net\/portal\/wp-json\/wp\/v2\/types\/post"}],"author":[{"embeddable":true,"href":"https:\/\/portalcatolico.net\/portal\/wp-json\/wp\/v2\/users\/2"}],"replies":[{"embeddable":true,"href":"https:\/\/portalcatolico.net\/portal\/wp-json\/wp\/v2\/comments?post=68420"}],"version-history":[{"count":1,"href":"https:\/\/portalcatolico.net\/portal\/wp-json\/wp\/v2\/posts\/68420\/revisions"}],"predecessor-version":[{"id":68422,"href":"https:\/\/portalcatolico.net\/portal\/wp-json\/wp\/v2\/posts\/68420\/revisions\/68422"}],"wp:featuredmedia":[{"embeddable":true,"href":"https:\/\/portalcatolico.net\/portal\/wp-json\/wp\/v2\/media\/68421"}],"wp:attachment":[{"href":"https:\/\/portalcatolico.net\/portal\/wp-json\/wp\/v2\/media?parent=68420"}],"wp:term":[{"taxonomy":"category","embeddable":true,"href":"https:\/\/portalcatolico.net\/portal\/wp-json\/wp\/v2\/categories?post=68420"},{"taxonomy":"post_tag","embeddable":true,"href":"https:\/\/portalcatolico.net\/portal\/wp-json\/wp\/v2\/tags?post=68420"}],"curies":[{"name":"wp","href":"https:\/\/api.w.org\/{rel}","templated":true}]}}