{"id":68415,"date":"2020-02-14T20:07:25","date_gmt":"2020-02-14T23:07:25","guid":{"rendered":"http:\/\/portalcatolico.net\/portal\/?p=68415"},"modified":"2020-02-14T20:07:25","modified_gmt":"2020-02-14T23:07:25","slug":"mais-de-80-mil-homens-sao-esperados-na-romaria-do-terco-dos-homens-2020-em-aparecida-sp","status":"publish","type":"post","link":"https:\/\/portalcatolico.net\/portal\/mais-de-80-mil-homens-sao-esperados-na-romaria-do-terco-dos-homens-2020-em-aparecida-sp\/","title":{"rendered":"Mais de 80 mil homens s\u00e3o esperados na Romaria do Ter\u00e7o dos Homens 2020, em Aparecida (SP)"},"content":{"rendered":"<p>O Santu\u00e1rio Nacional de Aparecida (SP) recebe, de 14 a 16 de fevereiro, a Romaria Nacional o Ter\u00e7o dos Homens.&nbsp; Est\u00e3o sendo esperados mais de 80 mil homens de todo o Brasil.&nbsp;<a href=\"https:\/\/www.cnbb.org.br\/dom-gil-homem-atual-precisa-olhar-para-cristo-cuja-mensagem-principal-e-o-amor\/dom-gil_semana-santa\/\"><img loading=\"lazy\" decoding=\"async\" class=\"wp-image-218223 alignright\" src=\"https:\/\/www.cnbb.org.br\/wp-content\/uploads\/sites\/32\/2019\/04\/Dom-Gil_Semana-Santa.jpg\" srcset=\"https:\/\/www.cnbb.org.br\/wp-content\/uploads\/sites\/32\/2019\/04\/Dom-Gil_Semana-Santa.jpg 800w, https:\/\/www.cnbb.org.br\/wp-content\/uploads\/sites\/32\/2019\/04\/Dom-Gil_Semana-Santa-300x225.jpg 300w, https:\/\/www.cnbb.org.br\/wp-content\/uploads\/sites\/32\/2019\/04\/Dom-Gil_Semana-Santa-768x576.jpg 768w\" alt=\"\" width=\"347\" height=\"260\"><\/a>O evento ser\u00e1 acompanhado pelo arcebispo de Juiz de Fora (MG), dom Gil Ant\u00f4nio Moreira, nomeado pelo arcebispo de Belo Horizonte (MG) e presidente da Confer\u00eancia Nacional dos Bispos do Brasil (CNBB), dom Walmor Oliveira de Azevedo, como bispo referencial do movimento.<\/p>\n<p><em>\u201cQuero agradecer a dom Walmor que me enviou a carta de confirma\u00e7\u00e3o como bispo referencial do movimento Ter\u00e7o dos Homens em nome da CNBB. \u00c9 com muita alegria que continuo esse trabalho de apoio e de incentivo \u00e0 ora\u00e7\u00e3o do ter\u00e7o em fam\u00edlia rezado pelos os homens do Brasil\u201d, relata o bispo.<\/em><\/p>\n<p>Com o tema&nbsp;<em><strong>\u2018<\/strong>Ter\u00e7o dos Homens: Fonte de todas as gra\u00e7as!<strong>\u2019<\/strong><\/em>e o lema<em>\u2018Confiantes como Maria\u2019<\/em>, os grupos ter\u00e3o tr\u00eas dias de programa\u00e7\u00e3o no Santu\u00e1rio Nacional. A tem\u00e1tica quer enaltecer o papel de Maria como intercessora e medianeira junto de seu Filho Jesus.<\/p>\n<div id=\"attachment_233552\" class=\"wp-caption alignleft\"><a href=\"https:\/\/www.cnbb.org.br\/mais-de-80-mil-homens-sao-esperados-na-romaria-do-terco-dos-homens-2020-em-aparecida-sp\/11_romaria_nacional_do_terco_dos_homens-366478\/\"><img loading=\"lazy\" decoding=\"async\" class=\"wp-image-233552\" src=\"https:\/\/www.cnbb.org.br\/wp-content\/uploads\/sites\/32\/2020\/02\/11_Romaria_Nacional_do_Terco_dos_Homens-366478.jpg\" srcset=\"https:\/\/www.cnbb.org.br\/wp-content\/uploads\/sites\/32\/2020\/02\/11_Romaria_Nacional_do_Terco_dos_Homens-366478.jpg 700w, https:\/\/www.cnbb.org.br\/wp-content\/uploads\/sites\/32\/2020\/02\/11_Romaria_Nacional_do_Terco_dos_Homens-366478-300x201.jpg 300w\" alt=\"\" width=\"374\" height=\"250\" aria-describedby=\"caption-attachment-233552\"><\/a><\/p>\n<p id=\"caption-attachment-233552\" class=\"wp-caption-text\"><em>Foto: Thiago Leoon\/A12.com<\/em><\/p>\n<\/div>\n<p>Segundo dom Gil, o Ter\u00e7o dos Homens, um movimento de iniciativa do laicato, \u00e9 um exemplo de f\u00e9 e devo\u00e7\u00e3o.<em>&nbsp;\u201cA ora\u00e7\u00e3o do ter\u00e7o \u00e9 a contempla\u00e7\u00e3o de Cristo aos olhos e ao pulsar do cora\u00e7\u00e3o de Maria. Por isso, esse movimento cresce a cada dia porque de um jeito popular e simples, mas certamente muito profundo, esse movimento tem mais de um milh\u00e3o de homens rezando o ter\u00e7o em todo o territ\u00f3rio nacional\u201d.<\/em><\/p>\n<p>A cada ano, a Romaria tem crescido e se tornado refer\u00eancia no Brasil.&nbsp;<em>\u201cEsse \u00e9 um grande movimento de evangeliza\u00e7\u00e3o porque \u00e9 uma maneira de contemplar aquilo que a Sagrada Escritura nos diz a respeito do Salvador: Jesus verbo encarnado do Pai\u201d.<\/em><\/p>\n<p>A missa de abertura da Romaria ser\u00e1 \u00e0s 20h desta sexta-feira, 14 de fevereiro,&nbsp; na Bas\u00edlica Nacional, e em seguida uma prociss\u00e3o luminosa pela passarela at\u00e9 a Bas\u00edlica velha onde ocorrer\u00e1 uma adora\u00e7\u00e3o at\u00e9 a meia noite. J\u00e1 no s\u00e1bado, a missa solene ser\u00e1 \u00e0s 7h30, transmitida por todo o sistema de comunica\u00e7\u00e3o de Aparecida.<\/p>\n<p>Para saber mais da programa\u00e7\u00e3o clique&nbsp;<a href=\"https:\/\/www.a12.com\/santuario\/eventos\/terco-dos-homens#programacao\"><strong>aqui<\/strong><\/a><\/p>\n<p>Informa\u00e7\u00f5es: CNBB<\/p>\n","protected":false},"excerpt":{"rendered":"<p>O Santu\u00e1rio Nacional de Aparecida (SP) recebe, de 14 a 16 de fevereiro, a Romaria Nacional o Ter\u00e7o dos Homens.&nbsp; Est\u00e3o sendo esperados mais de 80 mil homens de todo o Brasil.&nbsp;O evento ser\u00e1 acompanhado pelo arcebispo de Juiz de Fora (MG), dom Gil Ant\u00f4nio Moreira, nomeado pelo arcebispo de Belo Horizonte (MG) e presidente&nbsp;<\/p>\n<p><a class=\"btn btn-style\" href=\"https:\/\/portalcatolico.net\/portal\/mais-de-80-mil-homens-sao-esperados-na-romaria-do-terco-dos-homens-2020-em-aparecida-sp\/\">Continue Reading<\/a><\/p>\n","protected":false},"author":2,"featured_media":68416,"comment_status":"open","ping_status":"open","sticky":false,"template":"","format":"standard","meta":{"footnotes":""},"categories":[3],"tags":[],"class_list":["post-68415","post","type-post","status-publish","format-standard","has-post-thumbnail","hentry","category-noticias_regionais"],"_links":{"self":[{"href":"https:\/\/portalcatolico.net\/portal\/wp-json\/wp\/v2\/posts\/68415","targetHints":{"allow":["GET"]}}],"collection":[{"href":"https:\/\/portalcatolico.net\/portal\/wp-json\/wp\/v2\/posts"}],"about":[{"href":"https:\/\/portalcatolico.net\/portal\/wp-json\/wp\/v2\/types\/post"}],"author":[{"embeddable":true,"href":"https:\/\/portalcatolico.net\/portal\/wp-json\/wp\/v2\/users\/2"}],"replies":[{"embeddable":true,"href":"https:\/\/portalcatolico.net\/portal\/wp-json\/wp\/v2\/comments?post=68415"}],"version-history":[{"count":1,"href":"https:\/\/portalcatolico.net\/portal\/wp-json\/wp\/v2\/posts\/68415\/revisions"}],"predecessor-version":[{"id":68417,"href":"https:\/\/portalcatolico.net\/portal\/wp-json\/wp\/v2\/posts\/68415\/revisions\/68417"}],"wp:featuredmedia":[{"embeddable":true,"href":"https:\/\/portalcatolico.net\/portal\/wp-json\/wp\/v2\/media\/68416"}],"wp:attachment":[{"href":"https:\/\/portalcatolico.net\/portal\/wp-json\/wp\/v2\/media?parent=68415"}],"wp:term":[{"taxonomy":"category","embeddable":true,"href":"https:\/\/portalcatolico.net\/portal\/wp-json\/wp\/v2\/categories?post=68415"},{"taxonomy":"post_tag","embeddable":true,"href":"https:\/\/portalcatolico.net\/portal\/wp-json\/wp\/v2\/tags?post=68415"}],"curies":[{"name":"wp","href":"https:\/\/api.w.org\/{rel}","templated":true}]}}