{"id":68404,"date":"2020-02-14T08:01:23","date_gmt":"2020-02-14T11:01:23","guid":{"rendered":"http:\/\/portalcatolico.net\/portal\/?p=68404"},"modified":"2020-02-14T08:04:24","modified_gmt":"2020-02-14T11:04:24","slug":"pastoral-familiar-realiza-evento-sobre-a-familia-em-itabuna","status":"publish","type":"post","link":"https:\/\/portalcatolico.net\/portal\/pastoral-familiar-realiza-evento-sobre-a-familia-em-itabuna\/","title":{"rendered":"Pastoral Familiar realiza evento sobre a fam\u00edlia em Itabuna"},"content":{"rendered":"<p><img loading=\"lazy\" decoding=\"async\" class=\"size-medium wp-image-68409 alignright\" src=\"http:\/\/portalcatolico.net\/portal\/wp-content\/uploads\/2020\/02\/IMG_3311-300x200.jpg\" alt=\"\" width=\"300\" height=\"200\" srcset=\"https:\/\/portalcatolico.net\/portal\/wp-content\/uploads\/2020\/02\/IMG_3311-300x200.jpg 300w, https:\/\/portalcatolico.net\/portal\/wp-content\/uploads\/2020\/02\/IMG_3311-768x512.jpg 768w, https:\/\/portalcatolico.net\/portal\/wp-content\/uploads\/2020\/02\/IMG_3311-1024x683.jpg 1024w, https:\/\/portalcatolico.net\/portal\/wp-content\/uploads\/2020\/02\/IMG_3311.jpg 1500w\" sizes=\"auto, (max-width: 300px) 100vw, 300px\" \/>A Pastoral Familiar da diocese de Itabuna, no sul da Bahia, promoveu a&nbsp;primeira atividade pr\u00e1tica em 2020, na&nbsp;Forania Centro: &#8220;A Escola da Fam\u00edlia&#8221;.<br \/>\nO evento foi realizado na Catedral Diocesana de S\u00e3o Jos\u00e9 e reuniu agentes da Pastoral Familiar, membros de outras pastorais e&nbsp;movimentos de v\u00e1rios bairros de Itabuna, que \u00e9&nbsp; composta por 14&nbsp;par\u00f3quias na cidade.<br \/>\nO evento foi aberto para todas as fam\u00edlias itabunenses e&nbsp; foi composto&nbsp;de&nbsp; momentos de ora\u00e7\u00f5es e espiritualidade, al\u00e9m de palestra com o tema:&nbsp;&#8220;Fam\u00edlia, casa da Palavra&#8221;.<\/p>\n<p>Os palestrantes&nbsp;abordaram v\u00e1rios assuntos como: matrim\u00f4nio, filhos, entre outros&nbsp;assuntos relacionado \u00e0s fam\u00edlias.<\/p>\n<p>O casal Paulinho e&nbsp;C\u00e1ssia, membros da Pastoral Familiar e do ECC da diocese, foram um dos palestrantes.<\/p>\n<p><img loading=\"lazy\" decoding=\"async\" class=\"size-medium wp-image-68407 alignleft\" src=\"http:\/\/portalcatolico.net\/portal\/wp-content\/uploads\/2020\/02\/IMG_3306-300x200.jpg\" alt=\"\" width=\"300\" height=\"200\" srcset=\"https:\/\/portalcatolico.net\/portal\/wp-content\/uploads\/2020\/02\/IMG_3306-300x200.jpg 300w, https:\/\/portalcatolico.net\/portal\/wp-content\/uploads\/2020\/02\/IMG_3306-768x512.jpg 768w, https:\/\/portalcatolico.net\/portal\/wp-content\/uploads\/2020\/02\/IMG_3306-1024x683.jpg 1024w, https:\/\/portalcatolico.net\/portal\/wp-content\/uploads\/2020\/02\/IMG_3306.jpg 1500w\" sizes=\"auto, (max-width: 300px) 100vw, 300px\" \/>Na palestra, Paulinho ressaltou a import\u00e2ncia do perd\u00e3o no seio familiar: &#8220;Para falar sobre fam\u00edlia, temos que falar tamb\u00e9m sobre a casa e a palavra de Deus. Depois da leitura da palavra de Deus, temos o objetivo de transformar a nossa vida, refletir aquilo que Deus quis falar para n\u00f3s, colocar a palavra em pr\u00e1tica. N\u00f3s temos que buscar a transforma\u00e7\u00e3o na fam\u00edlia como um todo. Fam\u00edlia \u00e9 lugar de perd\u00e3o. N\u00e3o existe fam\u00edlia perfeita, todos n\u00f3s sabemos disso. N\u00e3o casamos com uma pessoa perfeita, nem temos filhos perfeitos. Por isso, n\u00e3o h\u00e1 uma fam\u00edlia saud\u00e1vel sem o exerc\u00edcio do perd\u00e3o. O perd\u00e3o \u00e9 vital para nossa sa\u00fade emocional e sobreviv\u00eancia espiritual. Sem perd\u00e3o, a fam\u00edlia se torna uma arena de conflitos e m\u00e1goas. Sem perd\u00e3o, a fam\u00edlia adoece&#8221;.<\/p>\n<p>Segundo o coordenador diocesano da Pastoral&nbsp;Familiar, este evento acontece pela&nbsp;primeira vez na cidade e previsto para acontecer uma vez por m\u00eas. O projeto pode ser implantado tamb\u00e9m nas Foranias Norte&nbsp;&nbsp;e Sul.<\/p>\n<p>A ben\u00e7\u00e3o do Sant\u00edssimo Sacramento marcou o encerramento do evento.<\/p>\n<p><img loading=\"lazy\" decoding=\"async\" class=\"alignnone size-medium wp-image-68410\" src=\"http:\/\/portalcatolico.net\/portal\/wp-content\/uploads\/2020\/02\/IMG_3304-1-300x200.jpg\" alt=\"\" width=\"300\" height=\"200\" srcset=\"https:\/\/portalcatolico.net\/portal\/wp-content\/uploads\/2020\/02\/IMG_3304-1-300x200.jpg 300w, https:\/\/portalcatolico.net\/portal\/wp-content\/uploads\/2020\/02\/IMG_3304-1-768x512.jpg 768w, https:\/\/portalcatolico.net\/portal\/wp-content\/uploads\/2020\/02\/IMG_3304-1-1024x683.jpg 1024w, https:\/\/portalcatolico.net\/portal\/wp-content\/uploads\/2020\/02\/IMG_3304-1.jpg 1500w\" sizes=\"auto, (max-width: 300px) 100vw, 300px\" \/> <img loading=\"lazy\" decoding=\"async\" class=\"alignnone size-medium wp-image-68411\" src=\"http:\/\/portalcatolico.net\/portal\/wp-content\/uploads\/2020\/02\/IMG_3294-300x200.jpg\" alt=\"\" width=\"300\" height=\"200\" srcset=\"https:\/\/portalcatolico.net\/portal\/wp-content\/uploads\/2020\/02\/IMG_3294-300x200.jpg 300w, https:\/\/portalcatolico.net\/portal\/wp-content\/uploads\/2020\/02\/IMG_3294-768x512.jpg 768w, https:\/\/portalcatolico.net\/portal\/wp-content\/uploads\/2020\/02\/IMG_3294-1024x683.jpg 1024w, https:\/\/portalcatolico.net\/portal\/wp-content\/uploads\/2020\/02\/IMG_3294.jpg 1500w\" sizes=\"auto, (max-width: 300px) 100vw, 300px\" \/> <img loading=\"lazy\" decoding=\"async\" class=\"alignnone size-medium wp-image-68412\" src=\"http:\/\/portalcatolico.net\/portal\/wp-content\/uploads\/2020\/02\/IMG_3309-300x200.jpg\" alt=\"\" width=\"300\" height=\"200\" srcset=\"https:\/\/portalcatolico.net\/portal\/wp-content\/uploads\/2020\/02\/IMG_3309-300x200.jpg 300w, https:\/\/portalcatolico.net\/portal\/wp-content\/uploads\/2020\/02\/IMG_3309-768x512.jpg 768w, https:\/\/portalcatolico.net\/portal\/wp-content\/uploads\/2020\/02\/IMG_3309-1024x683.jpg 1024w, https:\/\/portalcatolico.net\/portal\/wp-content\/uploads\/2020\/02\/IMG_3309.jpg 1500w\" sizes=\"auto, (max-width: 300px) 100vw, 300px\" \/> <img loading=\"lazy\" decoding=\"async\" class=\"alignnone size-medium wp-image-68413\" src=\"http:\/\/portalcatolico.net\/portal\/wp-content\/uploads\/2020\/02\/IMG_3301-300x200.jpg\" alt=\"\" width=\"300\" height=\"200\" srcset=\"https:\/\/portalcatolico.net\/portal\/wp-content\/uploads\/2020\/02\/IMG_3301-300x200.jpg 300w, https:\/\/portalcatolico.net\/portal\/wp-content\/uploads\/2020\/02\/IMG_3301-768x512.jpg 768w, https:\/\/portalcatolico.net\/portal\/wp-content\/uploads\/2020\/02\/IMG_3301-1024x683.jpg 1024w, https:\/\/portalcatolico.net\/portal\/wp-content\/uploads\/2020\/02\/IMG_3301.jpg 1500w\" sizes=\"auto, (max-width: 300px) 100vw, 300px\" \/><\/p>\n","protected":false},"excerpt":{"rendered":"<p>A Pastoral Familiar da diocese de Itabuna, no sul da Bahia, promoveu a&nbsp;primeira atividade pr\u00e1tica em 2020, na&nbsp;Forania Centro: &#8220;A Escola da Fam\u00edlia&#8221;. O evento foi realizado na Catedral Diocesana de S\u00e3o Jos\u00e9 e reuniu agentes da Pastoral Familiar, membros de outras pastorais e&nbsp;movimentos de v\u00e1rios bairros de Itabuna, que \u00e9&nbsp; composta por 14&nbsp;par\u00f3quias na&nbsp;<\/p>\n<p><a class=\"btn btn-style\" href=\"https:\/\/portalcatolico.net\/portal\/pastoral-familiar-realiza-evento-sobre-a-familia-em-itabuna\/\">Continue Reading<\/a><\/p>\n","protected":false},"author":2,"featured_media":68405,"comment_status":"open","ping_status":"open","sticky":false,"template":"","format":"standard","meta":{"footnotes":""},"categories":[4],"tags":[],"class_list":["post-68404","post","type-post","status-publish","format-standard","has-post-thumbnail","hentry","category-destaques"],"_links":{"self":[{"href":"https:\/\/portalcatolico.net\/portal\/wp-json\/wp\/v2\/posts\/68404","targetHints":{"allow":["GET"]}}],"collection":[{"href":"https:\/\/portalcatolico.net\/portal\/wp-json\/wp\/v2\/posts"}],"about":[{"href":"https:\/\/portalcatolico.net\/portal\/wp-json\/wp\/v2\/types\/post"}],"author":[{"embeddable":true,"href":"https:\/\/portalcatolico.net\/portal\/wp-json\/wp\/v2\/users\/2"}],"replies":[{"embeddable":true,"href":"https:\/\/portalcatolico.net\/portal\/wp-json\/wp\/v2\/comments?post=68404"}],"version-history":[{"count":3,"href":"https:\/\/portalcatolico.net\/portal\/wp-json\/wp\/v2\/posts\/68404\/revisions"}],"predecessor-version":[{"id":68414,"href":"https:\/\/portalcatolico.net\/portal\/wp-json\/wp\/v2\/posts\/68404\/revisions\/68414"}],"wp:featuredmedia":[{"embeddable":true,"href":"https:\/\/portalcatolico.net\/portal\/wp-json\/wp\/v2\/media\/68405"}],"wp:attachment":[{"href":"https:\/\/portalcatolico.net\/portal\/wp-json\/wp\/v2\/media?parent=68404"}],"wp:term":[{"taxonomy":"category","embeddable":true,"href":"https:\/\/portalcatolico.net\/portal\/wp-json\/wp\/v2\/categories?post=68404"},{"taxonomy":"post_tag","embeddable":true,"href":"https:\/\/portalcatolico.net\/portal\/wp-json\/wp\/v2\/tags?post=68404"}],"curies":[{"name":"wp","href":"https:\/\/api.w.org\/{rel}","templated":true}]}}