{"id":68390,"date":"2020-02-12T12:35:09","date_gmt":"2020-02-12T15:35:09","guid":{"rendered":"http:\/\/portalcatolico.net\/portal\/?p=68390"},"modified":"2020-02-12T20:35:30","modified_gmt":"2020-02-12T23:35:30","slug":"cardeal-hummes-questao-da-ordenacao-de-homens-casados-sera-retomada-no-vaticano","status":"publish","type":"post","link":"https:\/\/portalcatolico.net\/portal\/cardeal-hummes-questao-da-ordenacao-de-homens-casados-sera-retomada-no-vaticano\/","title":{"rendered":"Cardeal Hummes: quest\u00e3o da ordena\u00e7\u00e3o de homens casados ser\u00e1 retomada no Vaticano"},"content":{"rendered":"<p>Ap\u00f3s a apresenta\u00e7\u00e3o da Exorta\u00e7\u00e3o Apost\u00f3lica p\u00f3s-sinodal Querida Amaz\u00f4nia, ocorrida hoje no Vaticano, o Cardeal brasileiro Claudio Hummes ofereceu algumas declara\u00e7\u00f5es \u00e0 imprensa afirmando que o tema da ordena\u00e7\u00e3o de homens casados ser\u00e1 retomado junto ao Papa e as inst\u00e2ncias da Santa S\u00e9.<\/p>\n<p>As declara\u00e7\u00f5es do purpurado, que tamb\u00e9m \u00e9 presidente da REPAM (Rede Eclesial Panamaz\u00f4nica), respons\u00e1vel pela &nbsp;sondagem que deu origem ao Instrumentum Laboris do S\u00ednodo, documento em que j\u00e1 se vislumbrava o pedido de admiss\u00e3o de homens casados ao sacerd\u00f3cio, tiveram lugar na apresenta\u00e7\u00e3o da Exorta\u00e7\u00e3o Querida Amaz\u00f4nia na sede da CNBB em Bras\u00edlia, na manh\u00e3 de hoje, 12, e v\u00e3o na contram\u00e3o do que pediu o Papa Francisco no rec\u00e9m lan\u00e7ado documento.<\/p>\n<p>Nos n\u00fameros 89 e 90 do texto que foi apenas divulgado, o Santo Padre n\u00e3o contempla a possibilidade de que homens casados sejam ordenados sacerdotes, antes, pede que os&nbsp;bispos&nbsp;promovam voca\u00e7\u00f5es mission\u00e1rias e enviem sacerdotes para a regi\u00e3o panamaz\u00f4nica.<\/p>\n<p>Dom Claudio ofereceu estas declara\u00e7\u00f5es no contexto de uma pergunta sobre este pedido do S\u00ednodo que n\u00e3o foi mencionado na Exorta\u00e7\u00e3o. O Prefeito Em\u00e9rito do Clero explicou primeiramente que \u201ca quest\u00e3o da eventual ordena\u00e7\u00e3o de homens casados, n\u00e3o significa que o clero vai casar, mas, que homens casados em certas circunst\u00e2ncias, possam ser ordenados padres continuando a viver como casados\u201d.<\/p>\n<p>\u201cEsta quest\u00e3o como todas as outras [do documento final], dever\u00e3o ser trabalhadas agora junto ao Santo Padre e as inst\u00e2ncias da Santa S\u00e9 que tratam desses assuntos\u201d, afirmou Dom Hummes, asseverando que o tema ser\u00e1 retomado no Vaticano e que este pedido do S\u00ednodo, contido no numeral 111 do Documento Final, dever\u00e1 \u201cser elaborado e eventualmente, com um processo, ir sendo cumprido\u201d.<\/p>\n<p>Neste sentido, disse o Cardeal brasileiro afirmou que ser\u00e1 muito importante a atua\u00e7\u00e3o de um organismo eclesial a ser criado para a regi\u00e3o amaz\u00f4nica. \u201cAssim como existem as confer\u00eancias (episcopais) nos pa\u00edses, exista l\u00e1 tamb\u00e9m, dado que \u00e9 uma regi\u00e3o que inclui v\u00e1rios pa\u00edses, um tipo de organismo que ainda tem, de certa forma, que se formular, ver quais ser\u00e3o as suas compet\u00eancias\u201d, disse.<\/p>\n<p>\u201cEste organismo ter\u00e1 uma fun\u00e7\u00e3o muito importante junto com as inst\u00e2ncias do Papa no Vaticano, para irmos discutindo, e em que caso se poderia, de fato, realizar este pedido do S\u00ednodo. (&#8230;) Certamente \u00e9 este organismo que iria assumir a coordena\u00e7\u00e3o e a anima\u00e7\u00e3o de todo este processo de aplica\u00e7\u00e3o do S\u00ednodo\u201d, ressaltou.<\/p>\n<p>Vale recordar que os bispos presentes na assembleia sinodal em Roma, votaram o pedido da cria\u00e7\u00e3o de um organismo eclesial para a regi\u00e3o e que o mesmo n\u00e3o seria uma Confer\u00eancia Episcopal.<\/p>\n<p>Em outubro de 2019, ainda durante o S\u00ednodo, Dom Walmor Oliveira, atual presidente da Confer\u00eancia Nacional dos Bispos do Brasil e Arcebispo de Belo Horizonte (MG), disse a&nbsp;<a href=\"https:\/\/www.acidigital.com\/\">ACI<\/a>&nbsp;Digital:<br \/>\n&#8220;N\u00e3o estamos falando de confer\u00eancia espec\u00edfica para a Amaz\u00f4nia\u201d, ressaltou na ocasi\u00e3o, explicando que \u201cestamos falando do fortalecimento de inst\u00e2ncias e do comprometimento de inst\u00e2ncias, inclusive novas, para que n\u00f3s possamos fortalecer nosso caminho e nosso trabalho mission\u00e1rio na Amaz\u00f4nia\u201d.<\/p>\n<p>Dom Cl\u00e1udio durante a Confer\u00eancia de imprensa tamb\u00e9m falou que o Documento Final do S\u00ednodo, n\u00e3o deve \u201cir para a estante\u201d e que o fato de n\u00e3o ser citado na Exorta\u00e7\u00e3o n\u00e3o implica que o mesmo dever\u00e1 ser recha\u00e7ado.<\/p>\n<p>\u201cO Papa n\u00e3o cita nenhum para n\u00e3o dizer que este \u00e9 mais importante ou este deve ser rejeitado\u201d, disse o Cardeal, que foi o Relator Geral do S\u00ednodo Amaz\u00f4nico.<\/p>\n<p>\u201cEle [o Papa] n\u00e3o fala de nenhum [ponto do documento final] e isso mostra que ele aprecia todos. E, por que ele aprecia? Porque s\u00e3o frutos do s\u00ednodo, n\u00e3o s\u00e3o frutos de um pequeno grupo de te\u00f3logos, mas \u00e9 um s\u00ednodo que a&nbsp;Igreja&nbsp;ouviu. Tudo aquilo que o S\u00ednodo decidiu ali e aprovou tem igual import\u00e2ncia\u201d, completou, sublinhando que \u201cisso ser\u00e1 trabalhado, certamente, para que possa atender na medida do necess\u00e1rio esse pedido\u201d, afirma.<\/p>\n<p>Segundo Dom Hummes, a necessidade de insistir sobre o tema da ordena\u00e7\u00e3o de homens casados \u00e9 a preocupa\u00e7\u00e3o pela celebra\u00e7\u00e3o da&nbsp;Eucaristia&nbsp;nas comunidades mais remotas da Amaz\u00f4nia.<\/p>\n<p>\u201cA Eucaristia \u00e9 \u201co que de fato nos preocupa, em Aparecida em 2007 j\u00e1 se falou disso e cada vez mais se falou dessa quest\u00e3o, depois que o Papa Jo\u00e3o Paulo II havia dito que a Eucaristia edifica a Igreja, que n\u00e3o pode haver uma Igreja sem Eucaristia. Ent\u00e3o, se perguntava: \u00e9 poss\u00edvel continuar como estamos continuando? \u00c9 poss\u00edvel continuar assim? Temos o direito de continuar assim, sem tomar nenhuma nova pr\u00e1tica ou nova forma de viver o minist\u00e9rio para que tamb\u00e9m essas comunidades tenham normalmente a Eucaristia e outros&nbsp;sacramentos&nbsp;necess\u00e1rios na&nbsp;vida&nbsp;cotidiana?\u201d.<\/p>\n<p>Nesse sentido, refor\u00e7ou que \u201cdevemos continuar trabalhando com as popula\u00e7\u00f5es e vendo como \u00e9 poss\u00edvel construir essa quest\u00e3o para ver como \u00e9 poss\u00edvel que tenham a Eucaristia e outros sacramentos e trabalhar junto com o Vaticano, com os organismos que tratam desse assunto e, sobretudo, o pr\u00f3prio Papa. \u00c9 preciso que n\u00f3s cheguemos juntos a conclus\u00f5es\u201d.(ACI)<\/p>\n<p>\u201cPortanto, esse processo vai continuar, certamente, a ser animado e levado para frente\u201d, concluiu.<\/p>\n<p>Cardeal Cl\u00e1udio Hummes. Foto: Flickr CNBB<\/p>\n","protected":false},"excerpt":{"rendered":"<p>Ap\u00f3s a apresenta\u00e7\u00e3o da Exorta\u00e7\u00e3o Apost\u00f3lica p\u00f3s-sinodal Querida Amaz\u00f4nia, ocorrida hoje no Vaticano, o Cardeal brasileiro Claudio Hummes ofereceu algumas declara\u00e7\u00f5es \u00e0 imprensa afirmando que o tema da ordena\u00e7\u00e3o de homens casados ser\u00e1 retomado junto ao Papa e as inst\u00e2ncias da Santa S\u00e9. As declara\u00e7\u00f5es do purpurado, que tamb\u00e9m \u00e9 presidente da REPAM (Rede Eclesial&nbsp;<\/p>\n<p><a class=\"btn btn-style\" href=\"https:\/\/portalcatolico.net\/portal\/cardeal-hummes-questao-da-ordenacao-de-homens-casados-sera-retomada-no-vaticano\/\">Continue Reading<\/a><\/p>\n","protected":false},"author":2,"featured_media":68391,"comment_status":"open","ping_status":"open","sticky":false,"template":"","format":"standard","meta":{"footnotes":""},"categories":[4],"tags":[],"class_list":["post-68390","post","type-post","status-publish","format-standard","has-post-thumbnail","hentry","category-destaques"],"_links":{"self":[{"href":"https:\/\/portalcatolico.net\/portal\/wp-json\/wp\/v2\/posts\/68390","targetHints":{"allow":["GET"]}}],"collection":[{"href":"https:\/\/portalcatolico.net\/portal\/wp-json\/wp\/v2\/posts"}],"about":[{"href":"https:\/\/portalcatolico.net\/portal\/wp-json\/wp\/v2\/types\/post"}],"author":[{"embeddable":true,"href":"https:\/\/portalcatolico.net\/portal\/wp-json\/wp\/v2\/users\/2"}],"replies":[{"embeddable":true,"href":"https:\/\/portalcatolico.net\/portal\/wp-json\/wp\/v2\/comments?post=68390"}],"version-history":[{"count":1,"href":"https:\/\/portalcatolico.net\/portal\/wp-json\/wp\/v2\/posts\/68390\/revisions"}],"predecessor-version":[{"id":68392,"href":"https:\/\/portalcatolico.net\/portal\/wp-json\/wp\/v2\/posts\/68390\/revisions\/68392"}],"wp:featuredmedia":[{"embeddable":true,"href":"https:\/\/portalcatolico.net\/portal\/wp-json\/wp\/v2\/media\/68391"}],"wp:attachment":[{"href":"https:\/\/portalcatolico.net\/portal\/wp-json\/wp\/v2\/media?parent=68390"}],"wp:term":[{"taxonomy":"category","embeddable":true,"href":"https:\/\/portalcatolico.net\/portal\/wp-json\/wp\/v2\/categories?post=68390"},{"taxonomy":"post_tag","embeddable":true,"href":"https:\/\/portalcatolico.net\/portal\/wp-json\/wp\/v2\/tags?post=68390"}],"curies":[{"name":"wp","href":"https:\/\/api.w.org\/{rel}","templated":true}]}}