{"id":68382,"date":"2020-02-12T20:18:24","date_gmt":"2020-02-12T23:18:24","guid":{"rendered":"http:\/\/portalcatolico.net\/portal\/?p=68382"},"modified":"2020-02-12T20:19:35","modified_gmt":"2020-02-12T23:19:35","slug":"procissao-marca-encerramento-das-festividades-em-louvor-a-nossa-senhora-de-lourdes-em-itabuna","status":"publish","type":"post","link":"https:\/\/portalcatolico.net\/portal\/procissao-marca-encerramento-das-festividades-em-louvor-a-nossa-senhora-de-lourdes-em-itabuna\/","title":{"rendered":"Prociss\u00e3o marca encerramento das festividades em louvor \u00e0 Nossa Senhora de Lourdes em Itabuna"},"content":{"rendered":"<p><img loading=\"lazy\" decoding=\"async\" class=\"size-medium wp-image-68384 alignleft\" src=\"http:\/\/portalcatolico.net\/portal\/wp-content\/uploads\/2020\/02\/IMG_3373-300x200.jpg\" alt=\"\" width=\"300\" height=\"200\" srcset=\"https:\/\/portalcatolico.net\/portal\/wp-content\/uploads\/2020\/02\/IMG_3373-300x200.jpg 300w, https:\/\/portalcatolico.net\/portal\/wp-content\/uploads\/2020\/02\/IMG_3373-768x512.jpg 768w, https:\/\/portalcatolico.net\/portal\/wp-content\/uploads\/2020\/02\/IMG_3373-1024x683.jpg 1024w, https:\/\/portalcatolico.net\/portal\/wp-content\/uploads\/2020\/02\/IMG_3373.jpg 1500w\" sizes=\"auto, (max-width: 300px) 100vw, 300px\" \/>Nossa Senhora&nbsp;de Lourdes, padroeira do bairro Fonseca, em Itabuna (BA) foi bastante festejada nos&nbsp;&nbsp;\u00faltimos dias.&nbsp;&nbsp;O tr\u00edduo em louvor \u00e0 padroeira teve in\u00edcio no s\u00e1bado (08), e finalizou nesta&nbsp; ter\u00e7a-feira (11), dia dedicado&nbsp;\u00e0 santa.&nbsp;A festa teve como tema central: &#8220;Maria, Modelo de Voca\u00e7\u00e3o&#8221; e aconteceu na&nbsp;Comunidade Nossa Senhora de Lourdes que fica localizada na Rua Alzira&nbsp;Fonseca, 205, bairro Fonseca. Esta Comunidade comp\u00f5e a par\u00f3quia Santa Rita de C\u00e1ssia na cidade e diocese de Itabuna, e tem como padres respons\u00e1veis, os Frades&nbsp; Menores Capuchinhos:Frei Gilton Oliveira (p\u00e1roco) e&nbsp;vig\u00e1rio paroquial, o Pe. Frei Jose Lu\u00eds.<br \/>\nEste ano, a coordena\u00e7\u00e3o preparou novidades para os participantes: foi disponibilizado um brech\u00f3 com roupas e&nbsp;cal\u00e7ados gratuitos para os moradores e visitantes. Outra novidade foi a Videoteca, um espa\u00e7o criado nas&nbsp;depend\u00eancias da igreja,&nbsp; para acolher as crian\u00e7as,&nbsp;filhos dos pais que estavam&nbsp; participando das celebra\u00e7\u00f5es eucar\u00edsticas.&nbsp;&nbsp;As crian\u00e7as se divertiram com momentos de lazer e de evangeliza\u00e7\u00e3o&nbsp;com a colabora\u00e7\u00e3o das catequistas.<br \/>\nA programa\u00e7\u00e3o do dia da santa perdurou por todo o dia 11. \u00c0s 6h aconteceu a Alvorada,\u00e0s 7h teve Santo Of\u00edcio, \u00e0s 18h30 teve Ter\u00e7o Mariano.<br \/>\n\u00c0s 19h, aconteceu a Missa Solene. O Celebrante foi o Padre Frei Gilton Oliveira (p\u00e1roco) da par\u00f3quia santa Rita&nbsp;de C\u00e1ssia.<\/p>\n<p>Na homilia, ele destacou: &#8220;N\u00f3s temos que estar sempre na presen\u00e7a, no aux\u00edlio materno de Nossa Senhora. Maria de Nazar\u00e9, a Virgem Sant\u00edssima, esta mulher que disse sim ao projeto de Deus, amou \u00e0queles que o Senhor os deu como filhos. E somos n\u00f3s estes filhos amados de Cristo mas tamb\u00e9m, filhos amados de Nossa Senhora. Diante da apari\u00e7\u00e3o de Lourdes, Nossa Senhora vem novamente prestar o aux\u00edlio \u00e0 humanidade. E nesta apari\u00e7\u00e3o, lembra pra n\u00f3s, que o nosso lugar \u00e9 no c\u00e9u, junto dela e do Seu Filho amado. E a preocupa\u00e7\u00e3o de Nossa Senhora com os filhos, \u00e9 a preocupa\u00e7\u00e3o de uma M\u00e3e que ama!&#8221;.<\/p>\n<p>O encerramento da festa aconteceu com a tradicional prociss\u00e3o com a imagem da&nbsp;santa pelas ruas do bairro, e Ben\u00e7\u00e3o do Sant\u00edssimo Sacramento.<br \/>\nOs convidados especiais da noite foram todos os grupos, pastorais, movimentos e&nbsp;os devotos de Nossa Senhora de Lourdes.<\/p>\n<p>A Liturgia ficou por conta da Comunidade de Nossa Senhora de Lourdes.&nbsp;E&nbsp;a quermesse: Praesidium Sede de Sabedoria, Pastoral da Catequese,&nbsp;Praesidium M\u00e3e do Criador, Praesidium, Rainha da Paz, Minist\u00e9rio de&nbsp;M\u00fasica Utopia.<\/p>\n<p>Vale ressaltar que Maria Sant\u00edssima apareceu \u00e0 Santa Bernadete Soubirous pela primeira vez,&nbsp;numa gruta perto de Lourdes, na Fran\u00e7a, em 11 de Fevereiro de 1858.<br \/>\nNossa Senhora, nesta apari\u00e7\u00e3o, disse \u00e0 Santa Bernadete que Ela era a&nbsp;Imaculada Concei\u00e7\u00e3o, confirmando o Dogma da Imaculada Concei\u00e7\u00e3o,&nbsp;proclamado por Pio IX em 1854,atrav\u00e9s da Bula dogm\u00e1tica Ineffabilis&nbsp;Deus.<\/p>\n<p>Confira em nossa p\u00e1gina oficial no Facebook, o \u00e1lbum de fotos:<br \/>\n<a href=\"http:\/\/www.facebook.com\/portalcatolicooficial\">www.facebook.com\/portalcatolicooficial<\/a><\/p>\n","protected":false},"excerpt":{"rendered":"<p>Nossa Senhora&nbsp;de Lourdes, padroeira do bairro Fonseca, em Itabuna (BA) foi bastante festejada nos&nbsp;&nbsp;\u00faltimos dias.&nbsp;&nbsp;O tr\u00edduo em louvor \u00e0 padroeira teve in\u00edcio no s\u00e1bado (08), e finalizou nesta&nbsp; ter\u00e7a-feira (11), dia dedicado&nbsp;\u00e0 santa.&nbsp;A festa teve como tema central: &#8220;Maria, Modelo de Voca\u00e7\u00e3o&#8221; e aconteceu na&nbsp;Comunidade Nossa Senhora de Lourdes que fica localizada na Rua Alzira&nbsp;Fonseca,&nbsp;<\/p>\n<p><a class=\"btn btn-style\" href=\"https:\/\/portalcatolico.net\/portal\/procissao-marca-encerramento-das-festividades-em-louvor-a-nossa-senhora-de-lourdes-em-itabuna\/\">Continue Reading<\/a><\/p>\n","protected":false},"author":2,"featured_media":68383,"comment_status":"open","ping_status":"open","sticky":false,"template":"","format":"standard","meta":{"footnotes":""},"categories":[68],"tags":[],"class_list":["post-68382","post","type-post","status-publish","format-standard","has-post-thumbnail","hentry","category-homilias"],"_links":{"self":[{"href":"https:\/\/portalcatolico.net\/portal\/wp-json\/wp\/v2\/posts\/68382","targetHints":{"allow":["GET"]}}],"collection":[{"href":"https:\/\/portalcatolico.net\/portal\/wp-json\/wp\/v2\/posts"}],"about":[{"href":"https:\/\/portalcatolico.net\/portal\/wp-json\/wp\/v2\/types\/post"}],"author":[{"embeddable":true,"href":"https:\/\/portalcatolico.net\/portal\/wp-json\/wp\/v2\/users\/2"}],"replies":[{"embeddable":true,"href":"https:\/\/portalcatolico.net\/portal\/wp-json\/wp\/v2\/comments?post=68382"}],"version-history":[{"count":2,"href":"https:\/\/portalcatolico.net\/portal\/wp-json\/wp\/v2\/posts\/68382\/revisions"}],"predecessor-version":[{"id":68386,"href":"https:\/\/portalcatolico.net\/portal\/wp-json\/wp\/v2\/posts\/68382\/revisions\/68386"}],"wp:featuredmedia":[{"embeddable":true,"href":"https:\/\/portalcatolico.net\/portal\/wp-json\/wp\/v2\/media\/68383"}],"wp:attachment":[{"href":"https:\/\/portalcatolico.net\/portal\/wp-json\/wp\/v2\/media?parent=68382"}],"wp:term":[{"taxonomy":"category","embeddable":true,"href":"https:\/\/portalcatolico.net\/portal\/wp-json\/wp\/v2\/categories?post=68382"},{"taxonomy":"post_tag","embeddable":true,"href":"https:\/\/portalcatolico.net\/portal\/wp-json\/wp\/v2\/tags?post=68382"}],"curies":[{"name":"wp","href":"https:\/\/api.w.org\/{rel}","templated":true}]}}