{"id":68378,"date":"2020-02-11T12:18:43","date_gmt":"2020-02-11T15:18:43","guid":{"rendered":"http:\/\/portalcatolico.net\/portal\/?p=68378"},"modified":"2020-02-11T12:19:20","modified_gmt":"2020-02-11T15:19:20","slug":"presbitero-e-suspenso-de-atividades-pelo-bispo-da-diocese-de-ilheus-confira-o-decreto","status":"publish","type":"post","link":"https:\/\/portalcatolico.net\/portal\/presbitero-e-suspenso-de-atividades-pelo-bispo-da-diocese-de-ilheus-confira-o-decreto\/","title":{"rendered":"Presb\u00edtero \u00e9 suspenso de atividades pelo Bispo da Diocese de Ilh\u00e9us. Confira o decreto!"},"content":{"rendered":"<p>O bispo da diocese de Ilh\u00e9us, dom Mauro Montagnoli, leva a p\u00fablico o Decreto de Suspens\u00e3o de Uso de Ordens&nbsp;Sagradas&nbsp; do Pe. Jos\u00e9 Sebasti\u00e3o Souza Junior,&nbsp;com o protocolo 010\/2020,livro III.<br \/>\n<strong>Leia o decreto na \u00edntegra!<\/strong><\/p>\n<p><img loading=\"lazy\" decoding=\"async\" class=\"wp-image-68379 aligncenter\" src=\"http:\/\/portalcatolico.net\/portal\/wp-content\/uploads\/2020\/02\/download-212x300.png\" alt=\"\" width=\"745\" height=\"1054\" srcset=\"https:\/\/portalcatolico.net\/portal\/wp-content\/uploads\/2020\/02\/download-212x300.png 212w, https:\/\/portalcatolico.net\/portal\/wp-content\/uploads\/2020\/02\/download-768x1086.png 768w, https:\/\/portalcatolico.net\/portal\/wp-content\/uploads\/2020\/02\/download-724x1024.png 724w, https:\/\/portalcatolico.net\/portal\/wp-content\/uploads\/2020\/02\/download.png 770w\" sizes=\"auto, (max-width: 745px) 100vw, 745px\" \/><\/p>\n","protected":false},"excerpt":{"rendered":"<p>O bispo da diocese de Ilh\u00e9us, dom Mauro Montagnoli, leva a p\u00fablico o Decreto de Suspens\u00e3o de Uso de Ordens&nbsp;Sagradas&nbsp; do Pe. Jos\u00e9 Sebasti\u00e3o Souza Junior,&nbsp;com o protocolo 010\/2020,livro III. Leia o decreto na \u00edntegra!<\/p>\n","protected":false},"author":2,"featured_media":68380,"comment_status":"open","ping_status":"open","sticky":false,"template":"","format":"standard","meta":{"footnotes":""},"categories":[4],"tags":[],"class_list":["post-68378","post","type-post","status-publish","format-standard","has-post-thumbnail","hentry","category-destaques"],"_links":{"self":[{"href":"https:\/\/portalcatolico.net\/portal\/wp-json\/wp\/v2\/posts\/68378","targetHints":{"allow":["GET"]}}],"collection":[{"href":"https:\/\/portalcatolico.net\/portal\/wp-json\/wp\/v2\/posts"}],"about":[{"href":"https:\/\/portalcatolico.net\/portal\/wp-json\/wp\/v2\/types\/post"}],"author":[{"embeddable":true,"href":"https:\/\/portalcatolico.net\/portal\/wp-json\/wp\/v2\/users\/2"}],"replies":[{"embeddable":true,"href":"https:\/\/portalcatolico.net\/portal\/wp-json\/wp\/v2\/comments?post=68378"}],"version-history":[{"count":1,"href":"https:\/\/portalcatolico.net\/portal\/wp-json\/wp\/v2\/posts\/68378\/revisions"}],"predecessor-version":[{"id":68381,"href":"https:\/\/portalcatolico.net\/portal\/wp-json\/wp\/v2\/posts\/68378\/revisions\/68381"}],"wp:featuredmedia":[{"embeddable":true,"href":"https:\/\/portalcatolico.net\/portal\/wp-json\/wp\/v2\/media\/68380"}],"wp:attachment":[{"href":"https:\/\/portalcatolico.net\/portal\/wp-json\/wp\/v2\/media?parent=68378"}],"wp:term":[{"taxonomy":"category","embeddable":true,"href":"https:\/\/portalcatolico.net\/portal\/wp-json\/wp\/v2\/categories?post=68378"},{"taxonomy":"post_tag","embeddable":true,"href":"https:\/\/portalcatolico.net\/portal\/wp-json\/wp\/v2\/tags?post=68378"}],"curies":[{"name":"wp","href":"https:\/\/api.w.org\/{rel}","templated":true}]}}