{"id":68373,"date":"2020-02-10T22:08:55","date_gmt":"2020-02-11T01:08:55","guid":{"rendered":"http:\/\/portalcatolico.net\/portal\/?p=68373"},"modified":"2020-02-10T22:10:56","modified_gmt":"2020-02-11T01:10:56","slug":"por-novas-vocacoes-se-promove-peregrinacao-a-polonia-no-centenario-de-sao-joao-paulo-ii-%e2%80%aatodos-os-direitos-reservados-www-gaudiumpress-org-c%e2%80%ac-https-www-gaudiumpress-org-content-1","status":"publish","type":"post","link":"https:\/\/portalcatolico.net\/portal\/por-novas-vocacoes-se-promove-peregrinacao-a-polonia-no-centenario-de-sao-joao-paulo-ii-%e2%80%aatodos-os-direitos-reservados-www-gaudiumpress-org-c%e2%80%ac-https-www-gaudiumpress-org-content-1\/","title":{"rendered":"Por novas voca\u00e7\u00f5es, se promove peregrina\u00e7\u00e3o \u00e0 Pol\u00f4nia no centen\u00e1rio de S\u00e3o Jo\u00e3o Paulo II  \u202a"},"content":{"rendered":"<p>Seguir os passos de S\u00e3o Jo\u00e3o Paulo II na Pol\u00f4nia \u00e9 a proposta de peregrina\u00e7\u00e3o que o Centro Acad\u00eamico Romano Funda\u00e7\u00e3o (CARF) lan\u00e7ou para celebrar o centen\u00e1rio de nascimento do pont\u00edfice polon\u00eas que se comemorar\u00e1 no dia 18 de maio. A peregrina\u00e7\u00e3o, que \u00e9 motivada com o lema &#8220;Lan\u00e7a-te a uma viagem apaixonante!&#8221;, ocorrer\u00e1 entre os dias 22 a 27 de maio com sa\u00eddas a partir de Madri e Barcelona para descobrir a terra natal do Papa santo.<\/p>\n<p>&#8220;Nos aproximaremos aos lugares onde cresceu e viveu Karol Wojtyla, para conhecer seu pa\u00eds, sua hist\u00f3ria e sua arraigada F\u00e9 em Jesus Cristo (&#8230;) Durante esta viagem descobrir\u00e1s a grande personalidade de Jo\u00e3o Paulo II e sua grande luta para defender os valores crist\u00e3os ao longo de toda sua vida&#8221;, indicam a partir de CARF em informa\u00e7\u00f5es sobre a peregrina\u00e7\u00e3o. Durante o itiner\u00e1rio se visitar\u00e1 o Santu\u00e1rio de Jasna Gora, considerado o principal centro de peregrina\u00e7\u00e3o da Pol\u00f4nia. Ali se encontra a imagem de Nossa Senhora de Czestochowa, que se diz foi pintada por S\u00e3o Lucas. Tamb\u00e9m haver\u00e1 uma peregrina\u00e7\u00e3o por Wadowise, povoado natal de Jo\u00e3o Paulo II, onde os peregrinos se aproximar\u00e3o da casa onde nasceu, hoje convertida em um museu com objetos pessoais do Santo; assim como a Bas\u00edlica onde foi batizado. A peregrina\u00e7\u00e3o incluir\u00e1, ainda, uma visita ao Museu de Auschwitz, antigo complexo de campos de concentra\u00e7\u00e3o, que foi dos maiores que se estabeleceram durante a Segunda Guerra Mundial.<\/p>\n<p>O lugar \u00e9 s\u00edmbolo do mart\u00edrio de S\u00e3o Maximiliano Kolbe e Santa Edith Stein. Al\u00e9m disso, se percorrer\u00e1 a zona antiga de Crac\u00f3via, cidade vinculada com S\u00e3o Jo\u00e3o Paulo II, onde foi Arcebispo. Adicionalmente, se visitar\u00e3o as Minas de Sal de Wieliczka, situadas perto de Crac\u00f3via e um dos monumentos de maior valor cultural e espiritual que h\u00e1 na Pol\u00f4nia onde se escavaram belas capelas. De acordo com Edgardo Calvente, diretor de Promo\u00e7\u00e3o de CARF, esta peregrina\u00e7\u00e3o ser\u00e1 uma oportunidade para orar pelas voca\u00e7\u00f5es pedindo a intercess\u00e3o de S\u00e3o Jo\u00e3o Paulo II, que foi modelo no sacerd\u00f3cio. &#8220;\u00c0s vezes falamos da falta de voca\u00e7\u00f5es, e o melhor n\u00e3o \u00e9 tanto falta de voca\u00e7\u00f5es como n\u00e3o apoiar aquelas voca\u00e7\u00f5es que surgem para que possam prosperar.<\/p>\n<p>Uma boa voca\u00e7\u00e3o que surge em qualquer ponto do mundo se n\u00e3o a apoiamos, n\u00e3o a impulsionamos e n\u00e3o a formamos adequadamente pode perder-se&#8221;, comentou Calvente. O Centro Acad\u00eamico Romano Funda\u00e7\u00e3o CARF, que se estabeleceu em 1989, oferecer ajuda na forma\u00e7\u00e3o integral de sacerdotes e seminaristas da Pontif\u00edcia Universidade da Santa Cruz de Roma, e das Faculdades de Estudos Eclesi\u00e1sticos da Universidade de Navarra e dos Col\u00e9gios Eclesi\u00e1sticos Internacionais Sedes Sapientiae e Bidasoa. (Gaudiumpress)<\/p>\n<p>\u202a<\/p>\n","protected":false},"excerpt":{"rendered":"<p>Seguir os passos de S\u00e3o Jo\u00e3o Paulo II na Pol\u00f4nia \u00e9 a proposta de peregrina\u00e7\u00e3o que o Centro Acad\u00eamico Romano Funda\u00e7\u00e3o (CARF) lan\u00e7ou para celebrar o centen\u00e1rio de nascimento do pont\u00edfice polon\u00eas que se comemorar\u00e1 no dia 18 de maio. A peregrina\u00e7\u00e3o, que \u00e9 motivada com o lema &#8220;Lan\u00e7a-te a uma viagem apaixonante!&#8221;, ocorrer\u00e1 entre&nbsp;<\/p>\n<p><a class=\"btn btn-style\" href=\"https:\/\/portalcatolico.net\/portal\/por-novas-vocacoes-se-promove-peregrinacao-a-polonia-no-centenario-de-sao-joao-paulo-ii-%e2%80%aatodos-os-direitos-reservados-www-gaudiumpress-org-c%e2%80%ac-https-www-gaudiumpress-org-content-1\/\">Continue Reading<\/a><\/p>\n","protected":false},"author":2,"featured_media":68374,"comment_status":"open","ping_status":"open","sticky":false,"template":"","format":"standard","meta":{"footnotes":""},"categories":[5],"tags":[],"class_list":["post-68373","post","type-post","status-publish","format-standard","has-post-thumbnail","hentry","category-igreja_no_mundo"],"_links":{"self":[{"href":"https:\/\/portalcatolico.net\/portal\/wp-json\/wp\/v2\/posts\/68373","targetHints":{"allow":["GET"]}}],"collection":[{"href":"https:\/\/portalcatolico.net\/portal\/wp-json\/wp\/v2\/posts"}],"about":[{"href":"https:\/\/portalcatolico.net\/portal\/wp-json\/wp\/v2\/types\/post"}],"author":[{"embeddable":true,"href":"https:\/\/portalcatolico.net\/portal\/wp-json\/wp\/v2\/users\/2"}],"replies":[{"embeddable":true,"href":"https:\/\/portalcatolico.net\/portal\/wp-json\/wp\/v2\/comments?post=68373"}],"version-history":[{"count":2,"href":"https:\/\/portalcatolico.net\/portal\/wp-json\/wp\/v2\/posts\/68373\/revisions"}],"predecessor-version":[{"id":68377,"href":"https:\/\/portalcatolico.net\/portal\/wp-json\/wp\/v2\/posts\/68373\/revisions\/68377"}],"wp:featuredmedia":[{"embeddable":true,"href":"https:\/\/portalcatolico.net\/portal\/wp-json\/wp\/v2\/media\/68374"}],"wp:attachment":[{"href":"https:\/\/portalcatolico.net\/portal\/wp-json\/wp\/v2\/media?parent=68373"}],"wp:term":[{"taxonomy":"category","embeddable":true,"href":"https:\/\/portalcatolico.net\/portal\/wp-json\/wp\/v2\/categories?post=68373"},{"taxonomy":"post_tag","embeddable":true,"href":"https:\/\/portalcatolico.net\/portal\/wp-json\/wp\/v2\/tags?post=68373"}],"curies":[{"name":"wp","href":"https:\/\/api.w.org\/{rel}","templated":true}]}}