{"id":68370,"date":"2020-02-10T22:03:36","date_gmt":"2020-02-11T01:03:36","guid":{"rendered":"http:\/\/portalcatolico.net\/portal\/?p=68370"},"modified":"2020-02-10T22:03:36","modified_gmt":"2020-02-11T01:03:36","slug":"o-que-deve-saber-sobre-a-famosa-agua-de-lourdes","status":"publish","type":"post","link":"https:\/\/portalcatolico.net\/portal\/o-que-deve-saber-sobre-a-famosa-agua-de-lourdes\/","title":{"rendered":"O que deve saber sobre a famosa \u00e1gua de Lourdes"},"content":{"rendered":"<p>Sabia que da gruta de Massabielle, no Santu\u00e1rio de Lourdes (Fran\u00e7a), brota \u00e1gua com a qual foram realizados muitos milagres?<\/p>\n<p>O Santu\u00e1rio localizado na Fran\u00e7a descreveu h\u00e1 alguns anos em seu site tudo o que os peregrinos devem saber sobre essa \u00e1gua, informa\u00e7\u00e3o que \u00e9 preciso recordar, sobretudo \u00e0s v\u00e9speras da celebra\u00e7\u00e3o da festa de&nbsp;Nossa Senhora de Lourdes&nbsp;e do&nbsp;28\u00ba Dia Mundial do Doente, em 11 de fevereiro.<\/p>\n<p>Tudo come\u00e7ou em 25 de fevereiro de 1858, quando a&nbsp;Virgem Maria&nbsp;disse \u00e0 Santa Bernadette: \u201cBeba e entre na fonte\u201d, o que, para o santu\u00e1rio, se traduz em \u201cum convite para todos os peregrinos at\u00e9 hoje\u201d.<\/p>\n<p>\u201cA \u00e1gua de Lourdes n\u00e3o deve ser confundida com a \u00e1gua benta. \u00c9 uma \u00e1gua normal, ligeiramente calc\u00e1ria e compar\u00e1vel a qualquer outra \u00e1gua de fontes pr\u00f3ximas\u201d, que n\u00e3o \u00e9 t\u00e9rmica ou tem uma propriedade espec\u00edfica, mas \u201c\u00e9 completamente independente do rio Gave de Pau e \u00e9 conduzida atrav\u00e9s de alguns canais aos reservat\u00f3rios para alimentar diferentes torneiras diferentes e piscinas\u201d.<\/p>\n<p>\u201cAparentemente, o meio mais frequente de cura \u00e9 com o uso da \u00e1gua da fonte, tanto na aplica\u00e7\u00e3o direta como bebendo ou tomando banho com ela. A&nbsp;Igreja&nbsp;Cat\u00f3lica especifica que Deus cura atrav\u00e9s dos elementos naturais e dos&nbsp;sacramentos, com a ajuda da Virgem Maria e da ora\u00e7\u00e3o dos crist\u00e3os\u201d, indica.<\/p>\n<p>Atualmente, existem in\u00fameros milagres que est\u00e3o vinculados ao uso da \u00e1gua, depois de ocorridas as apari\u00e7\u00f5es da Virgem Maria, desde 1858.<\/p>\n<p>Santa Bernadette Soubirous disse certa vez: \u201cEsta \u00e1gua \u00e9 considerada como um rem\u00e9dio&#8230; mas voc\u00ea tem que manter a f\u00e9 e rezar: esta \u00e1gua n\u00e3o poderia fazer nada sem f\u00e9\u201d.(ACI)<\/p>\n<p>Gruta de Lourdes \/ Foto: Flickr de Lawrence OP (CC-BY-NC-ND 2.0)<\/p>\n","protected":false},"excerpt":{"rendered":"<p>Sabia que da gruta de Massabielle, no Santu\u00e1rio de Lourdes (Fran\u00e7a), brota \u00e1gua com a qual foram realizados muitos milagres? O Santu\u00e1rio localizado na Fran\u00e7a descreveu h\u00e1 alguns anos em seu site tudo o que os peregrinos devem saber sobre essa \u00e1gua, informa\u00e7\u00e3o que \u00e9 preciso recordar, sobretudo \u00e0s v\u00e9speras da celebra\u00e7\u00e3o da festa de&nbsp;Nossa&nbsp;<\/p>\n<p><a class=\"btn btn-style\" href=\"https:\/\/portalcatolico.net\/portal\/o-que-deve-saber-sobre-a-famosa-agua-de-lourdes\/\">Continue Reading<\/a><\/p>\n","protected":false},"author":2,"featured_media":68371,"comment_status":"open","ping_status":"open","sticky":false,"template":"","format":"standard","meta":{"footnotes":""},"categories":[5],"tags":[],"class_list":["post-68370","post","type-post","status-publish","format-standard","has-post-thumbnail","hentry","category-igreja_no_mundo"],"_links":{"self":[{"href":"https:\/\/portalcatolico.net\/portal\/wp-json\/wp\/v2\/posts\/68370","targetHints":{"allow":["GET"]}}],"collection":[{"href":"https:\/\/portalcatolico.net\/portal\/wp-json\/wp\/v2\/posts"}],"about":[{"href":"https:\/\/portalcatolico.net\/portal\/wp-json\/wp\/v2\/types\/post"}],"author":[{"embeddable":true,"href":"https:\/\/portalcatolico.net\/portal\/wp-json\/wp\/v2\/users\/2"}],"replies":[{"embeddable":true,"href":"https:\/\/portalcatolico.net\/portal\/wp-json\/wp\/v2\/comments?post=68370"}],"version-history":[{"count":1,"href":"https:\/\/portalcatolico.net\/portal\/wp-json\/wp\/v2\/posts\/68370\/revisions"}],"predecessor-version":[{"id":68372,"href":"https:\/\/portalcatolico.net\/portal\/wp-json\/wp\/v2\/posts\/68370\/revisions\/68372"}],"wp:featuredmedia":[{"embeddable":true,"href":"https:\/\/portalcatolico.net\/portal\/wp-json\/wp\/v2\/media\/68371"}],"wp:attachment":[{"href":"https:\/\/portalcatolico.net\/portal\/wp-json\/wp\/v2\/media?parent=68370"}],"wp:term":[{"taxonomy":"category","embeddable":true,"href":"https:\/\/portalcatolico.net\/portal\/wp-json\/wp\/v2\/categories?post=68370"},{"taxonomy":"post_tag","embeddable":true,"href":"https:\/\/portalcatolico.net\/portal\/wp-json\/wp\/v2\/tags?post=68370"}],"curies":[{"name":"wp","href":"https:\/\/api.w.org\/{rel}","templated":true}]}}