{"id":68366,"date":"2020-02-10T04:23:38","date_gmt":"2020-02-10T07:23:38","guid":{"rendered":"http:\/\/portalcatolico.net\/portal\/?p=68366"},"modified":"2020-02-10T21:24:03","modified_gmt":"2020-02-11T00:24:03","slug":"nossa-senhora-de-lourdes-e-celebrada-em-itabuna-festividades-vao-ate-esta-terca-feira","status":"publish","type":"post","link":"https:\/\/portalcatolico.net\/portal\/nossa-senhora-de-lourdes-e-celebrada-em-itabuna-festividades-vao-ate-esta-terca-feira\/","title":{"rendered":"Nossa Senhora de Lourdes \u00e9 celebrada em Itabuna. Festividades v\u00e3o at\u00e9 esta ter\u00e7a-feira!"},"content":{"rendered":"<p>O Tr\u00edduo em prepara\u00e7\u00e3o para a Festa de Nossa Senhora de Lourdes,&nbsp;padroeira do bairro Fonseca,&nbsp; continua em Itabuna (BA). A comunidade&nbsp; comp\u00f5e a par\u00f3quia&nbsp;Santa Rita de C\u00e1ssia. O Tr\u00edduo&nbsp;teve in\u00edcio no \u00faltimo s\u00e1bado (08), com a presid\u00eancia do vig\u00e1rio&nbsp;paroquial, o Pe. Frei Jos\u00e9 Lu\u00eds, e segue at\u00e9 a&nbsp;ter\u00e7a-feira (11), dia dedicado \u00e0 santa padroeira do bairro.<br \/>\nO tema central da festa \u00e9: &#8220;Maria, Modelo de Voca\u00e7\u00e3o&#8221;.<br \/>\nA Comunidade Nossa Senhora de Lourdes fica localizada na Rua Alzira&nbsp;Fonseca, 205, bairro Fonseca e tem como padres respons\u00e1veis, os Frades&nbsp;&nbsp;Menores Capuchinhos: Pe.&nbsp; Frei Gilton Oliveira (p\u00e1roco) e vig\u00e1rio&nbsp;paroquial, o Pe. Frei Jos\u00e9 Lu\u00eds.<\/p>\n<p>Neste domingo ( 09\/02) aconteceu 2\u00aa Noite&nbsp;do Tr\u00edduo.&nbsp;A celebra\u00e7\u00e3o eucar\u00edstica teve in\u00edcio \u00e0s 19h,com a&nbsp; presid\u00eancia de Dom Carlos&nbsp;Alberto, e a noite foi dedicada aos homens.<br \/>\nPara refletir o subtema da noite, &#8220;Voca\u00e7\u00e3o: Chamado de Deus,resposta do Homem&#8221;, o convidado especial foi o bispo&nbsp;diocesano, dom Carlos Alberto dos Santos. Na homilia, ele disse: &#8220;A sabedoria do mundo passa, a sabedoria de Deus permanece. \u00c9 preciso dizer: &#8216;o que queres de mim, o que queres que eu fa\u00e7a, aqui estou!&#8217;. \u00c9 preciso rezar o ter\u00e7o todos os dias, agradecer pela fam\u00edlia todos os dias. \u00c9 preciso amar a cada um com a sua vida, com o seu jeito de ser. \u00c9 preciso se questionar: &#8216;ser\u00e1 que Deus est\u00e1 brilhando em minha pessoa e estou iluminando por onde eu passo? O que eu estou fazendo, estou fazendo para Deus ou para me mostrar?&#8217; \u00c9 preciso agradecer a Deus pela M\u00e3e que Ele nos Deus, Nossa Senhora de Lourdes! Esta M\u00e3e que ama, esta M\u00e3e que \u00e9 modelo de mulher, modelo de f\u00e9, modelo de uma mulher doada. \u00c9 preciso colocar a Palavra de Deus em sua vida&#8221;.<\/p>\n<p>Na Liturgia, os respons\u00e1veis foram os membros da&nbsp; Comunidade Santa Luzia.<br \/>\nOs convidados da segunda noite foram: a comunidade Santa Luzia, Ter\u00e7o dos&nbsp;homens, Pastoral Familiar, Pastoral do D\u00edzimo, Pastoral da Catequese e Pascom-Pastoral da Comunica\u00e7\u00e3o.<br \/>\nA quermesse ficou sob a responsabilidade da Pastoral Catequese e&nbsp;Praesidium M\u00e3e do Criador.<\/p>\n<p>Vale ressaltar que este ano, a coordena\u00e7\u00e3o&nbsp;disponibilizou um espa\u00e7o para as crian\u00e7as, a &#8220;Videoteca&#8221;, com momentos de&nbsp;lazer e de evangeliza\u00e7\u00e3o com a colabora\u00e7\u00e3o das catequistas.<br \/>\nA novidade \u00e9 que est\u00e1 sendo realizado, no evento,&nbsp;um brech\u00f3 com roupas e cal\u00e7ados de&nbsp;gra\u00e7a.<\/p>\n<p><strong>Confira a programa\u00e7\u00e3o completa:<\/strong><\/p>\n<p>Terceira noite, segunda-feira, dia 10:<\/p>\n<p>19h- Missa dedicada \u00e0s mulheres<br \/>\nSubtema: &#8220;Voca\u00e7\u00e3o Sacerdotal e religiosa, servi\u00e7o do amor de Deus&#8221;.<br \/>\nCelebrante: Di\u00e1cono Othon Dantas&nbsp;<br \/>\nRespons\u00e1veis pela liturgia: Comunidade S\u00e3o Paulo Ap\u00f3stolo<br \/>\nConvidados: Comunidades S\u00e3o Paulo Ap\u00f3stolo, Minist\u00e9rio de M\u00fasica,<br \/>\nRenova\u00e7\u00e3o Carism\u00e1tica Cat\u00f3lica (RCC), Legi\u00e3o de Maria, Apostolado da<br \/>\nOra\u00e7\u00e3o e Ministros Extraordin\u00e1rios da Comunh\u00e3o Eucari\u00f3tica (MECE).<br \/>\nQuermesse: Praesidium Rainha da Paz<\/p>\n<p><strong>Dia Festivo, ter\u00e7a-feira, 11\/02&nbsp;(Dia dedicado \u00e0 Nossa Senhora de Lourdes):<\/strong><br \/>\n6h-Alvorada<br \/>\n7h-Santa Of\u00edcio<br \/>\n18h-Ter\u00e7o Mariano<br \/>\n19h-Missa Solene, encerramento com a prociss\u00e3o com a Imagem da Santa pelas ruas do bairro, e Ben\u00e7\u00e3o do Sant\u00edssimo&nbsp;Sacramento.<br \/>\nCelebrante: Padre Frei Gilton Oliveira (p\u00e1roco) da par\u00f3quia santa Rita de C\u00e1ssia.<br \/>\nConvidados especiais: Todos os grupos, pastorais, movimentos e todos os devotos de Nossa Senhora de Lourdes.<br \/>\nLiturgia: Comunidade de Nossa Senhora de Lourdes<br \/>\nQuermesse: Praesidium Sede de Sabedoria, Pastoral da Catequese, Praesidium M\u00e3e do Criador, Praesidium, Rainha da Paz, Minist\u00e9rio de M\u00fasica Utopia.<\/p>\n","protected":false},"excerpt":{"rendered":"<p>O Tr\u00edduo em prepara\u00e7\u00e3o para a Festa de Nossa Senhora de Lourdes,&nbsp;padroeira do bairro Fonseca,&nbsp; continua em Itabuna (BA). A comunidade&nbsp; comp\u00f5e a par\u00f3quia&nbsp;Santa Rita de C\u00e1ssia. O Tr\u00edduo&nbsp;teve in\u00edcio no \u00faltimo s\u00e1bado (08), com a presid\u00eancia do vig\u00e1rio&nbsp;paroquial, o Pe. Frei Jos\u00e9 Lu\u00eds, e segue at\u00e9 a&nbsp;ter\u00e7a-feira (11), dia dedicado \u00e0 santa padroeira do&nbsp;<\/p>\n<p><a class=\"btn btn-style\" href=\"https:\/\/portalcatolico.net\/portal\/nossa-senhora-de-lourdes-e-celebrada-em-itabuna-festividades-vao-ate-esta-terca-feira\/\">Continue Reading<\/a><\/p>\n","protected":false},"author":2,"featured_media":68367,"comment_status":"open","ping_status":"open","sticky":false,"template":"","format":"standard","meta":{"footnotes":""},"categories":[68],"tags":[],"class_list":["post-68366","post","type-post","status-publish","format-standard","has-post-thumbnail","hentry","category-homilias"],"_links":{"self":[{"href":"https:\/\/portalcatolico.net\/portal\/wp-json\/wp\/v2\/posts\/68366","targetHints":{"allow":["GET"]}}],"collection":[{"href":"https:\/\/portalcatolico.net\/portal\/wp-json\/wp\/v2\/posts"}],"about":[{"href":"https:\/\/portalcatolico.net\/portal\/wp-json\/wp\/v2\/types\/post"}],"author":[{"embeddable":true,"href":"https:\/\/portalcatolico.net\/portal\/wp-json\/wp\/v2\/users\/2"}],"replies":[{"embeddable":true,"href":"https:\/\/portalcatolico.net\/portal\/wp-json\/wp\/v2\/comments?post=68366"}],"version-history":[{"count":1,"href":"https:\/\/portalcatolico.net\/portal\/wp-json\/wp\/v2\/posts\/68366\/revisions"}],"predecessor-version":[{"id":68368,"href":"https:\/\/portalcatolico.net\/portal\/wp-json\/wp\/v2\/posts\/68366\/revisions\/68368"}],"wp:featuredmedia":[{"embeddable":true,"href":"https:\/\/portalcatolico.net\/portal\/wp-json\/wp\/v2\/media\/68367"}],"wp:attachment":[{"href":"https:\/\/portalcatolico.net\/portal\/wp-json\/wp\/v2\/media?parent=68366"}],"wp:term":[{"taxonomy":"category","embeddable":true,"href":"https:\/\/portalcatolico.net\/portal\/wp-json\/wp\/v2\/categories?post=68366"},{"taxonomy":"post_tag","embeddable":true,"href":"https:\/\/portalcatolico.net\/portal\/wp-json\/wp\/v2\/tags?post=68366"}],"curies":[{"name":"wp","href":"https:\/\/api.w.org\/{rel}","templated":true}]}}