{"id":68362,"date":"2020-02-10T13:00:59","date_gmt":"2020-02-10T16:00:59","guid":{"rendered":"http:\/\/portalcatolico.net\/portal\/?p=68362"},"modified":"2020-02-10T13:00:59","modified_gmt":"2020-02-10T16:00:59","slug":"palavra-do-pastor-dom-carlos-fala-sobre-vocacao-na-festa-de-nossa-senhora-de-lourdes","status":"publish","type":"post","link":"https:\/\/portalcatolico.net\/portal\/palavra-do-pastor-dom-carlos-fala-sobre-vocacao-na-festa-de-nossa-senhora-de-lourdes\/","title":{"rendered":"Palavra do Pastor: Dom Carlos fala sobre voca\u00e7\u00e3o na Festa de Nossa Senhora de Lourdes"},"content":{"rendered":"<p>Na &#8220;Palavra do Pastor&#8221; desta semana, dom Carlos Alberto dos Santos, bispo da Diocese de Itabuna, fala sobre o subtema que foi refletido na Festa de Nossa Senhora de Lourdes em Itabuna, neste domingo, 9 de fevereiro: &#8220;Voca\u00e7\u00e3o: Chamado de Deus, resposta do Homem&#8221;. Confira a mensagem do bispo.<\/p>\n<p>&#8220;\u00c9 preciso servir como Jesus fez. \u00c9 preciso amar como Jesus fez. Esta \u00e9 a nossa miss\u00e3o: levar Jesus. Iluminar o caminho por onde eu passo. Ser luz, sem sal da terra, ser est\u00edmulo para o outro, para ser um bom crist\u00e3o, para ser apaixonado por Jesus e por Nossa Senhora. Ser\u00e1 que voc\u00eas rezam todos os dias? Ou rezam com pressa? Rezar \u00e9 encontrar-se com algu\u00e9m e esse algu\u00e9m \u00e9 Jesus.<\/p>\n<p>Para a fam\u00edlia de Deus n\u00f3s n\u00e3o podemos ter pressa. \u00c9 preciso buscar a sabedoria de Deus. A sabedoria do mundo passa, a sabedoria de Deus permanece. \u00c9 preciso dizer: &#8216;o que queres de mim, o que queres que eu fa\u00e7a, aqui estou!&#8217;. \u00c9 preciso rezar o ter\u00e7o todos os dias, agradecer pela fam\u00edlia todos os dias. \u00c9 preciso amar a cada um com a sua vida, com o seu jeito de ser. \u00c9 preciso se questionar: &#8216;ser\u00e1 que Deus est\u00e1 brilhando em minha pessoa e estou iluminando por onde eu passo? O que eu estou fazendo, estou fazendo para Deus ou para me mostrar?&#8217;<\/p>\n<p>\u00c9 preciso agradecer a Deus pela M\u00e3e que Ele nos deu, Nossa Senhora de Lourdes! Esta M\u00e3e que ama, esta M\u00e3e que \u00e9 modelo de mulher, modelo de f\u00e9, modelo de uma mulher doada. \u00c9 preciso colocar a Palavra de Deus em sua vida. Voca\u00e7\u00e3o \u00e9 dom de Deus. \u00c9 preciso dizer: &#8216;Aqui estou, Senhor, para fazer a Tua vontade!&#8217; Que Nossa Senhora de Lourdes nos aben\u00e7oe!&#8221;, disse o bispo.<\/p>\n<p>Foto:Acervo\/Portal Cat\u00f3lico.Net<\/p>\n","protected":false},"excerpt":{"rendered":"<p>Na &#8220;Palavra do Pastor&#8221; desta semana, dom Carlos Alberto dos Santos, bispo da Diocese de Itabuna, fala sobre o subtema que foi refletido na Festa de Nossa Senhora de Lourdes em Itabuna, neste domingo, 9 de fevereiro: &#8220;Voca\u00e7\u00e3o: Chamado de Deus, resposta do Homem&#8221;. Confira a mensagem do bispo. &#8220;\u00c9 preciso servir como Jesus fez.&nbsp;<\/p>\n<p><a class=\"btn btn-style\" href=\"https:\/\/portalcatolico.net\/portal\/palavra-do-pastor-dom-carlos-fala-sobre-vocacao-na-festa-de-nossa-senhora-de-lourdes\/\">Continue Reading<\/a><\/p>\n","protected":false},"author":2,"featured_media":68363,"comment_status":"open","ping_status":"open","sticky":false,"template":"","format":"standard","meta":{"footnotes":""},"categories":[72],"tags":[],"class_list":["post-68362","post","type-post","status-publish","format-standard","has-post-thumbnail","hentry","category-palavra-do-pastor"],"_links":{"self":[{"href":"https:\/\/portalcatolico.net\/portal\/wp-json\/wp\/v2\/posts\/68362","targetHints":{"allow":["GET"]}}],"collection":[{"href":"https:\/\/portalcatolico.net\/portal\/wp-json\/wp\/v2\/posts"}],"about":[{"href":"https:\/\/portalcatolico.net\/portal\/wp-json\/wp\/v2\/types\/post"}],"author":[{"embeddable":true,"href":"https:\/\/portalcatolico.net\/portal\/wp-json\/wp\/v2\/users\/2"}],"replies":[{"embeddable":true,"href":"https:\/\/portalcatolico.net\/portal\/wp-json\/wp\/v2\/comments?post=68362"}],"version-history":[{"count":1,"href":"https:\/\/portalcatolico.net\/portal\/wp-json\/wp\/v2\/posts\/68362\/revisions"}],"predecessor-version":[{"id":68364,"href":"https:\/\/portalcatolico.net\/portal\/wp-json\/wp\/v2\/posts\/68362\/revisions\/68364"}],"wp:featuredmedia":[{"embeddable":true,"href":"https:\/\/portalcatolico.net\/portal\/wp-json\/wp\/v2\/media\/68363"}],"wp:attachment":[{"href":"https:\/\/portalcatolico.net\/portal\/wp-json\/wp\/v2\/media?parent=68362"}],"wp:term":[{"taxonomy":"category","embeddable":true,"href":"https:\/\/portalcatolico.net\/portal\/wp-json\/wp\/v2\/categories?post=68362"},{"taxonomy":"post_tag","embeddable":true,"href":"https:\/\/portalcatolico.net\/portal\/wp-json\/wp\/v2\/tags?post=68362"}],"curies":[{"name":"wp","href":"https:\/\/api.w.org\/{rel}","templated":true}]}}