{"id":68359,"date":"2020-02-10T12:51:34","date_gmt":"2020-02-10T15:51:34","guid":{"rendered":"http:\/\/portalcatolico.net\/portal\/?p=68359"},"modified":"2020-02-10T12:51:34","modified_gmt":"2020-02-10T15:51:34","slug":"papa-francisco-celebrara-pentecostes-em-malta","status":"publish","type":"post","link":"https:\/\/portalcatolico.net\/portal\/papa-francisco-celebrara-pentecostes-em-malta\/","title":{"rendered":"Papa Francisco celebrar\u00e1 Pentecostes em Malta"},"content":{"rendered":"<p>A Sala de Imprensa da Santa S\u00e9 informou nesta segunda-feira, 10 de fevereiro, que o Papa Francisco celebrar\u00e1&nbsp;Pentecostes&nbsp;em Malta; esta \u00e9 a primeira viagem anunciada do Pont\u00edfice para este ano de 2020.<\/p>\n<p>Segundo o comunicado do Vaticano, o Santo Padre visitar\u00e1 Malta e Gozo em 31 de maio, ap\u00f3s acolher um convite do presidente da Rep\u00fablica de Malta, das autoridades e da&nbsp;Igreja&nbsp;Cat\u00f3lica do pa\u00eds. O programa oficial da viagem ser\u00e1 publicado futuramente.<\/p>\n<p>Foi divulgada ainda a logo da visita, a qual apresenta \u201cduas m\u00e3os voltadas para a Cruz, provenientes de um navio \u00e0 merc\u00ea das ondas\u201d.<\/p>\n<p>\u201cAs m\u00e3os representam um sinal de acolhida do crist\u00e3o em rela\u00e7\u00e3o ao pr\u00f3ximo e de assist\u00eancia \u00e0queles que est\u00e3o em dificuldade, abandonados ao seu destino. O barco recorda a dram\u00e1tica hist\u00f3ria do naufr\u00e1gio do ap\u00f3stolo Paulo na ilha de Malta (cf. At 27,27-44) e a acolhida dos malteses ao ap\u00f3stolo e aos n\u00e1ufragos (cf. At 28,1-10)\u201d, explicam.<\/p>\n<p>O Papa Francisco realizar\u00e1 esta viagem ap\u00f3s ter recebido no Vaticano o presidente de Malta, George Vella, em 16 de setembro de 2019. Na ocasi\u00e3o, indica VaticanNews, ambos conversaram sobre os desafios do \u201cfen\u00f4meno das migra\u00e7\u00f5es para a Europa, no qual est\u00e3o fortemente comprometidos a Igreja e o Governo malt\u00eas\u201d, e tamb\u00e9m sobre a prote\u00e7\u00e3o do meio ambiente, al\u00e9m de situa\u00e7\u00f5es regionais quanto ao Mediterr\u00e2neo.<\/p>\n<p><strong>Nas pegadas do Ap\u00f3stolo Paulo<\/strong><\/p>\n<p>Conforme assinala&nbsp;<a href=\"https:\/\/www.acidigital.com\/\">ACI<\/a>&nbsp;Stampa \u2013 ag\u00eancia em italiano do Grupo ACI \u2013 esta ser\u00e1 uma viagem nas pegadas de Paulo, mas tamb\u00e9m centrada no tema da migra\u00e7\u00e3o, recordando que a passagem do ap\u00f3stolo dos Gentios pela Ilha de Malta foi abordada pelo Santo Padre no \u00faltimo m\u00eas, em seu ciclo de catequeses sobre os Atos dos Ap\u00f3stolos.<\/p>\n<p>Em 8 de janeiro, ao comentar o naufr\u00e1gio de Paulo e sua chegada \u00e0 Ilha de Malta, o Santo Padre ressaltou como os habitantes daquele local \u201cmostram um acolhimento atencioso\u201d e sublinhou que os malteses \u201cs\u00e3o acolhedores j\u00e1 desde aquela \u00e9poca\u201d.<\/p>\n<p>Posteriormente, Francisco voltou a falar sobre esta passagem b\u00edblica, na audi\u00eancia geral de 22 de janeiro, no contexto da Semana de Ora\u00e7\u00e3o pela Unidade dos Crist\u00e3os, sob o tema \u201cTrataram-nos com gentileza\u201d. O Santo Padre destacou a \u201chospitalidade\u201d dos malteses.<\/p>\n<p>Assim, indica ACI Stampa, esta primeira viagem internacional do Papa Francisco anunciada para 2020 poderia se inserir, particularmente, em um ano caracterizado pelos passos do Ap\u00f3stolo Paulo, tendo em vista a possibilidade de uma visita aos lugares da prega\u00e7\u00e3o de S\u00e3o Paulo na Gr\u00e9cia, em uma viagem ecum\u00eanica em que poderia ser acompanhado pelo patriarca Bartolomeu de Constantinopla<\/p>\n<p>Al\u00e9m disso, a viagem de Francisco \u00e0 Malta ser\u00e1 a quarta visita papal \u00e0 ilha em 30 anos. O primeiro pont\u00edfice a visit\u00e1-la foi S\u00e3o Jo\u00e3o Paulo II, que esteve no local por suas ocasi\u00f5es, em 1999 e em 2001, presidindo a&nbsp;Missa&nbsp;de beatifica\u00e7\u00e3o de Dun Gorg Preca, Ir. Adeodata Pisani e Naziu Falzon.<\/p>\n<p>Por sua vez,&nbsp;Bento XVI&nbsp;viajou a Malta em 2010.(ACI Digital)<\/p>\n","protected":false},"excerpt":{"rendered":"<p>A Sala de Imprensa da Santa S\u00e9 informou nesta segunda-feira, 10 de fevereiro, que o Papa Francisco celebrar\u00e1&nbsp;Pentecostes&nbsp;em Malta; esta \u00e9 a primeira viagem anunciada do Pont\u00edfice para este ano de 2020. Segundo o comunicado do Vaticano, o Santo Padre visitar\u00e1 Malta e Gozo em 31 de maio, ap\u00f3s acolher um convite do presidente da&nbsp;<\/p>\n<p><a class=\"btn btn-style\" href=\"https:\/\/portalcatolico.net\/portal\/papa-francisco-celebrara-pentecostes-em-malta\/\">Continue Reading<\/a><\/p>\n","protected":false},"author":2,"featured_media":68360,"comment_status":"open","ping_status":"open","sticky":false,"template":"","format":"standard","meta":{"footnotes":""},"categories":[5],"tags":[],"class_list":["post-68359","post","type-post","status-publish","format-standard","has-post-thumbnail","hentry","category-igreja_no_mundo"],"_links":{"self":[{"href":"https:\/\/portalcatolico.net\/portal\/wp-json\/wp\/v2\/posts\/68359","targetHints":{"allow":["GET"]}}],"collection":[{"href":"https:\/\/portalcatolico.net\/portal\/wp-json\/wp\/v2\/posts"}],"about":[{"href":"https:\/\/portalcatolico.net\/portal\/wp-json\/wp\/v2\/types\/post"}],"author":[{"embeddable":true,"href":"https:\/\/portalcatolico.net\/portal\/wp-json\/wp\/v2\/users\/2"}],"replies":[{"embeddable":true,"href":"https:\/\/portalcatolico.net\/portal\/wp-json\/wp\/v2\/comments?post=68359"}],"version-history":[{"count":1,"href":"https:\/\/portalcatolico.net\/portal\/wp-json\/wp\/v2\/posts\/68359\/revisions"}],"predecessor-version":[{"id":68361,"href":"https:\/\/portalcatolico.net\/portal\/wp-json\/wp\/v2\/posts\/68359\/revisions\/68361"}],"wp:featuredmedia":[{"embeddable":true,"href":"https:\/\/portalcatolico.net\/portal\/wp-json\/wp\/v2\/media\/68360"}],"wp:attachment":[{"href":"https:\/\/portalcatolico.net\/portal\/wp-json\/wp\/v2\/media?parent=68359"}],"wp:term":[{"taxonomy":"category","embeddable":true,"href":"https:\/\/portalcatolico.net\/portal\/wp-json\/wp\/v2\/categories?post=68359"},{"taxonomy":"post_tag","embeddable":true,"href":"https:\/\/portalcatolico.net\/portal\/wp-json\/wp\/v2\/tags?post=68359"}],"curies":[{"name":"wp","href":"https:\/\/api.w.org\/{rel}","templated":true}]}}