{"id":68356,"date":"2020-02-12T00:27:20","date_gmt":"2020-02-12T03:27:20","guid":{"rendered":"http:\/\/portalcatolico.net\/portal\/?p=68356"},"modified":"2020-02-09T14:28:14","modified_gmt":"2020-02-09T17:28:14","slug":"comunidade-catolica-filhos-de-israel-celebra-26-anos","status":"publish","type":"post","link":"https:\/\/portalcatolico.net\/portal\/comunidade-catolica-filhos-de-israel-celebra-26-anos\/","title":{"rendered":"Comunidade Cat\u00f3lica Filhos de Israel celebra 26 anos!"},"content":{"rendered":"<p>A Comunidade&nbsp; Cat\u00f3lica Filhos de Israel convida voc\u00ea para participar da Missa em&nbsp;A\u00e7\u00e3o de Gra\u00e7as pelos 26 Anos de funda\u00e7\u00e3o e servi\u00e7o \u00e0 Igreja. A Celebra\u00e7\u00e3o Eucar\u00edstica acontecer\u00e1 no dia 15 de Fevereiro, \u00e0s 18h,na Casa da Provid\u00eancia, situada na Rua 1, N\u00ba 142, bairro Loteamento&nbsp;Para\u00edso, em Itabuna (BA).<\/p>\n<p>A&nbsp; Santa Missa ter\u00e1 a presid\u00eancia do Bispo Diocesano da Diocese&nbsp;de Itabuna, Dom Carlos Alberto dos Santos. Participe!<\/p>\n","protected":false},"excerpt":{"rendered":"<p>A Comunidade&nbsp; Cat\u00f3lica Filhos de Israel convida voc\u00ea para participar da Missa em&nbsp;A\u00e7\u00e3o de Gra\u00e7as pelos 26 Anos de funda\u00e7\u00e3o e servi\u00e7o \u00e0 Igreja. A Celebra\u00e7\u00e3o Eucar\u00edstica acontecer\u00e1 no dia 15 de Fevereiro, \u00e0s 18h,na Casa da Provid\u00eancia, situada na Rua 1, N\u00ba 142, bairro Loteamento&nbsp;Para\u00edso, em Itabuna (BA). A&nbsp; Santa Missa ter\u00e1 a presid\u00eancia&nbsp;<\/p>\n<p><a class=\"btn btn-style\" href=\"https:\/\/portalcatolico.net\/portal\/comunidade-catolica-filhos-de-israel-celebra-26-anos\/\">Continue Reading<\/a><\/p>\n","protected":false},"author":2,"featured_media":0,"comment_status":"open","ping_status":"open","sticky":false,"template":"","format":"standard","meta":{"footnotes":""},"categories":[1],"tags":[],"class_list":["post-68356","post","type-post","status-publish","format-standard","hentry","category-agenda"],"_links":{"self":[{"href":"https:\/\/portalcatolico.net\/portal\/wp-json\/wp\/v2\/posts\/68356","targetHints":{"allow":["GET"]}}],"collection":[{"href":"https:\/\/portalcatolico.net\/portal\/wp-json\/wp\/v2\/posts"}],"about":[{"href":"https:\/\/portalcatolico.net\/portal\/wp-json\/wp\/v2\/types\/post"}],"author":[{"embeddable":true,"href":"https:\/\/portalcatolico.net\/portal\/wp-json\/wp\/v2\/users\/2"}],"replies":[{"embeddable":true,"href":"https:\/\/portalcatolico.net\/portal\/wp-json\/wp\/v2\/comments?post=68356"}],"version-history":[{"count":1,"href":"https:\/\/portalcatolico.net\/portal\/wp-json\/wp\/v2\/posts\/68356\/revisions"}],"predecessor-version":[{"id":68358,"href":"https:\/\/portalcatolico.net\/portal\/wp-json\/wp\/v2\/posts\/68356\/revisions\/68358"}],"wp:attachment":[{"href":"https:\/\/portalcatolico.net\/portal\/wp-json\/wp\/v2\/media?parent=68356"}],"wp:term":[{"taxonomy":"category","embeddable":true,"href":"https:\/\/portalcatolico.net\/portal\/wp-json\/wp\/v2\/categories?post=68356"},{"taxonomy":"post_tag","embeddable":true,"href":"https:\/\/portalcatolico.net\/portal\/wp-json\/wp\/v2\/tags?post=68356"}],"curies":[{"name":"wp","href":"https:\/\/api.w.org\/{rel}","templated":true}]}}