{"id":68353,"date":"2020-02-10T00:20:04","date_gmt":"2020-02-10T03:20:04","guid":{"rendered":"http:\/\/portalcatolico.net\/portal\/?p=68353"},"modified":"2020-02-09T14:20:38","modified_gmt":"2020-02-09T17:20:38","slug":"pastoral-familiar-da-diocese-de-itabuna-prepara-evento-para-a-familia-participe","status":"publish","type":"post","link":"https:\/\/portalcatolico.net\/portal\/pastoral-familiar-da-diocese-de-itabuna-prepara-evento-para-a-familia-participe\/","title":{"rendered":"Pastoral Familiar da diocese de Itabuna prepara evento para a fam\u00edlia. Participe!"},"content":{"rendered":"<p>A Pastoral Familiar da diocese de Itabuna, no sul da Bahia, ir\u00e1 promover&nbsp;a&nbsp; primeira atividade pr\u00e1tica em 2020 \u00e0 n\u00edvel de Forania Centro: &#8220;A Escola da Fam\u00edlia&#8221;.<\/p>\n<p>&nbsp;A Faronia Centro \u00e9 composta por 14 par\u00f3quias na cidade de Itabuna (BA).&nbsp;&nbsp;<\/p>\n<p>O evento \u00e9 aberto para todas&nbsp;as fam\u00edlias e vai contar com&nbsp;momentos de ora\u00e7\u00f5es e espiritualidade, al\u00e9m de&nbsp;palestra com o&nbsp;tema: &#8220;Fam\u00edlia, casa da Palavra&#8221;. O encerramento&nbsp;&nbsp;ser\u00e1&nbsp; com&nbsp;a ben\u00e7\u00e3o do Sant\u00edssimo Sacramento.<br \/>\nA Escola da Fam\u00edlia tem in\u00edcio no dia 13 de fevereiro, \u00e0s 19h15, na&nbsp;Par\u00f3quia Catedral de S\u00e3o Jos\u00e9, no centro da cidade.&nbsp;<\/p>\n","protected":false},"excerpt":{"rendered":"<p>A Pastoral Familiar da diocese de Itabuna, no sul da Bahia, ir\u00e1 promover&nbsp;a&nbsp; primeira atividade pr\u00e1tica em 2020 \u00e0 n\u00edvel de Forania Centro: &#8220;A Escola da Fam\u00edlia&#8221;. &nbsp;A Faronia Centro \u00e9 composta por 14 par\u00f3quias na cidade de Itabuna (BA).&nbsp;&nbsp; O evento \u00e9 aberto para todas&nbsp;as fam\u00edlias e vai contar com&nbsp;momentos de ora\u00e7\u00f5es e espiritualidade,&nbsp;<\/p>\n<p><a class=\"btn btn-style\" href=\"https:\/\/portalcatolico.net\/portal\/pastoral-familiar-da-diocese-de-itabuna-prepara-evento-para-a-familia-participe\/\">Continue Reading<\/a><\/p>\n","protected":false},"author":2,"featured_media":68354,"comment_status":"open","ping_status":"open","sticky":false,"template":"","format":"standard","meta":{"footnotes":""},"categories":[1],"tags":[],"class_list":["post-68353","post","type-post","status-publish","format-standard","has-post-thumbnail","hentry","category-agenda"],"_links":{"self":[{"href":"https:\/\/portalcatolico.net\/portal\/wp-json\/wp\/v2\/posts\/68353","targetHints":{"allow":["GET"]}}],"collection":[{"href":"https:\/\/portalcatolico.net\/portal\/wp-json\/wp\/v2\/posts"}],"about":[{"href":"https:\/\/portalcatolico.net\/portal\/wp-json\/wp\/v2\/types\/post"}],"author":[{"embeddable":true,"href":"https:\/\/portalcatolico.net\/portal\/wp-json\/wp\/v2\/users\/2"}],"replies":[{"embeddable":true,"href":"https:\/\/portalcatolico.net\/portal\/wp-json\/wp\/v2\/comments?post=68353"}],"version-history":[{"count":1,"href":"https:\/\/portalcatolico.net\/portal\/wp-json\/wp\/v2\/posts\/68353\/revisions"}],"predecessor-version":[{"id":68355,"href":"https:\/\/portalcatolico.net\/portal\/wp-json\/wp\/v2\/posts\/68353\/revisions\/68355"}],"wp:featuredmedia":[{"embeddable":true,"href":"https:\/\/portalcatolico.net\/portal\/wp-json\/wp\/v2\/media\/68354"}],"wp:attachment":[{"href":"https:\/\/portalcatolico.net\/portal\/wp-json\/wp\/v2\/media?parent=68353"}],"wp:term":[{"taxonomy":"category","embeddable":true,"href":"https:\/\/portalcatolico.net\/portal\/wp-json\/wp\/v2\/categories?post=68353"},{"taxonomy":"post_tag","embeddable":true,"href":"https:\/\/portalcatolico.net\/portal\/wp-json\/wp\/v2\/tags?post=68353"}],"curies":[{"name":"wp","href":"https:\/\/api.w.org\/{rel}","templated":true}]}}