{"id":68345,"date":"2020-02-09T14:10:53","date_gmt":"2020-02-09T17:10:53","guid":{"rendered":"http:\/\/portalcatolico.net\/portal\/?p=68345"},"modified":"2020-02-09T14:14:17","modified_gmt":"2020-02-09T17:14:17","slug":"missa-solene-marca-entrega-da-igreja-sao-miguel-arcanjo-restaurada-em-itacare","status":"publish","type":"post","link":"https:\/\/portalcatolico.net\/portal\/missa-solene-marca-entrega-da-igreja-sao-miguel-arcanjo-restaurada-em-itacare\/","title":{"rendered":"MISSA SOLENE MARCA ENTREGA DA IGREJA S\u00c3O MIGUEL ARCANJO RESTAURADA, EM ITACAR\u00c9"},"content":{"rendered":"<p><img loading=\"lazy\" decoding=\"async\" class=\"wp-image-68348 aligncenter\" src=\"http:\/\/portalcatolico.net\/portal\/wp-content\/uploads\/2020\/02\/WhatsApp-Image-2020-02-08-at-6.15.18-PM-300x225.jpeg\" alt=\"\" width=\"740\" height=\"555\" srcset=\"https:\/\/portalcatolico.net\/portal\/wp-content\/uploads\/2020\/02\/WhatsApp-Image-2020-02-08-at-6.15.18-PM-300x225.jpeg 300w, https:\/\/portalcatolico.net\/portal\/wp-content\/uploads\/2020\/02\/WhatsApp-Image-2020-02-08-at-6.15.18-PM-768x576.jpeg 768w, https:\/\/portalcatolico.net\/portal\/wp-content\/uploads\/2020\/02\/WhatsApp-Image-2020-02-08-at-6.15.18-PM-1024x768.jpeg 1024w, https:\/\/portalcatolico.net\/portal\/wp-content\/uploads\/2020\/02\/WhatsApp-Image-2020-02-08-at-6.15.18-PM.jpeg 1280w\" sizes=\"auto, (max-width: 740px) 100vw, 740px\" \/><\/p>\n<p>\u201cEsta obra colaborou para restaurar a f\u00e9 de um povo. Estamos muito felizes em fazer parte desta conquista, resultado da luta de toda comunidade para levantarmos recursos e realizarmos esse ato hist\u00f3rico, e o IPAC teve uma participa\u00e7\u00e3o fundamental com seu corpo t\u00e9cnico altamente qualificado e engajado\u201d. A afirma\u00e7\u00e3o \u00e9 de Gra\u00e7a Barbosa, que organizou o movimento em prol das obras de restaura\u00e7\u00e3o na igreja S\u00e3o Miguel Arcanjo, em Itacar\u00e9, durante a missa solene de entrega oficial do bem restaurado, realizada nesta sexta-feira (7)<\/p>\n<p>.<img loading=\"lazy\" decoding=\"async\" class=\"alignnone  wp-image-68350\" src=\"http:\/\/portalcatolico.net\/portal\/wp-content\/uploads\/2020\/02\/WhatsApp-Image-2020-02-08-at-6.15.20-PM-300x225.jpeg\" alt=\"\" width=\"736\" height=\"552\" srcset=\"https:\/\/portalcatolico.net\/portal\/wp-content\/uploads\/2020\/02\/WhatsApp-Image-2020-02-08-at-6.15.20-PM-300x225.jpeg 300w, https:\/\/portalcatolico.net\/portal\/wp-content\/uploads\/2020\/02\/WhatsApp-Image-2020-02-08-at-6.15.20-PM-768x576.jpeg 768w, https:\/\/portalcatolico.net\/portal\/wp-content\/uploads\/2020\/02\/WhatsApp-Image-2020-02-08-at-6.15.20-PM-1024x768.jpeg 1024w, https:\/\/portalcatolico.net\/portal\/wp-content\/uploads\/2020\/02\/WhatsApp-Image-2020-02-08-at-6.15.20-PM.jpeg 1280w\" sizes=\"auto, (max-width: 736px) 100vw, 736px\" \/><\/p>\n<p>O ato contou com a presen\u00e7a do prefeito da cidade, Ant\u00f4nio M\u00e1rio Damasceno; do vice-prefeito, Genilson Bonfim; presidente da C\u00e2mara Municipal, Lenoildo; do bispo da diocese de Ilh\u00e9us, Dom Mauro Montagnoli; do arquiteto respons\u00e1vel pela obra, Ademar S\u00e1; e de representantes do Instituto do Patrim\u00f4nio Art\u00edstico e Cultural da Bahia (IPAC).<\/p>\n<p>Al\u00e9m das melhorias estruturais no patrim\u00f4nio, que incluiu a substitui\u00e7\u00e3o do forro, o restauro e a revitaliza\u00e7\u00e3o dos sinos e do batist\u00e9rio (espa\u00e7o onde realiza os batismos), uma equipe da Diretoria de Projetos, Restauro e Obras (Dipro) do IPAC recuperou pinturas de aproximadamente 200 anos nas paredes do templo religioso com os servi\u00e7os de decapagem (remo\u00e7\u00e3o de tintas) e reintegra\u00e7\u00e3o crom\u00e1tica das camadas pict\u00f3ricas (recomposi\u00e7\u00e3o das partes faltantes da pintura). O objetivo foi revelar a antiga arte e recuperar as carater\u00edsticas originais.<img loading=\"lazy\" decoding=\"async\" class=\"size-medium wp-image-68351 alignleft\" src=\"http:\/\/portalcatolico.net\/portal\/wp-content\/uploads\/2020\/02\/WhatsApp-Image-2020-02-08-at-6.15.19-PM-1-300x225.jpeg\" alt=\"\" width=\"300\" height=\"225\" srcset=\"https:\/\/portalcatolico.net\/portal\/wp-content\/uploads\/2020\/02\/WhatsApp-Image-2020-02-08-at-6.15.19-PM-1-300x225.jpeg 300w, https:\/\/portalcatolico.net\/portal\/wp-content\/uploads\/2020\/02\/WhatsApp-Image-2020-02-08-at-6.15.19-PM-1-768x576.jpeg 768w, https:\/\/portalcatolico.net\/portal\/wp-content\/uploads\/2020\/02\/WhatsApp-Image-2020-02-08-at-6.15.19-PM-1-1024x768.jpeg 1024w, https:\/\/portalcatolico.net\/portal\/wp-content\/uploads\/2020\/02\/WhatsApp-Image-2020-02-08-at-6.15.19-PM-1.jpeg 1280w\" sizes=\"auto, (max-width: 300px) 100vw, 300px\" \/><\/p>\n<p>Para o padre Ednaldo Cardoso, esta obra vai fazer toda diferen\u00e7a para os visitantes e turistas da cidade. \u201cTrata-se de um canto de f\u00e9 de nosso povo, datado de 1723. Com certeza, uma noite hist\u00f3rica para todos n\u00f3s. Quero agradecer a turma do IPAC que teve uma participa\u00e7\u00e3o muito especial nos ajudando a recuperar pinturas centen\u00e1rias. Uma pessoal que coloca sua alma pra fazer aquilo que se prop\u00f5e. Est\u00e3o todos de parab\u00e9ns\u201d, disse o padre.<\/p>\n<p>Informa\u00e7\u00f5es e fotos:Diocese de Ilh\u00e9us (BA)<\/p>\n","protected":false},"excerpt":{"rendered":"<p>\u201cEsta obra colaborou para restaurar a f\u00e9 de um povo. Estamos muito felizes em fazer parte desta conquista, resultado da luta de toda comunidade para levantarmos recursos e realizarmos esse ato hist\u00f3rico, e o IPAC teve uma participa\u00e7\u00e3o fundamental com seu corpo t\u00e9cnico altamente qualificado e engajado\u201d. A afirma\u00e7\u00e3o \u00e9 de Gra\u00e7a Barbosa, que organizou&nbsp;<\/p>\n<p><a class=\"btn btn-style\" href=\"https:\/\/portalcatolico.net\/portal\/missa-solene-marca-entrega-da-igreja-sao-miguel-arcanjo-restaurada-em-itacare\/\">Continue Reading<\/a><\/p>\n","protected":false},"author":2,"featured_media":68346,"comment_status":"open","ping_status":"open","sticky":false,"template":"","format":"standard","meta":{"footnotes":""},"categories":[68],"tags":[],"class_list":["post-68345","post","type-post","status-publish","format-standard","has-post-thumbnail","hentry","category-homilias"],"_links":{"self":[{"href":"https:\/\/portalcatolico.net\/portal\/wp-json\/wp\/v2\/posts\/68345","targetHints":{"allow":["GET"]}}],"collection":[{"href":"https:\/\/portalcatolico.net\/portal\/wp-json\/wp\/v2\/posts"}],"about":[{"href":"https:\/\/portalcatolico.net\/portal\/wp-json\/wp\/v2\/types\/post"}],"author":[{"embeddable":true,"href":"https:\/\/portalcatolico.net\/portal\/wp-json\/wp\/v2\/users\/2"}],"replies":[{"embeddable":true,"href":"https:\/\/portalcatolico.net\/portal\/wp-json\/wp\/v2\/comments?post=68345"}],"version-history":[{"count":3,"href":"https:\/\/portalcatolico.net\/portal\/wp-json\/wp\/v2\/posts\/68345\/revisions"}],"predecessor-version":[{"id":68352,"href":"https:\/\/portalcatolico.net\/portal\/wp-json\/wp\/v2\/posts\/68345\/revisions\/68352"}],"wp:featuredmedia":[{"embeddable":true,"href":"https:\/\/portalcatolico.net\/portal\/wp-json\/wp\/v2\/media\/68346"}],"wp:attachment":[{"href":"https:\/\/portalcatolico.net\/portal\/wp-json\/wp\/v2\/media?parent=68345"}],"wp:term":[{"taxonomy":"category","embeddable":true,"href":"https:\/\/portalcatolico.net\/portal\/wp-json\/wp\/v2\/categories?post=68345"},{"taxonomy":"post_tag","embeddable":true,"href":"https:\/\/portalcatolico.net\/portal\/wp-json\/wp\/v2\/tags?post=68345"}],"curies":[{"name":"wp","href":"https:\/\/api.w.org\/{rel}","templated":true}]}}