{"id":68342,"date":"2020-02-09T07:51:37","date_gmt":"2020-02-09T10:51:37","guid":{"rendered":"http:\/\/portalcatolico.net\/portal\/?p=68342"},"modified":"2020-02-09T07:51:37","modified_gmt":"2020-02-09T10:51:37","slug":"tem-inicio-em-marco-processo-de-beatificacao-do-padre-leo","status":"publish","type":"post","link":"https:\/\/portalcatolico.net\/portal\/tem-inicio-em-marco-processo-de-beatificacao-do-padre-leo\/","title":{"rendered":"Tem in\u00edcio em mar\u00e7o processo de beatifica\u00e7\u00e3o do padre L\u00e9o"},"content":{"rendered":"<div class=\"article__subTitle\">Conhecido por suas prega\u00e7\u00f5es, padre L\u00e9o, fundador da Comunidade Beth\u00e2nia, foi um sacerdote que reunia multid\u00f5es por onde passava. Com uma hist\u00f3ria de sofrimento e supera\u00e7\u00e3o, faleceu em 2007 aos 45 anos, v\u00edtima de infec\u00e7\u00e3o generalizada por causa de um c\u00e2ncer. Pe. L\u00e9o est\u00e1 no caminho para se tornar um dos pr\u00f3ximos beatos brasileiros.<\/div>\n<div>Ap\u00f3s sua morte em 2007, come\u00e7aram a surgir os rumores da santidade do padre L\u00e9o. Dez anos depois, em 2017 o processo foi autorizado pelo bispo da Arquidiocese de Florian\u00f3polis &#8211; SC, dom Wilson Tadeu J\u00f6nk. No Brasil, o respons\u00e1vel pela causa \u00e9 o padre L\u00facio Tardivo, presidente do Instituto Pe L\u00e9o. \u201cPrimeiramente a fama de santidade veio do povo, depois come\u00e7amos o processo\u201d, disse o sacerdote.<\/div>\n<div>&nbsp;<\/div>\n<div>De acordo com o presidente da comunidade, padre Vicente de Paula Neto, todos j\u00e1 estavam se preparando para o processo de beatifica\u00e7\u00e3o, guardando todos os pertences e objetos que eram de padre L\u00e9o.&nbsp;<\/div>\n<div class=\"title__separator\">\n<p>Em 2007, logo ap\u00f3s a missa de corpo presente, monsenhor Jonas Abib, que presidiu a cerim\u00f4nia, disse que ele foi um \u201cdiamante lapidado\u201d. A partir daquele momento, a comunidade passou a receber pedidos de ora\u00e7\u00e3o e gra\u00e7as pela sua intercess\u00e3o, e comenta pe. Vicente:&nbsp; \u201ccomo quem faz o santo \u00e9 o povo passamos a olhar com mais aten\u00e7\u00e3o\u201d.&nbsp;<\/p>\n<p><b>Mas, o que levou a comunidade a juntar os pap\u00e9is para o processo de beatifica\u00e7\u00e3o?&nbsp;<\/b><\/p>\n<p>O primeiro motivo foi uma entrevista no Programa Tenda do Senhor, que o Padre Vicente apresentava substituindo o pe. L\u00e9o. Neste programa, foi entrevistada a&nbsp; irm\u00e3. C\u00e9lia Cadorim, que foi uma das postuladoras da causa de Beatifica\u00e7\u00e3o e posterior Canoniza\u00e7\u00e3o de Santa Paulina. \u201cNa ocasi\u00e3o, ela com muita propriedade disse que dever\u00edamos recolher tudo o que pud\u00e9ssemos do pe. L\u00e9o e guard\u00e1ssemos com cuidado, pois o sacerdote logo teria sua causa aberta e ela n\u00e3o tinha d\u00favidas nenhuma disso\u201d, afirmou o padre. Depois desse momento passaram a recolher e arquivar tudo sobre a vida de pe. L\u00e9o.&nbsp;<\/p>\n<p>O outro fato importante, refere-se a uma gra\u00e7a alcan\u00e7ada por uma fam\u00edlia, onde uma menina acometida de septocemia (infec\u00e7\u00e3o no corpo, seja por bact\u00e9rias, fungos ou v\u00edrus), teve uma parada respirat\u00f3ria de aproximadamente de 45 minutos, e logo depois ficou milagrosamente curada. A fam\u00edlia atribuiu a cura \u00e0 intercess\u00e3o do pe. L\u00e9o.&nbsp;<\/p>\n<p>O&nbsp; acontecimento fez a comunidade perceber que era um caminho sem volta e uma quest\u00e3o de tempo para buscar os meios para abertura do processo de beatifica\u00e7\u00e3o. \u201cOs pedidos de ora\u00e7\u00e3o e de gra\u00e7as, e o retorno de gra\u00e7as alcan\u00e7adas s\u00f3 aumentaram desde ent\u00e3o. Sem contar a for\u00e7a de convers\u00e3o e vida espiritual em torno das prega\u00e7\u00f5es e legado deixado pelo pe. L\u00e9o\u201d, ressalta o presidente da comunidade.<\/p>\n<p>No Brasil, \u00e9 n\u00edtido ver que a Igreja est\u00e1 ansiosa pela beatifica\u00e7\u00e3o do padre L\u00e9o. Elinton Costa, padre da Comunidade, disse que se percebe a ansiedade dos fi\u00e9is brasileiros por meio dos testemunhos das pessoas que entram em contato com eles.&nbsp;<\/p>\n<p><b>Servo de Deus&nbsp;<\/b><\/p>\n<p>Padre L\u00e9o j\u00e1 foi declarado Servo de Deus, assim, em mar\u00e7o ser\u00e1 aberto oficialmente o seu Processo de Beatifica\u00e7\u00e3o, sob a responsabilidade do arcebispo da Arquidiocese de Florian\u00f3polis dom Wilson.&nbsp;<\/p>\n<p>Naquele dia, ser\u00e1 instaurado um tribunal hist\u00f3rico-teol\u00f3gico que se analisar\u00e1 a sua vida e biografia, com o objetivo de confirmar as virtudes her\u00f3icas do futuro vener\u00e1vel, e posteriormente com a an\u00e1lise dos poss\u00edveis milagres para declar\u00e1-lo Beato.<\/p>\n<p>Com 27 livros escritos e prega\u00e7\u00f5es voltadas para a cura interior, pe. L\u00e9o realizou seu minist\u00e9rio sacerdotal atrav\u00e9s de programas na TV Can\u00e7\u00e3o Nova. A abertura do processo de beatifica\u00e7\u00e3o ocorrer\u00e1 no dia 7 de mar\u00e7o na sede da Comunidade Beth\u00e2nia, em S\u00e3o Jo\u00e3o Batista, Santa Catarina, \u00e0s 16h.&nbsp;<\/p>\n<p>Por Mateus Lino\/Vatican News<\/p>\n<\/div>\n<div class=\"article__text\">\n<p>&nbsp;<\/p>\n<\/div>\n","protected":false},"excerpt":{"rendered":"<p>Conhecido por suas prega\u00e7\u00f5es, padre L\u00e9o, fundador da Comunidade Beth\u00e2nia, foi um sacerdote que reunia multid\u00f5es por onde passava. Com uma hist\u00f3ria de sofrimento e supera\u00e7\u00e3o, faleceu em 2007 aos 45 anos, v\u00edtima de infec\u00e7\u00e3o generalizada por causa de um c\u00e2ncer. Pe. L\u00e9o est\u00e1 no caminho para se tornar um dos pr\u00f3ximos beatos brasileiros. Ap\u00f3s&nbsp;<\/p>\n<p><a class=\"btn btn-style\" href=\"https:\/\/portalcatolico.net\/portal\/tem-inicio-em-marco-processo-de-beatificacao-do-padre-leo\/\">Continue Reading<\/a><\/p>\n","protected":false},"author":2,"featured_media":68343,"comment_status":"open","ping_status":"open","sticky":false,"template":"","format":"standard","meta":{"footnotes":""},"categories":[5],"tags":[],"class_list":["post-68342","post","type-post","status-publish","format-standard","has-post-thumbnail","hentry","category-igreja_no_mundo"],"_links":{"self":[{"href":"https:\/\/portalcatolico.net\/portal\/wp-json\/wp\/v2\/posts\/68342","targetHints":{"allow":["GET"]}}],"collection":[{"href":"https:\/\/portalcatolico.net\/portal\/wp-json\/wp\/v2\/posts"}],"about":[{"href":"https:\/\/portalcatolico.net\/portal\/wp-json\/wp\/v2\/types\/post"}],"author":[{"embeddable":true,"href":"https:\/\/portalcatolico.net\/portal\/wp-json\/wp\/v2\/users\/2"}],"replies":[{"embeddable":true,"href":"https:\/\/portalcatolico.net\/portal\/wp-json\/wp\/v2\/comments?post=68342"}],"version-history":[{"count":1,"href":"https:\/\/portalcatolico.net\/portal\/wp-json\/wp\/v2\/posts\/68342\/revisions"}],"predecessor-version":[{"id":68344,"href":"https:\/\/portalcatolico.net\/portal\/wp-json\/wp\/v2\/posts\/68342\/revisions\/68344"}],"wp:featuredmedia":[{"embeddable":true,"href":"https:\/\/portalcatolico.net\/portal\/wp-json\/wp\/v2\/media\/68343"}],"wp:attachment":[{"href":"https:\/\/portalcatolico.net\/portal\/wp-json\/wp\/v2\/media?parent=68342"}],"wp:term":[{"taxonomy":"category","embeddable":true,"href":"https:\/\/portalcatolico.net\/portal\/wp-json\/wp\/v2\/categories?post=68342"},{"taxonomy":"post_tag","embeddable":true,"href":"https:\/\/portalcatolico.net\/portal\/wp-json\/wp\/v2\/tags?post=68342"}],"curies":[{"name":"wp","href":"https:\/\/api.w.org\/{rel}","templated":true}]}}