{"id":68338,"date":"2020-02-08T23:30:02","date_gmt":"2020-02-09T02:30:02","guid":{"rendered":"http:\/\/portalcatolico.net\/portal\/?p=68338"},"modified":"2020-02-09T07:34:30","modified_gmt":"2020-02-09T10:34:30","slug":"palavra-do-pastor-dom-carlos-esclarece-o-motivo-da-despedida-dos-servitanos-e-fala-sobre-a-posse-canonica-do-padre-gilmar","status":"publish","type":"post","link":"https:\/\/portalcatolico.net\/portal\/palavra-do-pastor-dom-carlos-esclarece-o-motivo-da-despedida-dos-servitanos-e-fala-sobre-a-posse-canonica-do-padre-gilmar\/","title":{"rendered":"Palavra do Pastor: Dom Carlos esclarece o motivo da despedida dos Servitanos e fala sobre a posse can\u00f4nica do Padre Gilmar."},"content":{"rendered":"<p>Na edi\u00e7\u00e3o desta semana da &#8220;Palavra do Pastor&#8221;, Dom Carlos Alberto dos&nbsp;Santos, Bispo da Diocese de Itabuna, no sul da Bahia, agradeceu aos&nbsp;padres do Instituto Mission\u00e1rio Servo do Senhor (Servitanos),pelos dois anos de miss\u00e3o na diocese, e convida todos os paroquianos da&nbsp;Par\u00f3quia Nossa Senhora da Piedade para a posse can\u00f4nica do Padre Gilmar&nbsp;Oliveira, no dia 28 de fevereiro.<\/p>\n<p>Os Servitanos iniciaram sua&nbsp;miss\u00e3o em Itabuna no 05 de janeiro e 2018 e finalizaram no dia 05&nbsp;deste m\u00eas, com uma santa missa de envio, que aconteceu \u00e0s 19h.<\/p>\n<p>Na&nbsp;oportunidade, dom Carlos Alberto pediu para todos os fieis cat\u00f3licos das&nbsp;par\u00f3quias que rezem por todos os padres e di\u00e1conos que entre os dia 10 a 14 de fevereiro,&nbsp;estar\u00e3o em uma casa de retiro em Ilh\u00e9us.&nbsp;Confira a mensagem!<\/p>\n<p>&#8220;Os Servitanos vieram para c\u00e1, h\u00e1 2 anos atr\u00e1s, com o objetivo de trabalharmos juntos e ao mesmo tempo, e vermos o que era poss\u00edvel fazer acontecer para a unidade da Par\u00f3quia Nossa Senhora da Piedade. Assim, vieram v\u00e1rios sacerdotes, bem como di\u00e1conos, mas eles vinham e iam embora. Mas ficava sempre um respons\u00e1vel. Por\u00e9m, algumas coisas n\u00e3o estavam caminhando bem e a gente procurava caminhar, ver a possibilidade de n\u00f3s trabalharmos como diocese e n\u00e3o s\u00f3 como par\u00f3quia.<\/p>\n<p>Aconteceu nesse per\u00edodo todo que algumas coisas n\u00e3o estavam sendo encaminhadas conforme as orienta\u00e7\u00f5es da diocese, caminhavam por conta pr\u00f3pria, o que n\u00e3o \u00e9 bom, por outro lado, a gente via tamb\u00e9m, que as coisas n\u00e3o estavam boas, entre eles, os Servitanos. E aconteceu que n\u00f3s tivemos uma reuni\u00e3o, e diante de alguns fatos, foi constatado que algumas coisas estavam acontecendo e juntos, conversamos, e eles disseram que n\u00e3o tinham mais pessoas para virem para c\u00e1, e que desta forma iriam terminar o contrato com a nossa diocese.<\/p>\n<p>E assim, foi feito no dia 5.&nbsp;&nbsp;A gente agradece pelo caminho, pelo trajeto, pelo trabalho, e n\u00f3s vamos agora para outra etapa na vida, e vamos colocar um diocesano para que ele possa dar continuidade ao trabalho e fazer essa unidade, esse v\u00ednculo de amor e esperan\u00e7a do povo que ora e tanto espera. A gente agradece ao&nbsp;Pe. Frei Francisco Ediran. Ele trabalhou muit\u00edssimo bem no pouco tempo que ficou por aqui, mostrou outra cara, outra face, l\u00e1 na par\u00f3quia, junto com as comunidades.<\/p>\n<p>N\u00f3s convidamos o padre Gilmar que est\u00e1 na Par\u00f3quia Nossa Senhora das Vit\u00f3rias, e ele deu sua resposta positiva e a sua possa ser\u00e1 no dia 28 de fevereiro, \u00e0s 19h, l\u00e1 na matriz. N\u00f3s convidamos a todos para participarem desta posse na matriz de Nossa Senhora da Piedade. Quero desejar que todos estejam realmente abertos para recebe-lo com muita festa no cora\u00e7\u00e3o, fazendo essa unidade, esse caminho novo, juntamente com o padre Gilmar que l\u00e1 estar\u00e1, a partir do dia 28.<\/p>\n<p>Para finalizar, quero dizer que n\u00f3s teremos essa semana o retiro do Clero que ser\u00e1 no dia 10 at\u00e9 o dia 14. N\u00f3s estaremos todos juntos na diocese de Ilh\u00e9us, numa casa de retiro, ent\u00e3o pe\u00e7o que voc\u00eas rezem para que n\u00f3s possamos escutar a voz do Senhor e sermos verdadeiramente \u00e0quilo que o Senhor nos pede: sejamos pastores!&#8221;, disse Dom Carlos.<\/p>\n<p>Foto:Acervo\/Portal Cat\u00f3lico.Net<\/p>\n","protected":false},"excerpt":{"rendered":"<p>Na edi\u00e7\u00e3o desta semana da &#8220;Palavra do Pastor&#8221;, Dom Carlos Alberto dos&nbsp;Santos, Bispo da Diocese de Itabuna, no sul da Bahia, agradeceu aos&nbsp;padres do Instituto Mission\u00e1rio Servo do Senhor (Servitanos),pelos dois anos de miss\u00e3o na diocese, e convida todos os paroquianos da&nbsp;Par\u00f3quia Nossa Senhora da Piedade para a posse can\u00f4nica do Padre Gilmar&nbsp;Oliveira, no dia&nbsp;<\/p>\n<p><a class=\"btn btn-style\" href=\"https:\/\/portalcatolico.net\/portal\/palavra-do-pastor-dom-carlos-esclarece-o-motivo-da-despedida-dos-servitanos-e-fala-sobre-a-posse-canonica-do-padre-gilmar\/\">Continue Reading<\/a><\/p>\n","protected":false},"author":2,"featured_media":67900,"comment_status":"open","ping_status":"open","sticky":false,"template":"","format":"standard","meta":{"footnotes":""},"categories":[72],"tags":[],"class_list":["post-68338","post","type-post","status-publish","format-standard","has-post-thumbnail","hentry","category-palavra-do-pastor"],"_links":{"self":[{"href":"https:\/\/portalcatolico.net\/portal\/wp-json\/wp\/v2\/posts\/68338","targetHints":{"allow":["GET"]}}],"collection":[{"href":"https:\/\/portalcatolico.net\/portal\/wp-json\/wp\/v2\/posts"}],"about":[{"href":"https:\/\/portalcatolico.net\/portal\/wp-json\/wp\/v2\/types\/post"}],"author":[{"embeddable":true,"href":"https:\/\/portalcatolico.net\/portal\/wp-json\/wp\/v2\/users\/2"}],"replies":[{"embeddable":true,"href":"https:\/\/portalcatolico.net\/portal\/wp-json\/wp\/v2\/comments?post=68338"}],"version-history":[{"count":2,"href":"https:\/\/portalcatolico.net\/portal\/wp-json\/wp\/v2\/posts\/68338\/revisions"}],"predecessor-version":[{"id":68341,"href":"https:\/\/portalcatolico.net\/portal\/wp-json\/wp\/v2\/posts\/68338\/revisions\/68341"}],"wp:featuredmedia":[{"embeddable":true,"href":"https:\/\/portalcatolico.net\/portal\/wp-json\/wp\/v2\/media\/67900"}],"wp:attachment":[{"href":"https:\/\/portalcatolico.net\/portal\/wp-json\/wp\/v2\/media?parent=68338"}],"wp:term":[{"taxonomy":"category","embeddable":true,"href":"https:\/\/portalcatolico.net\/portal\/wp-json\/wp\/v2\/categories?post=68338"},{"taxonomy":"post_tag","embeddable":true,"href":"https:\/\/portalcatolico.net\/portal\/wp-json\/wp\/v2\/tags?post=68338"}],"curies":[{"name":"wp","href":"https:\/\/api.w.org\/{rel}","templated":true}]}}