{"id":68333,"date":"2020-02-08T07:36:31","date_gmt":"2020-02-08T10:36:31","guid":{"rendered":"http:\/\/portalcatolico.net\/portal\/?p=68333"},"modified":"2020-02-08T07:42:29","modified_gmt":"2020-02-08T10:42:29","slug":"cf-2020-como-conhecer-o-tema-central-fraternidade-e-vida-dom-e-compromisso","status":"publish","type":"post","link":"https:\/\/portalcatolico.net\/portal\/cf-2020-como-conhecer-o-tema-central-fraternidade-e-vida-dom-e-compromisso\/","title":{"rendered":"CF 2020 \u2013 Como conhecer o tema central: \u201cFraternidade e Vida: Dom e Compromisso\u201d?"},"content":{"rendered":"<p>A partir de hoje, no site da Confer\u00eancia Nacional dos Bispos do Brasil (CNBB), vamos publicar uma s\u00e9rie de mat\u00e9rias que vaiapresentar por quais caminhos os agentes pastorais das comunidades, par\u00f3quias, pastorais e organismos da Igreja devem trilhar para se preparar bem para a realiza\u00e7\u00e3o da Campanha da Fraternidade de 2020.<\/p>\n<p>A Campanha da Fraternidade \u00e9 o modo com o qual a Igreja no Brasil vivencia a Quaresma. H\u00e1 mais de cinco d\u00e9cadas, ela anuncia a import\u00e2ncia de n\u00e3o se separar convers\u00e3o e servi\u00e7o \u00e0 sociedade e ao planeta. A cada ano, um tema \u00e9 destacado. Desta forma, a Campanha da Fraternidade j\u00e1 refletiu sobre realidades muito pr\u00f3ximas dos brasileiros: fam\u00edlia, pol\u00edticas p\u00fablicas, sa\u00fade, trabalho, educa\u00e7\u00e3o, moradia e viol\u00eancia, entre outros enfoques.<\/p>\n<p>Em 2020, a CF convida, a olhar de modo mais atento e detalhado para a vida. Com o tema \u201cFraternidade e Vida: Dom e Compromisso\u201d e lema \u201cViu, sentiu compaix\u00e3o e cuidou dele\u201d (Lc 10,33-34), busca conscientizar, \u00e0 luz da palavra de Deus, para o sentido da vida como dom e compromisso, que se traduz em rela\u00e7\u00f5es de m\u00fatuo cuidado entre as pessoas, na fam\u00edlia, na comunidade, na sociedade e no planeta, casa comum.<\/p>\n<h5><strong>Como aprofundar o tema deste ano?<\/strong><\/h5>\n<p>Texto-base, v\u00eddeo-aulas, mat\u00e9rias jornal\u00edstica e o v\u00eddeo oficial integram um conjunto de subs\u00eddios para conhecer e aprofundar o tema central da campanha e se inspirar na atitude do \u201cBom Samaritano\u201d na hora de planejar a\u00e7\u00f5es nas comunidades. Veja abaixo onde encontrar estes subs\u00eddios.<\/p>\n<p><strong>Conhecer e ler o texto-base.::<a href=\"https:\/\/www.cnbb.org.br\/cf-2020-como-conhecer-o-tema-central-fraternidade-e-vida-dom-e-compromisso\/\">LEIA MAIS&gt;<\/a><\/strong><\/p>\n","protected":false},"excerpt":{"rendered":"<p>A partir de hoje, no site da Confer\u00eancia Nacional dos Bispos do Brasil (CNBB), vamos publicar uma s\u00e9rie de mat\u00e9rias que vaiapresentar por quais caminhos os agentes pastorais das comunidades, par\u00f3quias, pastorais e organismos da Igreja devem trilhar para se preparar bem para a realiza\u00e7\u00e3o da Campanha da Fraternidade de 2020. A Campanha da Fraternidade&nbsp;<\/p>\n<p><a class=\"btn btn-style\" href=\"https:\/\/portalcatolico.net\/portal\/cf-2020-como-conhecer-o-tema-central-fraternidade-e-vida-dom-e-compromisso\/\">Continue Reading<\/a><\/p>\n","protected":false},"author":2,"featured_media":68334,"comment_status":"open","ping_status":"open","sticky":false,"template":"","format":"standard","meta":{"footnotes":""},"categories":[3],"tags":[],"class_list":["post-68333","post","type-post","status-publish","format-standard","has-post-thumbnail","hentry","category-noticias_regionais"],"_links":{"self":[{"href":"https:\/\/portalcatolico.net\/portal\/wp-json\/wp\/v2\/posts\/68333","targetHints":{"allow":["GET"]}}],"collection":[{"href":"https:\/\/portalcatolico.net\/portal\/wp-json\/wp\/v2\/posts"}],"about":[{"href":"https:\/\/portalcatolico.net\/portal\/wp-json\/wp\/v2\/types\/post"}],"author":[{"embeddable":true,"href":"https:\/\/portalcatolico.net\/portal\/wp-json\/wp\/v2\/users\/2"}],"replies":[{"embeddable":true,"href":"https:\/\/portalcatolico.net\/portal\/wp-json\/wp\/v2\/comments?post=68333"}],"version-history":[{"count":2,"href":"https:\/\/portalcatolico.net\/portal\/wp-json\/wp\/v2\/posts\/68333\/revisions"}],"predecessor-version":[{"id":68337,"href":"https:\/\/portalcatolico.net\/portal\/wp-json\/wp\/v2\/posts\/68333\/revisions\/68337"}],"wp:featuredmedia":[{"embeddable":true,"href":"https:\/\/portalcatolico.net\/portal\/wp-json\/wp\/v2\/media\/68334"}],"wp:attachment":[{"href":"https:\/\/portalcatolico.net\/portal\/wp-json\/wp\/v2\/media?parent=68333"}],"wp:term":[{"taxonomy":"category","embeddable":true,"href":"https:\/\/portalcatolico.net\/portal\/wp-json\/wp\/v2\/categories?post=68333"},{"taxonomy":"post_tag","embeddable":true,"href":"https:\/\/portalcatolico.net\/portal\/wp-json\/wp\/v2\/tags?post=68333"}],"curies":[{"name":"wp","href":"https:\/\/api.w.org\/{rel}","templated":true}]}}