{"id":68329,"date":"2020-02-07T13:01:03","date_gmt":"2020-02-07T16:01:03","guid":{"rendered":"http:\/\/portalcatolico.net\/portal\/?p=68329"},"modified":"2020-02-07T13:01:03","modified_gmt":"2020-02-07T16:01:03","slug":"missas-de-envio-vao-acontecer-neste-domingo-em-itabuna","status":"publish","type":"post","link":"https:\/\/portalcatolico.net\/portal\/missas-de-envio-vao-acontecer-neste-domingo-em-itabuna\/","title":{"rendered":"Missas de envio v\u00e3o acontecer neste domingo em Itabuna"},"content":{"rendered":"<p><img loading=\"lazy\" decoding=\"async\" class=\"alignnone  wp-image-68331\" src=\"http:\/\/portalcatolico.net\/portal\/wp-content\/uploads\/2020\/02\/93892dce-0e84-4e34-b5cd-9c3631c377fa-300x300.jpg\" alt=\"\" width=\"740\" height=\"740\" srcset=\"https:\/\/portalcatolico.net\/portal\/wp-content\/uploads\/2020\/02\/93892dce-0e84-4e34-b5cd-9c3631c377fa-300x300.jpg 300w, https:\/\/portalcatolico.net\/portal\/wp-content\/uploads\/2020\/02\/93892dce-0e84-4e34-b5cd-9c3631c377fa-150x150.jpg 150w, https:\/\/portalcatolico.net\/portal\/wp-content\/uploads\/2020\/02\/93892dce-0e84-4e34-b5cd-9c3631c377fa-768x768.jpg 768w, https:\/\/portalcatolico.net\/portal\/wp-content\/uploads\/2020\/02\/93892dce-0e84-4e34-b5cd-9c3631c377fa.jpg 1000w\" sizes=\"auto, (max-width: 740px) 100vw, 740px\" \/>A Par\u00f3quia Nossa Senhora da Concei\u00e7\u00e3o localizada no bairro da Concei\u00e7\u00e3o&nbsp;e que comp\u00f5e a diocese de Itabuna, no munic\u00edpio baiano, tem a alegria de&nbsp; convidar voc\u00ea e sua fam\u00edlia para a Celebra\u00e7\u00e3o Eucar\u00edstica onde ser\u00e3o&nbsp;enviados dois vocacionados:&nbsp; Davi Santos Silva e Mateus Santos da Cruz.<br \/>\nA missa de envio ser\u00e1 realizada neste domingo, 09 de fevereiro ,&nbsp;\u00e0s 18h, na Matriz de Nossa Senhora da Concei\u00e7\u00e3o.&nbsp;<\/p>\n<p>J\u00e1 a Par\u00f3quia Santa In\u00eas, situada no bairro Santa In\u00eas, tamb\u00e9m neste domingo, \u00e0s 19h, envia mais um jovem ao semin\u00e1rio. Samuel Gilberto&nbsp;Nascimento Silva ser\u00e1 enviado ao Semin\u00e1rio Proped\u00eautico.<br \/>\nParticipe!<\/p>\n<p><img loading=\"lazy\" decoding=\"async\" class=\"wp-image-68330 aligncenter\" src=\"http:\/\/portalcatolico.net\/portal\/wp-content\/uploads\/2020\/02\/83629484_1267785683415886_286082016330383360_n-300x213.jpg\" alt=\"\" width=\"590\" height=\"419\" srcset=\"https:\/\/portalcatolico.net\/portal\/wp-content\/uploads\/2020\/02\/83629484_1267785683415886_286082016330383360_n-300x213.jpg 300w, https:\/\/portalcatolico.net\/portal\/wp-content\/uploads\/2020\/02\/83629484_1267785683415886_286082016330383360_n.jpg 701w\" sizes=\"auto, (max-width: 590px) 100vw, 590px\" \/><\/p>\n","protected":false},"excerpt":{"rendered":"<p>A Par\u00f3quia Nossa Senhora da Concei\u00e7\u00e3o localizada no bairro da Concei\u00e7\u00e3o&nbsp;e que comp\u00f5e a diocese de Itabuna, no munic\u00edpio baiano, tem a alegria de&nbsp; convidar voc\u00ea e sua fam\u00edlia para a Celebra\u00e7\u00e3o Eucar\u00edstica onde ser\u00e3o&nbsp;enviados dois vocacionados:&nbsp; Davi Santos Silva e Mateus Santos da Cruz. A missa de envio ser\u00e1 realizada neste domingo, 09 de&nbsp;<\/p>\n<p><a class=\"btn btn-style\" href=\"https:\/\/portalcatolico.net\/portal\/missas-de-envio-vao-acontecer-neste-domingo-em-itabuna\/\">Continue Reading<\/a><\/p>\n","protected":false},"author":2,"featured_media":68330,"comment_status":"open","ping_status":"open","sticky":false,"template":"","format":"standard","meta":{"footnotes":""},"categories":[4],"tags":[],"class_list":["post-68329","post","type-post","status-publish","format-standard","has-post-thumbnail","hentry","category-destaques"],"_links":{"self":[{"href":"https:\/\/portalcatolico.net\/portal\/wp-json\/wp\/v2\/posts\/68329","targetHints":{"allow":["GET"]}}],"collection":[{"href":"https:\/\/portalcatolico.net\/portal\/wp-json\/wp\/v2\/posts"}],"about":[{"href":"https:\/\/portalcatolico.net\/portal\/wp-json\/wp\/v2\/types\/post"}],"author":[{"embeddable":true,"href":"https:\/\/portalcatolico.net\/portal\/wp-json\/wp\/v2\/users\/2"}],"replies":[{"embeddable":true,"href":"https:\/\/portalcatolico.net\/portal\/wp-json\/wp\/v2\/comments?post=68329"}],"version-history":[{"count":1,"href":"https:\/\/portalcatolico.net\/portal\/wp-json\/wp\/v2\/posts\/68329\/revisions"}],"predecessor-version":[{"id":68332,"href":"https:\/\/portalcatolico.net\/portal\/wp-json\/wp\/v2\/posts\/68329\/revisions\/68332"}],"wp:featuredmedia":[{"embeddable":true,"href":"https:\/\/portalcatolico.net\/portal\/wp-json\/wp\/v2\/media\/68330"}],"wp:attachment":[{"href":"https:\/\/portalcatolico.net\/portal\/wp-json\/wp\/v2\/media?parent=68329"}],"wp:term":[{"taxonomy":"category","embeddable":true,"href":"https:\/\/portalcatolico.net\/portal\/wp-json\/wp\/v2\/categories?post=68329"},{"taxonomy":"post_tag","embeddable":true,"href":"https:\/\/portalcatolico.net\/portal\/wp-json\/wp\/v2\/tags?post=68329"}],"curies":[{"name":"wp","href":"https:\/\/api.w.org\/{rel}","templated":true}]}}