{"id":68327,"date":"2020-02-07T12:56:02","date_gmt":"2020-02-07T15:56:02","guid":{"rendered":"http:\/\/portalcatolico.net\/portal\/?p=68327"},"modified":"2020-02-07T12:56:02","modified_gmt":"2020-02-07T15:56:02","slug":"audacia-de-recomecar","status":"publish","type":"post","link":"https:\/\/portalcatolico.net\/portal\/audacia-de-recomecar\/","title":{"rendered":"Aud\u00e1cia de recome\u00e7ar"},"content":{"rendered":"<p>O olhar sobre a sociedade e seus muitos territ\u00f3rios espec\u00edficos precisa, neste momento, ser iluminado pela luz da aud\u00e1cia de recome\u00e7ar. As devastadoras chuvas desse janeiro de 2020, causando mortes e perdas materiais, enlutando precocemente as fam\u00edlias, comprometendo infraestruturas, s\u00e3o consequ\u00eancias de uma natureza enfurecida pelo tratamento impiedoso recebido daqueles que deveriam ser os guardi\u00f5es da Casa Comum. As vidas perdidas s\u00e3o o clamor surdo e interpelante dirigidos especialmente aos que governam: \u00e9 preciso ser audacioso e recome\u00e7ar.<\/p>\n<p>No horizonte interpelante delineado e indicado pela Ecologia Integral, a aud\u00e1cia do recome\u00e7o requer a ilumina\u00e7\u00e3o de que o primeiro passo deve ser a aceita\u00e7\u00e3o e a humildade para reconhecer as evidentes li\u00e7\u00f5es a serem aprendidas. N\u00e3o bastam a\u00e7\u00f5es paliativas. \u00c9 indispens\u00e1vel ser audacioso nas concep\u00e7\u00f5es, nos gestos, e ter compet\u00eancia para discernir a respeito de prioridades e investimentos.<\/p>\n<p>O tamanho do desafio \u00e9 imensur\u00e1vel e a oportunidade de se inaugurar um novo tempo \u00e9 \u00fanica. Requer magnanimidade, almas distanciadas dos moldes apequenados que se evidenciam nos gestos, nos pronunciamentos e nas solu\u00e7\u00f5es propostas ante as dificuldades e atrasos que se arrastam nas muitas realidades da sociedade brasileira, em que os pobres pagam a maior parte da conta. Enquanto isso, a pen\u00faria \u00e9 justificada pela falta de recursos que, de fato, tornam-se minguados tamb\u00e9m pela incompet\u00eancia na gest\u00e3o e estreitezas na escolha de prioridades.<\/p>\n<p>O ponto de partida para quem vive uma cidadania qualificada precisa ser a vergonha de tudo o que se refere \u00e0s condi\u00e7\u00f5es inumanas e perigosas impostas aos mais pobres. As cat\u00e1strofes e as perdas precisam agora do ant\u00eddoto, que deve brotar c\u00e9lere e incidente na aud\u00e1cia do indispens\u00e1vel recome\u00e7o. N\u00e3o cabem paliativos. Requer-se abertura \u00e0 ilumina\u00e7\u00e3o advinda das interpela\u00e7\u00f5es da Ecologia Integral, que reclama ordem e din\u00e2micas econ\u00f4micas diferentes das atuais, respons\u00e1veis pelo descompasso na igualdade, que \u00e9 direito de todo cidad\u00e3o.<\/p>\n<p>Uma nova intelig\u00eancia na gest\u00e3o, particularmente governamental, exige a considera\u00e7\u00e3o articulada entre compreens\u00e3o ecol\u00f3gica e infraestrutura: \u00e9 preciso considerar o conjunto dos elementos envolvendo as pessoas, as condi\u00e7\u00f5es e circunst\u00e2ncias da Casa Comum, ou seja, tudo o que diz respeito aos funcionamentos da sociedade. A responsabilidade primeira dos governos n\u00e3o pode ser exercida exclusivamente pelo norte do vi\u00e9s pol\u00edtico, menos ainda, partid\u00e1rio. &nbsp;Aponta-se na dire\u00e7\u00e3o de f\u00f3runs permanentes, em que tomam assento arquitetos, urbanistas, economistas, para uma nova ordem justa e solid\u00e1ria, no horizonte da Economia de Francisco. Ambientalistas e detentores de uma compreens\u00e3o sobre a \u201cescada de humanismo\u201d se mobilizam para formatar projetos e a\u00e7\u00f5es com for\u00e7a para interferir favoravelmente na realidade, com mudan\u00e7as radicais, a partir da implanta\u00e7\u00e3o de novas estruturas com arrojadas e corajosas propostas &#8211; evid\u00eancias com pr\u00e1ticas consolidadas em outras na\u00e7\u00f5es. &nbsp;<\/p>\n<p>Dentre os segmentos que requerem essas necess\u00e1rias e urgentes interven\u00e7\u00f5es, um exemplo emblem\u00e1tico \u00e9 a extra\u00e7\u00e3o do min\u00e9rio que n\u00e3o pode continuar utilizando processos ultrapassados, nem mesmo para justificar a gera\u00e7\u00e3o de empregos e renda, pois beneficiam temporariamente parcela \u00ednfima da popula\u00e7\u00e3o, enquanto os preju\u00edzos decorrentes dessa atividade atingem o conjunto da sociedade. O tema da \u00e1gua, primordial &#8211; desde a ocorr\u00eancia das chuvas torrenciais desastrosas, ao consumo humano de \u00e1gua pot\u00e1vel &#8211; \u00e9 vigoroso neste debate, capaz de pautar a aud\u00e1cia de se recome\u00e7ar. \u00c9 inadi\u00e1vel pensar-se um projeto &#8211; independentemente dos altos custos que possa significar-, que acabe com o uso criminado de rios, riachos e c\u00f3rregos usados como esgoto, a exemplo do rio das Velhas que polui o rio S\u00e3o Francisco com os mais abomin\u00e1veis rejeitos produzidos na Capital mineira.<\/p>\n<p>A aud\u00e1cia de recome\u00e7ar &#8211; como resultado de li\u00e7\u00f5es aprendidas, considerados os crimes e descompassos ambientais &#8211; n\u00e3o perdoar\u00e1 governantes e construtores da sociedade que n\u00e3o se empenharem na escuta dos&nbsp; especialistas para encontrar novos modos de sustentabilidade, a partir de interven\u00e7\u00f5es urban\u00edsticas adequadas, particularmente nos \u00e2mbitos da pol\u00edtica habitacional, da recupera\u00e7\u00e3o dos rios \u2013 o rio Arrudas , em Belo Horizonte,&nbsp; pode se tornar limpo e, quem sabe, &nbsp;at\u00e9 naveg\u00e1vel &nbsp;em alguns trechos, seguindo a mesma trilha de outros grandes centros urbanos.<\/p>\n<p>Sem a compreens\u00e3o dos recursos e das din\u00e2micas no horizonte da ecologia integral, em que todos, sem exce\u00e7\u00e3o, s\u00e3o aprendizes, aliados da vis\u00e3o t\u00e9cnica de urbanistas e arquitetos, as cidades e regi\u00f5es metropolitanas caminhar\u00e3o resvalando na dire\u00e7\u00e3o do caos, arriscando-se ao esgotamento das possibilidades de solu\u00e7\u00e3o.&nbsp; A urg\u00eancia deste momento singular aponta para a import\u00e2ncia dos conhecimentos t\u00e9cnicos. N\u00e3o aqueles engessados pela burocracia ou pela ignor\u00e2ncia de exercer o poder, atrasando processos, mas o que constr\u00f3i equipamentos sustent\u00e1veis, com rapidez inusitada para instalar novo tempo como, agora, \u00e9 requerido. Do cidad\u00e3o ao governante mais responsabilizado, o que se exige, sob pena de se arcar com um preju\u00edzo ainda maior, \u00e9 a tarefa insubstitu\u00edvel de adotar novas propostas, novos h\u00e1bitos e pr\u00e1ticas, novas estruturas &#8211; a comprovada aud\u00e1cia de recome\u00e7ar.<\/p>\n<p>Dom Walmor Oliveira de Azevedo<\/p>\n<p>Arcebispo metropolitano de Belo Horizonte(MG)<\/p>\n<p>Presidente da Confer\u00eancia Nacional dos Bispos do Brasil (CNBB)<\/p>\n","protected":false},"excerpt":{"rendered":"<p>O olhar sobre a sociedade e seus muitos territ\u00f3rios espec\u00edficos precisa, neste momento, ser iluminado pela luz da aud\u00e1cia de recome\u00e7ar. As devastadoras chuvas desse janeiro de 2020, causando mortes e perdas materiais, enlutando precocemente as fam\u00edlias, comprometendo infraestruturas, s\u00e3o consequ\u00eancias de uma natureza enfurecida pelo tratamento impiedoso recebido daqueles que deveriam ser os guardi\u00f5es&nbsp;<\/p>\n<p><a class=\"btn btn-style\" href=\"https:\/\/portalcatolico.net\/portal\/audacia-de-recomecar\/\">Continue Reading<\/a><\/p>\n","protected":false},"author":2,"featured_media":56676,"comment_status":"open","ping_status":"open","sticky":false,"template":"","format":"standard","meta":{"footnotes":""},"categories":[69],"tags":[],"class_list":["post-68327","post","type-post","status-publish","format-standard","has-post-thumbnail","hentry","category-artigos"],"_links":{"self":[{"href":"https:\/\/portalcatolico.net\/portal\/wp-json\/wp\/v2\/posts\/68327","targetHints":{"allow":["GET"]}}],"collection":[{"href":"https:\/\/portalcatolico.net\/portal\/wp-json\/wp\/v2\/posts"}],"about":[{"href":"https:\/\/portalcatolico.net\/portal\/wp-json\/wp\/v2\/types\/post"}],"author":[{"embeddable":true,"href":"https:\/\/portalcatolico.net\/portal\/wp-json\/wp\/v2\/users\/2"}],"replies":[{"embeddable":true,"href":"https:\/\/portalcatolico.net\/portal\/wp-json\/wp\/v2\/comments?post=68327"}],"version-history":[{"count":1,"href":"https:\/\/portalcatolico.net\/portal\/wp-json\/wp\/v2\/posts\/68327\/revisions"}],"predecessor-version":[{"id":68328,"href":"https:\/\/portalcatolico.net\/portal\/wp-json\/wp\/v2\/posts\/68327\/revisions\/68328"}],"wp:featuredmedia":[{"embeddable":true,"href":"https:\/\/portalcatolico.net\/portal\/wp-json\/wp\/v2\/media\/56676"}],"wp:attachment":[{"href":"https:\/\/portalcatolico.net\/portal\/wp-json\/wp\/v2\/media?parent=68327"}],"wp:term":[{"taxonomy":"category","embeddable":true,"href":"https:\/\/portalcatolico.net\/portal\/wp-json\/wp\/v2\/categories?post=68327"},{"taxonomy":"post_tag","embeddable":true,"href":"https:\/\/portalcatolico.net\/portal\/wp-json\/wp\/v2\/tags?post=68327"}],"curies":[{"name":"wp","href":"https:\/\/api.w.org\/{rel}","templated":true}]}}