{"id":68319,"date":"2020-02-07T06:16:39","date_gmt":"2020-02-07T09:16:39","guid":{"rendered":"http:\/\/portalcatolico.net\/portal\/?p=68319"},"modified":"2020-02-07T06:19:55","modified_gmt":"2020-02-07T09:19:55","slug":"diocese-construirao-400-grutas-dedicadas-a-virgem-maria-neste-pai","status":"publish","type":"post","link":"https:\/\/portalcatolico.net\/portal\/diocese-construirao-400-grutas-dedicadas-a-virgem-maria-neste-pai\/","title":{"rendered":"Diocese construir\u00e3o 400 grutas dedicadas \u00e0 Virgem Maria"},"content":{"rendered":"<p><img loading=\"lazy\" decoding=\"async\" class=\"alignnone wp-image-68320\" src=\"http:\/\/portalcatolico.net\/portal\/wp-content\/uploads\/2020\/02\/84586776_2535932236535675_4968660292499144704_o-300x225.jpg\" alt=\"\" width=\"736\" height=\"552\" srcset=\"https:\/\/portalcatolico.net\/portal\/wp-content\/uploads\/2020\/02\/84586776_2535932236535675_4968660292499144704_o-300x225.jpg 300w, https:\/\/portalcatolico.net\/portal\/wp-content\/uploads\/2020\/02\/84586776_2535932236535675_4968660292499144704_o.jpg 526w\" sizes=\"auto, (max-width: 736px) 100vw, 736px\" \/>No contexto do Ano Mariano Nacional que a Argentina vive, a Diocese de Catamarca construir\u00e1 400 grutas em homenagem a Nossa Senhora do Valle, padroeira desta prov\u00edncia.<\/p>\n<p>A iniciativa surgiu da par\u00f3quia de Nossa Senhora do Ros\u00e1rio, em Hualf\u00edn, departamento de Bel\u00e9n, como forma de destacar os 400 anos do encontro da imagem mariana em Catamarca.<\/p>\n<p>Depois de apresentar a ideia ao Bispo de Catamarca, Dom Luis Urbanc, e aos conselhos pastorais das comunidades paroquiais, aprovou-se a constru\u00e7\u00e3o das grutas no territ\u00f3rio paroquial, setor oeste de Catamarca. Dessa forma, cada comunidade ser\u00e1 respons\u00e1vel por levantar 13 grutas.<\/p>\n<p>A primeira gruta foi aben\u00e7oada em 30 de janeiro em Laguna Blanca. O p\u00e1roco de Nossa Senhora do Ros\u00e1rio, Pe. Rogelio Su\u00e1rez, disse que a constru\u00e7\u00e3o \u00e9 \u201cmuito simples e o material usado \u00e9 a pedra, porque deve se assemelhar o m\u00e1ximo poss\u00edvel \u00e0 Gruta de Choya\u201d, lugar onde come\u00e7ou a devo\u00e7\u00e3o.<\/p>\n<p>Pe. Su\u00e1rez acrescentou que participam da constru\u00e7\u00e3o \u201cdocentes, pessoas do munic\u00edpio, os av\u00f3s, as crian\u00e7as, os jovens, um casal, uma fam\u00edlia, quem quiser; todos se envolvem e desta maneira estamos nos preparando para celebrar os 400 anos da M\u00e3e do Valle no meio do povo\u201d.<\/p>\n<p>Entre 8 de dezembro de 2019 e 8 de dezembro de 2020, a&nbsp;Igreja&nbsp;na Argentina vive o Ano Mariano Nacional e, como a Diocese de Catamarca celebra este ano quatro s\u00e9culos do encontro da imagem da Virgem do Valle em Catamarca , uma das principais atividades \u00e9 o IV Congresso Mariano Nacional, entre 26 e 28 de abril de 2020.<\/p>\n<p>Tamb\u00e9m ser\u00e1 realizado em setembro de 2020 o Congresso Teol\u00f3gico-Pastoral.<\/p>\n<p>Cr\u00e9dito: Virgem do Valle Catamarca<\/p>\n<p><em>Publicado originalmente em&nbsp;ACI Prensa. Traduzido e adaptado por Nath\u00e1lia Queiroz.<\/em><\/p>\n","protected":false},"excerpt":{"rendered":"<p>No contexto do Ano Mariano Nacional que a Argentina vive, a Diocese de Catamarca construir\u00e1 400 grutas em homenagem a Nossa Senhora do Valle, padroeira desta prov\u00edncia. A iniciativa surgiu da par\u00f3quia de Nossa Senhora do Ros\u00e1rio, em Hualf\u00edn, departamento de Bel\u00e9n, como forma de destacar os 400 anos do encontro da imagem mariana em&nbsp;<\/p>\n<p><a class=\"btn btn-style\" href=\"https:\/\/portalcatolico.net\/portal\/diocese-construirao-400-grutas-dedicadas-a-virgem-maria-neste-pai\/\">Continue Reading<\/a><\/p>\n","protected":false},"author":2,"featured_media":68322,"comment_status":"open","ping_status":"open","sticky":false,"template":"","format":"standard","meta":{"footnotes":""},"categories":[5],"tags":[],"class_list":["post-68319","post","type-post","status-publish","format-standard","has-post-thumbnail","hentry","category-igreja_no_mundo"],"_links":{"self":[{"href":"https:\/\/portalcatolico.net\/portal\/wp-json\/wp\/v2\/posts\/68319","targetHints":{"allow":["GET"]}}],"collection":[{"href":"https:\/\/portalcatolico.net\/portal\/wp-json\/wp\/v2\/posts"}],"about":[{"href":"https:\/\/portalcatolico.net\/portal\/wp-json\/wp\/v2\/types\/post"}],"author":[{"embeddable":true,"href":"https:\/\/portalcatolico.net\/portal\/wp-json\/wp\/v2\/users\/2"}],"replies":[{"embeddable":true,"href":"https:\/\/portalcatolico.net\/portal\/wp-json\/wp\/v2\/comments?post=68319"}],"version-history":[{"count":5,"href":"https:\/\/portalcatolico.net\/portal\/wp-json\/wp\/v2\/posts\/68319\/revisions"}],"predecessor-version":[{"id":68326,"href":"https:\/\/portalcatolico.net\/portal\/wp-json\/wp\/v2\/posts\/68319\/revisions\/68326"}],"wp:featuredmedia":[{"embeddable":true,"href":"https:\/\/portalcatolico.net\/portal\/wp-json\/wp\/v2\/media\/68322"}],"wp:attachment":[{"href":"https:\/\/portalcatolico.net\/portal\/wp-json\/wp\/v2\/media?parent=68319"}],"wp:term":[{"taxonomy":"category","embeddable":true,"href":"https:\/\/portalcatolico.net\/portal\/wp-json\/wp\/v2\/categories?post=68319"},{"taxonomy":"post_tag","embeddable":true,"href":"https:\/\/portalcatolico.net\/portal\/wp-json\/wp\/v2\/tags?post=68319"}],"curies":[{"name":"wp","href":"https:\/\/api.w.org\/{rel}","templated":true}]}}