{"id":68316,"date":"2020-02-05T19:48:20","date_gmt":"2020-02-05T22:48:20","guid":{"rendered":"http:\/\/portalcatolico.net\/portal\/?p=68316"},"modified":"2020-02-05T19:48:20","modified_gmt":"2020-02-05T22:48:20","slug":"governo-chines-proibe-funeral-de-cristaos-fora-das-igrejas","status":"publish","type":"post","link":"https:\/\/portalcatolico.net\/portal\/governo-chines-proibe-funeral-de-cristaos-fora-das-igrejas\/","title":{"rendered":"Governo chin\u00eas pro\u00edbe funeral de crist\u00e3os fora das igrejas"},"content":{"rendered":"<p>Os funerais crist\u00e3os foram proibidos em algumas \u00e1reas da China \u00e0 medida que o governo comunista come\u00e7a a aplicar um conjunto de regulamentos repressivos nas pr\u00e1ticas religiosas.<\/p>\n<p>Segundo detalha UCA News, o governo chin\u00eas colocou em pr\u00e1tica um conjunto de regulamentos na prov\u00edncia oriental de Zhejiang, que pro\u00edbem os sacerdotes de participarem de cerim\u00f4nias funer\u00e1rias fora de um local religioso.<\/p>\n<p>O governo afirma que as novas regras t\u00eam como objetivo &#8220;livrar-se dos maus costumes funer\u00e1rios e estabelecer uma maneira cient\u00edfica, civilizada e econ\u00f4mica de realizar funerais&#8221;.<\/p>\n<p>As novas regras come\u00e7aram a entrar em vigor recentemente, embora tenham sido promulgadas em 1\u00ba de dezembro de 2019, assinalou um cat\u00f3lico da Diocese de Wenzhou, em Zhejiang, \u00e0 UCA News.<\/p>\n<p>Os regulamentos pro\u00edbem estritamente as &#8220;atividades religiosas fora de locais religiosos, por isso o sacerdote n\u00e3o poder\u00e1 realizar ora\u00e7\u00f5es funer\u00e1rias fora da igreja&#8221;, comentou.<\/p>\n<p>Huang Jian, tamb\u00e9m de Wenzhou, assinalou que os sacerdotes poder\u00e3o visitar as casas dos fi\u00e9is, mas n\u00e3o poder\u00e3o realizar cerim\u00f4nias ou ora\u00e7\u00f5es religiosas.<\/p>\n<p>Pe. Guo, da par\u00f3quia de Henan, que faz parte da Igreja aberta aprovada pelo Estado, disse \u00e0 UCA News que os funcion\u00e1rios do governo pediram que sigam estritamente os Regulamentos sobre Assuntos Religiosos.<\/p>\n<p>\u201cCaso contr\u00e1rio, haveria san\u00e7\u00f5es. A puni\u00e7\u00e3o poderia incluir o fechamento da igreja e o cancelamento do certificado de sacerd\u00f3cio do consagrado, deixando que o sacerdote v\u00e1 para casa\u201d, disse.<\/p>\n<p>Pe. Guo n\u00e3o negou que a situa\u00e7\u00e3o da Igreja chinesa seja preocupante.<\/p>\n<p>\u201cN\u00e3o me deixam ser sacerdote. Se n\u00e3o me deixam ir \u00e0 Igreja, o farei clandestinamente. De todas as formas, a Igreja realmente est\u00e1 oprimida de uma forma muito parecida \u00e0 clandestinidade. Est\u00e1 restrita\u201d. &nbsp;<\/p>\n<p>Pe. Guo enfatizou que os comunistas celebrar\u00e3o os funerais quando morram. \u201cPor que n\u00e3o permitem aos cat\u00f3licos celebrar uma cerim\u00f4nia? Isso \u00e9 exatamente persegui\u00e7\u00e3o\u201d, acrescentou.<\/p>\n<p>Pe. Peter Lee, outro membro da Igreja aberta no leste de Shandong, disse \u00e0 UCA News que as instru\u00e7\u00f5es do governo n\u00e3o chegaram at\u00e9 essa \u00e1rea do pa\u00eds.<\/p>\n<p>\u201cContinuo realizando sacramentos nas casas dos fi\u00e9is. Anteontem, acompanhei o cortejo de um membro da Igreja de sua casa at\u00e9 o cemit\u00e9rio. Ningu\u00e9m o bloqueou\u201d, disse \u00e0 UCA News, em 30 de janeiro.<\/p>\n<p>\u201cComo sacerdote, precisamos acompanhar os membros da Igreja para que sintam como todos somos parte de uma fam\u00edlia. Particularmente, os batizados e os funerais s\u00e3o muito importantes para as fam\u00edlias\u201d.<\/p>\n<p>Zhang Haomin, l\u00edder da par\u00f3quia de Cangzhou, na prov\u00edncia de Hebei, disse que n\u00e3o recebeu nenhuma notifica\u00e7\u00e3o do governo, &#8220;por isso, tudo continuar\u00e1 como sempre&#8221;.<\/p>\n<p>\u201cO governo agora exige que a sociedade simplifique os funerais. As cerim\u00f4nias f\u00fanebres que a nossa igreja realiza s\u00e3o simples, n\u00e3o queimam papel e n\u00e3o contaminam o meio ambiente\u201d, disse.<\/p>\n<p>A China proibiu os funerais, enterros e outras atividades relacionadas aos corpos de v\u00edtimas do coronav\u00edrus que se originou em Wuhan, na prov\u00edncia de Hubei.<br \/>\n&nbsp;Fonte: ACI Digital<br \/>\nFoto: Banco de Imagens &#8211; Canva<\/p>\n","protected":false},"excerpt":{"rendered":"<p>Os funerais crist\u00e3os foram proibidos em algumas \u00e1reas da China \u00e0 medida que o governo comunista come\u00e7a a aplicar um conjunto de regulamentos repressivos nas pr\u00e1ticas religiosas. Segundo detalha UCA News, o governo chin\u00eas colocou em pr\u00e1tica um conjunto de regulamentos na prov\u00edncia oriental de Zhejiang, que pro\u00edbem os sacerdotes de participarem de cerim\u00f4nias funer\u00e1rias&nbsp;<\/p>\n<p><a class=\"btn btn-style\" href=\"https:\/\/portalcatolico.net\/portal\/governo-chines-proibe-funeral-de-cristaos-fora-das-igrejas\/\">Continue Reading<\/a><\/p>\n","protected":false},"author":2,"featured_media":68317,"comment_status":"open","ping_status":"open","sticky":false,"template":"","format":"standard","meta":{"footnotes":""},"categories":[5],"tags":[],"class_list":["post-68316","post","type-post","status-publish","format-standard","has-post-thumbnail","hentry","category-igreja_no_mundo"],"_links":{"self":[{"href":"https:\/\/portalcatolico.net\/portal\/wp-json\/wp\/v2\/posts\/68316","targetHints":{"allow":["GET"]}}],"collection":[{"href":"https:\/\/portalcatolico.net\/portal\/wp-json\/wp\/v2\/posts"}],"about":[{"href":"https:\/\/portalcatolico.net\/portal\/wp-json\/wp\/v2\/types\/post"}],"author":[{"embeddable":true,"href":"https:\/\/portalcatolico.net\/portal\/wp-json\/wp\/v2\/users\/2"}],"replies":[{"embeddable":true,"href":"https:\/\/portalcatolico.net\/portal\/wp-json\/wp\/v2\/comments?post=68316"}],"version-history":[{"count":1,"href":"https:\/\/portalcatolico.net\/portal\/wp-json\/wp\/v2\/posts\/68316\/revisions"}],"predecessor-version":[{"id":68318,"href":"https:\/\/portalcatolico.net\/portal\/wp-json\/wp\/v2\/posts\/68316\/revisions\/68318"}],"wp:featuredmedia":[{"embeddable":true,"href":"https:\/\/portalcatolico.net\/portal\/wp-json\/wp\/v2\/media\/68317"}],"wp:attachment":[{"href":"https:\/\/portalcatolico.net\/portal\/wp-json\/wp\/v2\/media?parent=68316"}],"wp:term":[{"taxonomy":"category","embeddable":true,"href":"https:\/\/portalcatolico.net\/portal\/wp-json\/wp\/v2\/categories?post=68316"},{"taxonomy":"post_tag","embeddable":true,"href":"https:\/\/portalcatolico.net\/portal\/wp-json\/wp\/v2\/tags?post=68316"}],"curies":[{"name":"wp","href":"https:\/\/api.w.org\/{rel}","templated":true}]}}