{"id":68308,"date":"2020-02-04T20:57:19","date_gmt":"2020-02-04T23:57:19","guid":{"rendered":"http:\/\/portalcatolico.net\/portal\/?p=68308"},"modified":"2020-02-04T21:02:12","modified_gmt":"2020-02-05T00:02:12","slug":"arquidiocese-diocese-e-prelazia-sao-instaladas-e-bispos-tomam-posse-no-norte-do-brasil","status":"publish","type":"post","link":"https:\/\/portalcatolico.net\/portal\/arquidiocese-diocese-e-prelazia-sao-instaladas-e-bispos-tomam-posse-no-norte-do-brasil\/","title":{"rendered":"Arquidiocese, diocese e prelazia s\u00e3o instaladas e bispos tomam posse no Norte do Brasil"},"content":{"rendered":"<p>Na caminhada p\u00f3s-sinodal, a Igreja na Amaz\u00f4nia ganha novo impulso ap\u00f3s as mudan\u00e7as realizadas pelo Papa Francisco em algumas Igrejas particulares da regi\u00e3o. No \u00faltimo final de semana, foram erigidas no Par\u00e1 a arquidiocese de Santar\u00e9m e a diocese do Xingu-Altamira. No Amazonas, a arquidiocese de Manaus conta com novo arcebispo. No pr\u00f3ximo domingo, ser\u00e1 e a instala\u00e7\u00e3o da prelazia de Alto Xingu-Tucum\u00e3 e a posse do novo bispo.<\/p>\n<h3>Arquidiocese de Santar\u00e9m<\/h3>\n<p>A diocese de Santar\u00e9m (PA) foi elevada a arquidiocese com a instala\u00e7\u00e3o da Prov\u00edncia Eclesi\u00e1stica, no \u00faltimo domingo, dia 2 de fevereiro. Na ocasi\u00e3o, foi empossado o primeiro arcebispo, dom Irineu Roman, at\u00e9 ent\u00e3o auxiliar de Bel\u00e9m (PA). A missa que marcou a instala\u00e7\u00e3o da arquidiocese foi presidida pelo n\u00fancio apost\u00f3lico no Brasil, dom Giovanni D\u2019Aniello. A celebra\u00e7\u00e3o teve a presen\u00e7a do bispo de Roraima (RR) e segundo vice-presidente da Confer\u00eancia Nacional dos Bispos do Brasil (CNBB), dom M\u00e1rio Ant\u00f4nio da Silva, e de outros bispos do Norte e Nordeste brasileiros, como o bispo de \u00d3bidos (PA) e presidente do regional Norte 2 da CNBB, dom Bernardo Bahlmann.<\/p>\n<p>Dom Irineu Roman assumiu a presid\u00eancia da Eucaristia ap\u00f3s a posse e afirmou que est\u00e1 pronto \u201ca servir com f\u00e9, com amor e com dedica\u00e7\u00e3o a esta Igreja, estas comunidades, a todo esse povo que comp\u00f5e a regi\u00e3o do Baixo Amazonas\u201d. Ele reconhece que \u00e9 muito trabalho, e por isso pede muita sabedoria para conduzi-lo. \u201cO importante \u00e9 que possamos caminhar juntos com todas as for\u00e7as existentes nesta regi\u00e3o\u201d, destacou dom Irineu, que celebrou uma missa no mesmo dia na catedral Nossa Senhora da Concei\u00e7\u00e3o, S\u00e9 metropolitana.<\/p>\n<div id=\"attachment_232922\" class=\"wp-caption aligncenter\" style=\"width: 740px;\">\n<p><img loading=\"lazy\" decoding=\"async\" class=\" wp-image-232922\" src=\"https:\/\/www.cnbb.org.br\/wp-content\/uploads\/sites\/32\/2020\/02\/Santar%C3%A9m-2-300x200.jpeg\" srcset=\"https:\/\/www.cnbb.org.br\/wp-content\/uploads\/sites\/32\/2020\/02\/Santar\u00e9m-2-300x200.jpeg 300w, https:\/\/www.cnbb.org.br\/wp-content\/uploads\/sites\/32\/2020\/02\/Santar\u00e9m-2-1024x682.jpeg 1024w, https:\/\/www.cnbb.org.br\/wp-content\/uploads\/sites\/32\/2020\/02\/Santar\u00e9m-2-768x512.jpeg 768w, https:\/\/www.cnbb.org.br\/wp-content\/uploads\/sites\/32\/2020\/02\/Santar\u00e9m-2.jpeg 1280w\" alt=\"\" width=\"740\" height=\"493\" aria-describedby=\"caption-attachment-232922\"><\/p>\n<p id=\"caption-attachment-232922\" class=\"wp-caption-text\">Dom Irineu tomou posse na arquidiocese de Santar\u00e9m | Foto: Jaime Carvalho\/Pascom Arquidiocese de Santar\u00e9m<\/p>\n<\/div>\n<p>&nbsp;<\/p>\n<div id=\"attachment_232920\" class=\"wp-caption aligncenter\" style=\"width: 735px;\">\n<p><img loading=\"lazy\" decoding=\"async\" class=\" wp-image-232920\" src=\"https:\/\/www.cnbb.org.br\/wp-content\/uploads\/sites\/32\/2020\/02\/Santar%C3%A9m-3-300x225.jpeg\" srcset=\"https:\/\/www.cnbb.org.br\/wp-content\/uploads\/sites\/32\/2020\/02\/Santar\u00e9m-3-300x225.jpeg 300w, https:\/\/www.cnbb.org.br\/wp-content\/uploads\/sites\/32\/2020\/02\/Santar\u00e9m-3-1024x768.jpeg 1024w, https:\/\/www.cnbb.org.br\/wp-content\/uploads\/sites\/32\/2020\/02\/Santar\u00e9m-3-768x576.jpeg 768w, https:\/\/www.cnbb.org.br\/wp-content\/uploads\/sites\/32\/2020\/02\/Santar\u00e9m-3.jpeg 1152w\" alt=\"\" width=\"735\" height=\"551\" aria-describedby=\"caption-attachment-232920\"><\/p>\n<p id=\"caption-attachment-232920\" class=\"wp-caption-text\">Dom Irineu celebrou a primeira missa na catedral na noite de domingo | Foto: Aritana Aguiar\/Arquidiocese de Santar\u00e9m<\/p>\n<\/div>\n<p>A Prov\u00edncia Eclesi\u00e1stica de Santar\u00e9m tem a seguinte forma\u00e7\u00e3o: arquidiocese de Santar\u00e9m (sede), prelazia de Itaituba, diocese de \u00d3bidos, diocese do Xingu (sede na cidade de Altamira) e prelazia do Alto Xingu (sede em Tucum\u00e3).<\/p>\n<h3>Diocese do Xingu<\/h3>\n<p>No s\u00e1bado, 1\u00ba de fevereiro, mais de duas mil pessoas lotaram o Centro de Eventos de Altamira para a cerim\u00f4nia de instala\u00e7\u00e3o da diocese do Xingu-Altamira e a posse do bispo diocesano, dom Jo\u00e3o Muniz Alves. Com um abra\u00e7o, o n\u00fancio apost\u00f3lico no Brasil, dom Giovanni D\u2019Aniello entregou a dom Jo\u00e3o o b\u00e1culo, sinal do pastoreio e do m\u00fanus episcopal de santificar e governar aquela por\u00e7\u00e3o do povo de Deus.<\/p>\n<div id=\"gallery-2\" class=\"gallery galleryid-232919 gallery-columns-3 gallery-size-thumbnail\">\n<dl class=\"gallery-item\">\n<dt class=\"gallery-icon landscape\"><a href=\"https:\/\/www.cnbb.org.br\/posse-e-instalacao-santarem-xingu-manaus\/xingu-altamira-img-nsra-nazare\/\"><img loading=\"lazy\" decoding=\"async\" class=\"attachment-thumbnail \" src=\"https:\/\/www.cnbb.org.br\/wp-content\/uploads\/sites\/32\/2020\/02\/Xingu-Altamira-img-NSra-Nazar%C3%A9-150x150.jpg\" alt=\"\" width=\"302\" height=\"302\"><\/a><\/dt>\n<\/dl>\n<dl class=\"gallery-item\">\n<dt class=\"gallery-icon portrait\"><a href=\"https:\/\/www.cnbb.org.br\/posse-e-instalacao-santarem-xingu-manaus\/dom-joao-muniz\/\"><img loading=\"lazy\" decoding=\"async\" class=\"attachment-thumbnail \" src=\"https:\/\/www.cnbb.org.br\/wp-content\/uploads\/sites\/32\/2020\/02\/Dom-Joao-Muniz-150x150.jpg\" alt=\"\" width=\"294\" height=\"294\"><\/a><\/dt>\n<\/dl>\n<\/div>\n<p>Ao final da celebra\u00e7\u00e3o, o arcebispo de Bel\u00e9m e vice-presidente do regional Norte 2 da CNBB, dom Alberto Taveira Corr\u00eaa, presenteou dom Jo\u00e3o e a nova diocese com uma imagem de Nossa Senhora de Nazar\u00e9. Dom Jo\u00e3o recordou que a Rainha da Amaz\u00f4nia \u00e9 a padroeira da diocese e pediu que todos cantassem o \u201cL\u00edrio Mimoso\u201d.<\/p>\n<p>Na sequ\u00eancia, dom Jo\u00e3o recordou a caminhada da prelazia do Xingu: \u201cEste dia de hoje marca a hist\u00f3ria de nossa Igreja e demonstra um reconhecimento da f\u00e9 de nosso povo e da a\u00e7\u00e3o de Deus em n\u00f3s que estamos nesta regi\u00e3o\u201d, destacou.<\/p>\n<h3>Manaus<\/h3>\n<p>A posse de dom Leonardo Steiner como novo arcebispo de Manaus, sucedendo a dom S\u00e9rgio Castriani, foi na noite de sexta-feira, 31 de janeiro. A cerim\u00f4nia foi realizada na Catedral Nossa Senhora da Concei\u00e7\u00e3o com a presen\u00e7a dos dois presidentes da CNBB que estiveram ao lado de dom Leonardo quando este foi secret\u00e1rio geral da entidade: o cardeal Raymundo Damasceno Assis e o cardeal Sergio da Rocha. O atual presidente da Confer\u00eancia, dom Walmor Oliveira de Azevedo tamb\u00e9m esteve na celebra\u00e7\u00e3o, junto com o primeiro e o segundo vice-presidentes, dom Jaime Spengler e dom M\u00e1rio Ant\u00f4nio da Silva, e outros 23 bispos de outras prelazias e arquidioceses e dioceses.<\/p>\n<div id=\"attachment_232925\" class=\"wp-caption alignright\">\n<p><img loading=\"lazy\" decoding=\"async\" class=\"wp-image-232925 size-medium\" src=\"https:\/\/www.cnbb.org.br\/wp-content\/uploads\/sites\/32\/2020\/02\/Dom-Leonardo-e-dom-S%C3%A9rgio-Castriani-300x300.jpg\" srcset=\"https:\/\/www.cnbb.org.br\/wp-content\/uploads\/sites\/32\/2020\/02\/Dom-Leonardo-e-dom-S\u00e9rgio-Castriani-300x300.jpg 300w, https:\/\/www.cnbb.org.br\/wp-content\/uploads\/sites\/32\/2020\/02\/Dom-Leonardo-e-dom-S\u00e9rgio-Castriani-150x150.jpg 150w, https:\/\/www.cnbb.org.br\/wp-content\/uploads\/sites\/32\/2020\/02\/Dom-Leonardo-e-dom-S\u00e9rgio-Castriani.jpg 554w\" alt=\"\" width=\"300\" height=\"300\" aria-describedby=\"caption-attachment-232925\"><\/p>\n<p id=\"caption-attachment-232925\" class=\"wp-caption-text\">Foto: arquidiocese de Manaus<\/p>\n<\/div>\n<p>Padres amigos de dom Leonardo, padres e di\u00e1conos do clero de Manaus, seminaristas, religiosos e religiosas, leigos e leigas dentre agentes pastorais, movimentos e grupos, membros da sociedade civil, autoridades em geral e familiares do novo arcebispo tamb\u00e9m lotaram a catedral e ocuparam as mais de 800 cadeiras dispostas na \u00e1rea externa da matriz.<\/p>\n<p>Ao final de sua homilia, dom Leonardo expressou votos de gratid\u00e3o, encerrando direcionado ao Papa Francisco: \u201cGratid\u00e3o ao Papa Francisco por ter-me enviado para a Amaz\u00f4nia! Quantas vezes ele manifestou sua preocupa\u00e7\u00e3o pastoral e a preocupa\u00e7\u00e3o com a casa comum em rela\u00e7\u00e3o a Amaz\u00f4nia, durante as visitas da presid\u00eancia da CNBB. A arquidiocese de Manaus far\u00e1 todo o esfor\u00e7o para cuidarmos da Amaz\u00f4nia, nossa casa comum e de seus povos origin\u00e1rios conforme a solicitude do Santo Padre\u201d, afirmou.<\/p>\n<h3>Alto Xingu<\/h3>\n<p>A cidade de Tucum\u00e3 (PA) ser\u00e1, a partir do pr\u00f3ximo domingo, a sede da nova prelazia da Igreja no Brasil, que recebeu o nome de Alto Xingu-Tucum\u00e3. Na \u00faltima semana, o bispo eleito da prelazia, dom Jes\u00fas Mar\u00eda Maule\u00f3n, que foi ordenado recentemente, visitou a sede do regional Norte 2 da CNBB, em Bel\u00e9m, para conhecer a estrutura que abriga as pastorais e organismos<\/p>\n<p><a href=\"http:\/\/cnbbn2.com.br\/bispo-eleito-da-nova-prelazia-do-alto-xingu-dom-jesus-maria-mauleon-visita-sede-da-cnbb-norte-2\/\">Bispo eleito da nova Prelazia do Alto Xingu, Dom Jes\u00fas Mar\u00eda Maule\u00f3n, visita sede da CNBB Norte 2<\/a><\/p>\n<p>Informa\u00e7\u00f5es: CNBB<\/p>\n","protected":false},"excerpt":{"rendered":"<p>Na caminhada p\u00f3s-sinodal, a Igreja na Amaz\u00f4nia ganha novo impulso ap\u00f3s as mudan\u00e7as realizadas pelo Papa Francisco em algumas Igrejas particulares da regi\u00e3o. No \u00faltimo final de semana, foram erigidas no Par\u00e1 a arquidiocese de Santar\u00e9m e a diocese do Xingu-Altamira. No Amazonas, a arquidiocese de Manaus conta com novo arcebispo. No pr\u00f3ximo domingo, ser\u00e1&nbsp;<\/p>\n<p><a class=\"btn btn-style\" href=\"https:\/\/portalcatolico.net\/portal\/arquidiocese-diocese-e-prelazia-sao-instaladas-e-bispos-tomam-posse-no-norte-do-brasil\/\">Continue Reading<\/a><\/p>\n","protected":false},"author":2,"featured_media":68309,"comment_status":"open","ping_status":"open","sticky":false,"template":"","format":"standard","meta":{"footnotes":""},"categories":[4],"tags":[],"class_list":["post-68308","post","type-post","status-publish","format-standard","has-post-thumbnail","hentry","category-destaques"],"_links":{"self":[{"href":"https:\/\/portalcatolico.net\/portal\/wp-json\/wp\/v2\/posts\/68308","targetHints":{"allow":["GET"]}}],"collection":[{"href":"https:\/\/portalcatolico.net\/portal\/wp-json\/wp\/v2\/posts"}],"about":[{"href":"https:\/\/portalcatolico.net\/portal\/wp-json\/wp\/v2\/types\/post"}],"author":[{"embeddable":true,"href":"https:\/\/portalcatolico.net\/portal\/wp-json\/wp\/v2\/users\/2"}],"replies":[{"embeddable":true,"href":"https:\/\/portalcatolico.net\/portal\/wp-json\/wp\/v2\/comments?post=68308"}],"version-history":[{"count":5,"href":"https:\/\/portalcatolico.net\/portal\/wp-json\/wp\/v2\/posts\/68308\/revisions"}],"predecessor-version":[{"id":68315,"href":"https:\/\/portalcatolico.net\/portal\/wp-json\/wp\/v2\/posts\/68308\/revisions\/68315"}],"wp:featuredmedia":[{"embeddable":true,"href":"https:\/\/portalcatolico.net\/portal\/wp-json\/wp\/v2\/media\/68309"}],"wp:attachment":[{"href":"https:\/\/portalcatolico.net\/portal\/wp-json\/wp\/v2\/media?parent=68308"}],"wp:term":[{"taxonomy":"category","embeddable":true,"href":"https:\/\/portalcatolico.net\/portal\/wp-json\/wp\/v2\/categories?post=68308"},{"taxonomy":"post_tag","embeddable":true,"href":"https:\/\/portalcatolico.net\/portal\/wp-json\/wp\/v2\/tags?post=68308"}],"curies":[{"name":"wp","href":"https:\/\/api.w.org\/{rel}","templated":true}]}}