{"id":68301,"date":"2020-02-05T00:03:28","date_gmt":"2020-02-05T03:03:28","guid":{"rendered":"http:\/\/portalcatolico.net\/portal\/?p=68301"},"modified":"2020-02-04T20:37:15","modified_gmt":"2020-02-04T23:37:15","slug":"um-por-todos-todos-por-um-e-a-campanha-de-oracao-pelo-papa-francisco-na-polonia","status":"publish","type":"post","link":"https:\/\/portalcatolico.net\/portal\/um-por-todos-todos-por-um-e-a-campanha-de-oracao-pelo-papa-francisco-na-polonia\/","title":{"rendered":"\u201cUm por todos, todos por um\u201d \u00e9 a campanha de ora\u00e7\u00e3o pelo Papa Francisco na Pol\u00f4nia"},"content":{"rendered":"<div class=\"article__subTitle\">No dia 8 de mar\u00e7o \u201cvamos ter em m\u00e3os os ter\u00e7os e rezar\u201d pelo Papa Francisco, afirma seminarista polon\u00eas que promove a campanha. Este \u00e9 o terceiro ano consecutivo da iniciativa que toma como exemplo o Movimento Lednica, formado por jovens que anualmente se encontram para rezar \u00e0s margens do lago Lednica. Em apenas um dia, a comunidade chega a reunir at\u00e9 150 mil jovens de todo o pa\u00eds e tamb\u00e9m do exterior.<\/div>\n<div>&nbsp;<\/div>\n<div>O dia previsto de mobiliza\u00e7\u00e3o de ora\u00e7\u00f5es pelo Papa Francisco na Pol\u00f4nia \u00e9 o 8 de mar\u00e7o \u2013 domingo precedente ao anivers\u00e1rio da elei\u00e7\u00e3o do Pont\u00edfice, isto \u00e9, 13 de mar\u00e7o. Este \u00e9 o terceiro ano consecutivo da campanha polonesa \u201cUm por todos, todos por um\u201d, realizada pelo Departamento Pastoral Geral da C\u00faria diocesana de Lomza e pelo Movimento Lednica, formado por jovens que anualmente se encontram para rezar num campo \u00e0s margens do lago Lednica, perto da cidade de Poznan. A comunidade d\u00e1 o exemplo, visto que, em apenas um dia, normalmente no primeiro s\u00e1bado de junho, chegam a reunir at\u00e9 150 mil jovens de todo o pa\u00eds e tamb\u00e9m do exterior, sendo caracterizado como o maior encontro regular da juventude cat\u00f3lica na Europa.<\/div>\n<div>\n<p><strong>Jovens d\u00e3o resposta ao Papa Francisco<\/strong><\/p>\n<p>No final do m\u00eas de janeiro, o bispo Artur Mizinski, secret\u00e1rio geral da Confer\u00eancia Episcopal da Pol\u00f4nia, apresentou a campanha de ora\u00e7\u00e3o ao Papa em Vars\u00f3via e disse: \u201c\u00e9 uma resposta ao pedido do Santo Padre de acompanh\u00e1-lo nesses tempos dif\u00edceis\u201d e de rezar por ele.<\/p>\n<p><strong>Jesus Cristo, o Evangelho e o Papa<\/strong><\/p>\n<p>J\u00e1 o promotor da campanha \u201cUm por todos, todos por um\u201d, o seminarista Rafal Orzechowski, explicou que o objetivo principal \u00e9 a ora\u00e7\u00e3o conjunta pelo Papa e o aprendizado dos seus ensinamentos, al\u00e9m da evangeliza\u00e7\u00e3o e adora\u00e7\u00e3o a Deus. Ele recordou que \u201caquilo que nos une \u00e9 Jesus Cristo, o Evangelho e o Papa. Se chamamos o Papa de Santo Padre, vamos trata-lo como um Pai\u201d.<\/p>\n<p>Por isso, finalizou o seminarista polon\u00eas, no dia 8 de mar\u00e7o \u201cvamos ter em m\u00e3os os ter\u00e7os e rezar\u201d pelo Papa Francisco. Essa iniciativa, patrocinada pelo presidente da Confer\u00eancia Episcopal da Pol\u00f4nia, o arcebispo Stanislaw Gadecki, partiu dos jovens do pa\u00eds h\u00e1 tr\u00eas anos, mas logo se estendeu tamb\u00e9m ao exterior, demonstrando o quanto \u00e9 natural a liga\u00e7\u00e3o das jovens gera\u00e7\u00f5es com o Papa.<\/p>\n<p>Andressa Collet\/Vatican News<\/p>\n<\/div>\n<div class=\"title__separator\">&nbsp;<\/div>\n<div class=\"article__text\">\n<p>&nbsp;<\/p>\n<\/div>\n","protected":false},"excerpt":{"rendered":"<p>No dia 8 de mar\u00e7o \u201cvamos ter em m\u00e3os os ter\u00e7os e rezar\u201d pelo Papa Francisco, afirma seminarista polon\u00eas que promove a campanha. Este \u00e9 o terceiro ano consecutivo da iniciativa que toma como exemplo o Movimento Lednica, formado por jovens que anualmente se encontram para rezar \u00e0s margens do lago Lednica. Em apenas um&nbsp;<\/p>\n<p><a class=\"btn btn-style\" href=\"https:\/\/portalcatolico.net\/portal\/um-por-todos-todos-por-um-e-a-campanha-de-oracao-pelo-papa-francisco-na-polonia\/\">Continue Reading<\/a><\/p>\n","protected":false},"author":2,"featured_media":68302,"comment_status":"open","ping_status":"open","sticky":false,"template":"","format":"standard","meta":{"footnotes":""},"categories":[5],"tags":[],"class_list":["post-68301","post","type-post","status-publish","format-standard","has-post-thumbnail","hentry","category-igreja_no_mundo"],"_links":{"self":[{"href":"https:\/\/portalcatolico.net\/portal\/wp-json\/wp\/v2\/posts\/68301","targetHints":{"allow":["GET"]}}],"collection":[{"href":"https:\/\/portalcatolico.net\/portal\/wp-json\/wp\/v2\/posts"}],"about":[{"href":"https:\/\/portalcatolico.net\/portal\/wp-json\/wp\/v2\/types\/post"}],"author":[{"embeddable":true,"href":"https:\/\/portalcatolico.net\/portal\/wp-json\/wp\/v2\/users\/2"}],"replies":[{"embeddable":true,"href":"https:\/\/portalcatolico.net\/portal\/wp-json\/wp\/v2\/comments?post=68301"}],"version-history":[{"count":1,"href":"https:\/\/portalcatolico.net\/portal\/wp-json\/wp\/v2\/posts\/68301\/revisions"}],"predecessor-version":[{"id":68303,"href":"https:\/\/portalcatolico.net\/portal\/wp-json\/wp\/v2\/posts\/68301\/revisions\/68303"}],"wp:featuredmedia":[{"embeddable":true,"href":"https:\/\/portalcatolico.net\/portal\/wp-json\/wp\/v2\/media\/68302"}],"wp:attachment":[{"href":"https:\/\/portalcatolico.net\/portal\/wp-json\/wp\/v2\/media?parent=68301"}],"wp:term":[{"taxonomy":"category","embeddable":true,"href":"https:\/\/portalcatolico.net\/portal\/wp-json\/wp\/v2\/categories?post=68301"},{"taxonomy":"post_tag","embeddable":true,"href":"https:\/\/portalcatolico.net\/portal\/wp-json\/wp\/v2\/tags?post=68301"}],"curies":[{"name":"wp","href":"https:\/\/api.w.org\/{rel}","templated":true}]}}