{"id":68298,"date":"2020-02-04T20:28:52","date_gmt":"2020-02-04T23:28:52","guid":{"rendered":"http:\/\/portalcatolico.net\/portal\/?p=68298"},"modified":"2020-02-04T20:28:52","modified_gmt":"2020-02-04T23:28:52","slug":"acompanhe-como-esta-sendo-o-novenario-de-nossa-senhora-de-lourdes-em-coaraci","status":"publish","type":"post","link":"https:\/\/portalcatolico.net\/portal\/acompanhe-como-esta-sendo-o-novenario-de-nossa-senhora-de-lourdes-em-coaraci\/","title":{"rendered":"Acompanhe como est\u00e1 sendo o noven\u00e1rio de Nossa Senhora de Lourdes em Coaraci"},"content":{"rendered":"<p><span lang=\"PT\"><span style=\"font-size: medium;\">Continua na par\u00f3quia Nossa Senhora de Lourdes, em Coaraci (BA), os&nbsp;<\/span><span style=\"font-size: medium;\">preparativos para a festa da padroeira do munic\u00edpio. Nesta segunda- feira (03\/02), aconteceu a&nbsp; 2\u00aa noite do Noven\u00e1rio que teve como pregador, o sacerdote&nbsp; da diocese de Ilh\u00e9us, o Pe. Ant\u00f4nio Marcos Batista. Ele refletiu sobre o<br \/>\nSubtema da noite: &#8220;Pelo Batismo, Deus nos chama a encontrar Jesus, e o segui-lo no testemunho do reino de justi\u00e7a e paz&#8221;.<\/span><\/span><\/p>\n<p><span lang=\"PT\"><span style=\"font-size: medium;\">&#8220;Quando eu fui batizado, eu fui selado. Eu fui manchado. Manchado pelo amor de Deus. A gra\u00e7a me envolveu, me enchi de Deus. Me tornei o amigo \u00edntimo do filho de Deus. Me tornei crist\u00e3o! E ser crist\u00e3o \u00e9 amar como Jesus amou, \u00e9 pensar como Jesus pensou, \u00e9 falar como Jesus falou, \u00e9 caminhar como Jesus caminhou!&#8221;<\/span><\/span><\/p>\n<p><span lang=\"PT\"><span style=\"font-size: medium;\">O noven\u00e1rio teve in\u00edcio no dia 02 e segue at\u00e9 o dia 11, dia dedicado \u00e0 santa, e ser\u00e1&nbsp; feriado municipal religioso. O tema central da festa \u00e9: &#8220;Escutar e abrir-se&nbsp; para seguir &#8220;. A santa&nbsp;missa acontece toda noite \u00e0s 19h, na igreja matriz de Nossa Senhora de Lourdes.<\/span><\/span><\/p>\n<p>&nbsp;<\/p>\n","protected":false},"excerpt":{"rendered":"<p>Continua na par\u00f3quia Nossa Senhora de Lourdes, em Coaraci (BA), os&nbsp;preparativos para a festa da padroeira do munic\u00edpio. Nesta segunda- feira (03\/02), aconteceu a&nbsp; 2\u00aa noite do Noven\u00e1rio que teve como pregador, o sacerdote&nbsp; da diocese de Ilh\u00e9us, o Pe. Ant\u00f4nio Marcos Batista. Ele refletiu sobre o Subtema da noite: &#8220;Pelo Batismo, Deus nos chama&nbsp;<\/p>\n<p><a class=\"btn btn-style\" href=\"https:\/\/portalcatolico.net\/portal\/acompanhe-como-esta-sendo-o-novenario-de-nossa-senhora-de-lourdes-em-coaraci\/\">Continue Reading<\/a><\/p>\n","protected":false},"author":2,"featured_media":68299,"comment_status":"open","ping_status":"open","sticky":false,"template":"","format":"standard","meta":{"footnotes":""},"categories":[68],"tags":[],"class_list":["post-68298","post","type-post","status-publish","format-standard","has-post-thumbnail","hentry","category-homilias"],"_links":{"self":[{"href":"https:\/\/portalcatolico.net\/portal\/wp-json\/wp\/v2\/posts\/68298","targetHints":{"allow":["GET"]}}],"collection":[{"href":"https:\/\/portalcatolico.net\/portal\/wp-json\/wp\/v2\/posts"}],"about":[{"href":"https:\/\/portalcatolico.net\/portal\/wp-json\/wp\/v2\/types\/post"}],"author":[{"embeddable":true,"href":"https:\/\/portalcatolico.net\/portal\/wp-json\/wp\/v2\/users\/2"}],"replies":[{"embeddable":true,"href":"https:\/\/portalcatolico.net\/portal\/wp-json\/wp\/v2\/comments?post=68298"}],"version-history":[{"count":1,"href":"https:\/\/portalcatolico.net\/portal\/wp-json\/wp\/v2\/posts\/68298\/revisions"}],"predecessor-version":[{"id":68300,"href":"https:\/\/portalcatolico.net\/portal\/wp-json\/wp\/v2\/posts\/68298\/revisions\/68300"}],"wp:featuredmedia":[{"embeddable":true,"href":"https:\/\/portalcatolico.net\/portal\/wp-json\/wp\/v2\/media\/68299"}],"wp:attachment":[{"href":"https:\/\/portalcatolico.net\/portal\/wp-json\/wp\/v2\/media?parent=68298"}],"wp:term":[{"taxonomy":"category","embeddable":true,"href":"https:\/\/portalcatolico.net\/portal\/wp-json\/wp\/v2\/categories?post=68298"},{"taxonomy":"post_tag","embeddable":true,"href":"https:\/\/portalcatolico.net\/portal\/wp-json\/wp\/v2\/tags?post=68298"}],"curies":[{"name":"wp","href":"https:\/\/api.w.org\/{rel}","templated":true}]}}