{"id":68286,"date":"2020-02-04T00:24:14","date_gmt":"2020-02-04T03:24:14","guid":{"rendered":"http:\/\/portalcatolico.net\/portal\/?p=68286"},"modified":"2020-02-03T20:24:41","modified_gmt":"2020-02-03T23:24:41","slug":"encontro-vocacional-em-prol-da-juventude-acontece-em-marco-em-itabuna","status":"publish","type":"post","link":"https:\/\/portalcatolico.net\/portal\/encontro-vocacional-em-prol-da-juventude-acontece-em-marco-em-itabuna\/","title":{"rendered":"Encontro Vocacional em prol da juventude acontece em mar\u00e7o em Itabuna"},"content":{"rendered":"<p>\u00c9 com grande alegria que a Diocese de Itabuna, no sul da Bahia, convida os jovens vocacionados que cursam os estudos do&nbsp;ensino m\u00e9dio ou que j\u00e1 conclu\u00edram os estudos para participarem do Encontro Vocacional de 2020. Este encontro tem como objetivo conhecer,&nbsp;incentivar e acompanhar os jovens, que ouviram o chamado de Deus e desejam respond\u00ea-lo, atrav\u00e9s de um processo de discernimento.<br \/>\nO encontro acontece nos dias 7 e 8 de mar\u00e7o. No dia 7, a programa\u00e7\u00e3o come\u00e7a a partir das 7h e vai at\u00e9 \u00e0s 14h. E no dia 8, vai at\u00e9 ap\u00f3s o almo\u00e7o.<\/p>\n<p>O evento vai acontecer na Rua Evaristo Andrade,205, bairro Vila Zara em Itabuna.<br \/>\nPode levar a B\u00edblia, caderno, material para higiene pessoal, len\u00e7ol,&nbsp;fronha e cobertor.<br \/>\nPara maiores informa\u00e7\u00f5es, entre em contato com a c\u00faria diocesana, pelo telefone: (73) 3211-3520.<\/p>\n<p>Edi\u00e7\u00e3o de texto: Portal Cat\u00f3lico.Net<\/p>\n<p>Informa\u00e7\u00f5es: Samuel Gilberto (Seminarista\/Diocese de Itabuna(BA))<\/p>\n","protected":false},"excerpt":{"rendered":"<p>\u00c9 com grande alegria que a Diocese de Itabuna, no sul da Bahia, convida os jovens vocacionados que cursam os estudos do&nbsp;ensino m\u00e9dio ou que j\u00e1 conclu\u00edram os estudos para participarem do Encontro Vocacional de 2020. Este encontro tem como objetivo conhecer,&nbsp;incentivar e acompanhar os jovens, que ouviram o chamado de Deus e desejam respond\u00ea-lo,&nbsp;<\/p>\n<p><a class=\"btn btn-style\" href=\"https:\/\/portalcatolico.net\/portal\/encontro-vocacional-em-prol-da-juventude-acontece-em-marco-em-itabuna\/\">Continue Reading<\/a><\/p>\n","protected":false},"author":2,"featured_media":68287,"comment_status":"open","ping_status":"open","sticky":false,"template":"","format":"standard","meta":{"footnotes":""},"categories":[4],"tags":[],"class_list":["post-68286","post","type-post","status-publish","format-standard","has-post-thumbnail","hentry","category-destaques"],"_links":{"self":[{"href":"https:\/\/portalcatolico.net\/portal\/wp-json\/wp\/v2\/posts\/68286","targetHints":{"allow":["GET"]}}],"collection":[{"href":"https:\/\/portalcatolico.net\/portal\/wp-json\/wp\/v2\/posts"}],"about":[{"href":"https:\/\/portalcatolico.net\/portal\/wp-json\/wp\/v2\/types\/post"}],"author":[{"embeddable":true,"href":"https:\/\/portalcatolico.net\/portal\/wp-json\/wp\/v2\/users\/2"}],"replies":[{"embeddable":true,"href":"https:\/\/portalcatolico.net\/portal\/wp-json\/wp\/v2\/comments?post=68286"}],"version-history":[{"count":1,"href":"https:\/\/portalcatolico.net\/portal\/wp-json\/wp\/v2\/posts\/68286\/revisions"}],"predecessor-version":[{"id":68288,"href":"https:\/\/portalcatolico.net\/portal\/wp-json\/wp\/v2\/posts\/68286\/revisions\/68288"}],"wp:featuredmedia":[{"embeddable":true,"href":"https:\/\/portalcatolico.net\/portal\/wp-json\/wp\/v2\/media\/68287"}],"wp:attachment":[{"href":"https:\/\/portalcatolico.net\/portal\/wp-json\/wp\/v2\/media?parent=68286"}],"wp:term":[{"taxonomy":"category","embeddable":true,"href":"https:\/\/portalcatolico.net\/portal\/wp-json\/wp\/v2\/categories?post=68286"},{"taxonomy":"post_tag","embeddable":true,"href":"https:\/\/portalcatolico.net\/portal\/wp-json\/wp\/v2\/tags?post=68286"}],"curies":[{"name":"wp","href":"https:\/\/api.w.org\/{rel}","templated":true}]}}