{"id":68279,"date":"2020-02-05T00:53:13","date_gmt":"2020-02-05T03:53:13","guid":{"rendered":"http:\/\/portalcatolico.net\/portal\/?p=68279"},"modified":"2020-02-03T19:53:45","modified_gmt":"2020-02-03T22:53:45","slug":"triduo-em-louvor-a-nossa-senhora-de-lourdes-comeca-sabado-em-itabuna","status":"publish","type":"post","link":"https:\/\/portalcatolico.net\/portal\/triduo-em-louvor-a-nossa-senhora-de-lourdes-comeca-sabado-em-itabuna\/","title":{"rendered":"Tr\u00edduo em louvor \u00e0 Nossa Senhora de Lourdes come\u00e7a s\u00e1bado em Itabuna"},"content":{"rendered":"<p>O Tr\u00edduo&nbsp;em prepara\u00e7\u00e3o para a Festa de Nossa Senhora de Lourdes, padroeira do bairro Fonseca&nbsp;em Itabuna, tem in\u00edcio no pr\u00f3ximo s\u00e1bado (08), e segue at\u00e9 a ter\u00e7a-feira (11),&nbsp;dia dedicado \u00e0 santa.<br \/>\nO tema central da festa \u00e9: &#8220;Maria, Modelo de Voca\u00e7\u00e3o&#8221;.<br \/>\nA Comunidade Nossa Senhora de Lourdes fica localizada na Rua Alzira&nbsp;Fonseca, 205, bairro Fonseca e comp\u00f5e a par\u00f3quia Santa Rita de&nbsp;C\u00e1ssia, que tem como padres respons\u00e1veis, os Frades&nbsp; Capuchinhos:&nbsp;&nbsp;Frei Gilton Oliveira (p\u00e1roco) e vig\u00e1rio paroquial, o Pe. Frei Jose Lu\u00eds.<\/p>\n<p><strong>Confira a programa\u00e7\u00e3o completa:<\/strong><\/p>\n<p><strong>Dia 08\/02-1\u00aa Noite (s\u00e1bado)<\/strong><\/p>\n<p>19h- Missa dedicada \u00e0 Juventude<br \/>\nSubtema: &#8220;Juventude e Voca\u00e7\u00e3o: eis-me aqui Senhor para servi-lo&#8221;.<br \/>\nRespons\u00e1veis pela liturgia: Comunidade S\u00e3o Francisco de Assis<br \/>\nConvidados: Comunidade S\u00e3o Francisco de Assis, Grupo Santo Ant\u00f4nio, Padre Pio, Grupo Bom Viver, Pastoral do Batismo, Grupo dos Coroinhas, Encontro de Jovem com Cristo (EJC) e Grupo S\u00e3o Lucas.&nbsp; Ap\u00f3s a santa missa quermesse respons\u00e1veis: Praesidium Sede de sabedoria.<\/p>\n<p><strong>Dia 09\/02-2\u00aa Noite (domingo)<\/strong><br \/>\n19h- Missa dedicada aos homens<br \/>\nSubtema: &#8220;Voca\u00e7\u00e3o: Chamado de Deus, resposta do Homem&#8221;<br \/>\nLiturgia: Comunidade Santa Luzia<br \/>\nConvidados: Comunidade Santa Luzia, Ter\u00e7o dos homens, Pastoral Familiar, Pastoral do D\u00edzimo, Pastoral da Catequese e Pascom-Pastoral da Comunica\u00e7\u00e3o.<br \/>\nQuermesse: Pastoral Catequ\u00e9tica e Praesidium M\u00e3e do Criador.<\/p>\n<p><strong>Dia 10\/02-3\u00aa Noite (segunda-feira)<\/strong><br \/>\n19h- Missa dedicada \u00e0s mulheres<br \/>\nSubtema: &#8220;Voca\u00e7\u00e3o Sacerdotal e religiosa, servi\u00e7o do amor de Deus&#8221;.<br \/>\nRespons\u00e1veis pela liturgia: Comunidade S\u00e3o Paulo Ap\u00f3stolo<br \/>\nConvidados: Comunidades S\u00e3o Paulo Ap\u00f3stolo, Minist\u00e9rio de M\u00fasica, Renova\u00e7\u00e3o Carism\u00e1tica Cat\u00f3lica (RCC), Legi\u00e3o de Maria, Apostolado da Ora\u00e7\u00e3o e Ministros Extraordin\u00e1rios da Comunh\u00e3o Eucari\u00f3tica (MECE).<br \/>\nQuermesse: Praesidium Rainha da Paz<\/p>\n<p><strong>Dia Festivo 11\/02-3\u00aa Noite (ter\u00e7a-feira)<\/strong><br \/>\nDia dedicado a&nbsp;Nossa Senhora de Lourdes<br \/>\n6h-Alvorada<br \/>\n7h00-.Santa Of\u00edcio<br \/>\n18h-Tter\u00e7o Mariano<br \/>\n19h-Missa Solene, encerramento com a prociss\u00e3o com a Imagem da Santa pelas ruas do bairro e Ben\u00e7\u00e3o do Sant\u00edssimo Sacramento.<br \/>\nConvidados especiais: Todos os grupos, pastorais, movimentos e todos os devotos de Nossa Senhora de Lourdes.<br \/>\nLiturgia: Comunidade de Nossa Senhora de Lourdes<br \/>\nQuermesse: Praesidium Sede de Sabedoria, Pastoral da Catequese,<br \/>\nPraesidium Mae do Criador, Praesidium, Rainha da Paz, Minist\u00e9rio de Musica Utopia.<\/p>\n<p>Foto:Acervo\/Portal Cat\u00f3lico.Net<\/p>\n","protected":false},"excerpt":{"rendered":"<p>O Tr\u00edduo&nbsp;em prepara\u00e7\u00e3o para a Festa de Nossa Senhora de Lourdes, padroeira do bairro Fonseca&nbsp;em Itabuna, tem in\u00edcio no pr\u00f3ximo s\u00e1bado (08), e segue at\u00e9 a ter\u00e7a-feira (11),&nbsp;dia dedicado \u00e0 santa. O tema central da festa \u00e9: &#8220;Maria, Modelo de Voca\u00e7\u00e3o&#8221;. A Comunidade Nossa Senhora de Lourdes fica localizada na Rua Alzira&nbsp;Fonseca, 205, bairro Fonseca&nbsp;<\/p>\n<p><a class=\"btn btn-style\" href=\"https:\/\/portalcatolico.net\/portal\/triduo-em-louvor-a-nossa-senhora-de-lourdes-comeca-sabado-em-itabuna\/\">Continue Reading<\/a><\/p>\n","protected":false},"author":2,"featured_media":68280,"comment_status":"open","ping_status":"open","sticky":false,"template":"","format":"standard","meta":{"footnotes":""},"categories":[4],"tags":[],"class_list":["post-68279","post","type-post","status-publish","format-standard","has-post-thumbnail","hentry","category-destaques"],"_links":{"self":[{"href":"https:\/\/portalcatolico.net\/portal\/wp-json\/wp\/v2\/posts\/68279","targetHints":{"allow":["GET"]}}],"collection":[{"href":"https:\/\/portalcatolico.net\/portal\/wp-json\/wp\/v2\/posts"}],"about":[{"href":"https:\/\/portalcatolico.net\/portal\/wp-json\/wp\/v2\/types\/post"}],"author":[{"embeddable":true,"href":"https:\/\/portalcatolico.net\/portal\/wp-json\/wp\/v2\/users\/2"}],"replies":[{"embeddable":true,"href":"https:\/\/portalcatolico.net\/portal\/wp-json\/wp\/v2\/comments?post=68279"}],"version-history":[{"count":1,"href":"https:\/\/portalcatolico.net\/portal\/wp-json\/wp\/v2\/posts\/68279\/revisions"}],"predecessor-version":[{"id":68281,"href":"https:\/\/portalcatolico.net\/portal\/wp-json\/wp\/v2\/posts\/68279\/revisions\/68281"}],"wp:featuredmedia":[{"embeddable":true,"href":"https:\/\/portalcatolico.net\/portal\/wp-json\/wp\/v2\/media\/68280"}],"wp:attachment":[{"href":"https:\/\/portalcatolico.net\/portal\/wp-json\/wp\/v2\/media?parent=68279"}],"wp:term":[{"taxonomy":"category","embeddable":true,"href":"https:\/\/portalcatolico.net\/portal\/wp-json\/wp\/v2\/categories?post=68279"},{"taxonomy":"post_tag","embeddable":true,"href":"https:\/\/portalcatolico.net\/portal\/wp-json\/wp\/v2\/tags?post=68279"}],"curies":[{"name":"wp","href":"https:\/\/api.w.org\/{rel}","templated":true}]}}