{"id":68239,"date":"2020-01-27T20:59:35","date_gmt":"2020-01-27T23:59:35","guid":{"rendered":"http:\/\/portalcatolico.net\/portal\/?p=68239"},"modified":"2020-01-27T20:59:58","modified_gmt":"2020-01-27T23:59:58","slug":"curso-anual-dos-bispos-e-a-formacao-presbiteral","status":"publish","type":"post","link":"https:\/\/portalcatolico.net\/portal\/curso-anual-dos-bispos-e-a-formacao-presbiteral\/","title":{"rendered":"Curso anual dos Bispos e a forma\u00e7\u00e3o presbiteral"},"content":{"rendered":"<p>Inicia-se nesta segunda feira, dia 27 de janeiro o XXIX Curso Anual para os Bispos, no Centro de Estudos do Sumar\u00e9, no Rio de Janeiro, RJ, sobre o tema: \u201cA din\u00e2mica humana e espiritual da forma\u00e7\u00e3o permanente dos presb\u00edteros\u201d. S\u00e3o 30 anos de exist\u00eancia desse curso! Foi criado por D. Eug\u00eanio Salles que, neste ano, cujo centen\u00e1rio (100 anos) de seu nascimento estamos comemorando. Queremos dedicar o curso deste ano a ele que foi o iniciador e incentivador do mesmo. Neste ano temos inscritos 119 participantes entre Bispos e formadores de semin\u00e1rios (devido ao interesse para a forma\u00e7\u00e3o). A tem\u00e1tica est\u00e1 centrada em dois documentos: Ratio Fundamentalis (publicada em 8\/12\/2016 pela Congrega\u00e7\u00e3o para o Clero e na Ratio Nacionalis (aprovada pela Assembleia Geral e publicada pela CNBB em 12\/10\/19 como Documento 110)<\/p>\n<p>A proposta do curso \u00e9 oferecer uma s\u00e9rie de palestras com oradores de renome para contribuir com a atualiza\u00e7\u00e3o dos bispos. Neste ano queremos refletir sobre a forma\u00e7\u00e3o inicial e ao longo do exerc\u00edcio do minist\u00e9rio dos presb\u00edteros e sua aplicabilidade em nosso pa\u00eds. O curso \u00e9 uma forma de reflex\u00e3o e partilha entre os interessados. A Arquidiocese de S\u00e3o Sebasti\u00e3o do Rio de Janeiro tem uma tradi\u00e7\u00e3o, que vem desde a \u00e9poca do Cardeal Dom Eug\u00eanio Sales, de proporcionar, no per\u00edodo de f\u00e9rias, no in\u00edcio do ano, esse encontro para bispos. \u00c9 um trabalho que a Arquidiocese faz com muita alegria e vemos que tem sido cada vez mais procurado pelos bispos.<\/p>\n<p>Os conferencistas deste ano ser\u00e3o 1. SER Dom Jorge Carlos Patr\u00f3n Wong, Arcebispo Secret\u00e1rio da Congrega\u00e7\u00e3o para o Clero. Sua atua\u00e7\u00e3o \u00e9 na \u00e1rea que se refere especificamente aos semin\u00e1rios, conforme o Motu Proprio de 16 de janeiro de 2013, pelo Papa Bento XVI, que confirmou \u00e0 Congrega\u00e7\u00e3o para o Clero a compet\u00eancia sobre todos os Semin\u00e1rios, exceto aqueles dependentes das Congrega\u00e7\u00f5es para as Igrejas Orientais ou para a Evangeliza\u00e7\u00e3o dos Povos. 2. SER Dom Frei Jaime Spengler, OFM, Arcebispo Metropolitano de Porto Alegre e 1\u00ba. Vice-Presidente da CNBB, especializado em Sagradas Escrituras e com doutorado em Filosofia na Pontif\u00edcia Universidade Antonianum. Membro da Congrega\u00e7\u00e3o para os Institutos de Vida Consagrada e Sociedades de Vida Apost\u00f3lica, j\u00e1 foi membro da Comiss\u00e3o Episcopal Pastoral para os Minist\u00e9rios Ordenados e de Vida Consagrada da CNBB, no quadri\u00eanio 2015-2019. 3. Pe. Stanislaw Morgalla, SJ, Professor da Pontif\u00edcia Universidade Gregoriana, em Roma e<\/p>\n<p>Diretor do Centro de St. Peter Favre, para formadores do Sacerd\u00f3cio e da Vida Consagrada. Psic\u00f3logo, diretor espiritual \u00e9 autor da obra \u201cPersonalidade e maturidade religiosa; uma espiritualidade de doa\u00e7\u00e3o\u201d. 4. Pe. Luiz Fernando Ribeiro Santana, do clero do Rio de Janeiro, e mestre em Teologia pela PUCRio, onde \u00e9 professor, com atua\u00e7\u00e3o na \u00e1rea de liturgia e espiritualidade, com \u00eanfase no atendimento espiritual aos sacerdotes. 5. Dra. Luciana Campos \u00e9 Psic\u00f3logo, Pedagoga, com Mestrado em Educa\u00e7\u00e3o pela UFF e Doutorado em Servi\u00e7o social pela UFRJ. Professora do Semin\u00e1rio S\u00e3o Jos\u00e9, de Niter\u00f3i, publicou o livro \u201cResili\u00eancia e Habilidades Sociais\u201d, em 2014 e em maio de 2017 publicou: \u201cA dor invis\u00edvel: A S\u00edndrome de Burnout e depress\u00e3o entre os Religiosos\u201d. Em abril de 2018 publicou: \u201cA Dor Invis\u00edvel dos Presb\u00edteros\u201d.<\/p>\n<p>Iniciamos o Curso no dia 27 a noite com a apresenta\u00e7\u00e3o de todos e com os meus votos de boas-vindas, assim como os avisos da casa. As confer\u00eancias do dia 28, ter\u00e7a-feira, ser\u00e3o: \u201cO discipulado como: caminho de continua configura\u00e7\u00e3o a Jesus Cristo, Bom Pastor\u201d, por SER Dom Patr\u00f3n; \u201cA antropologia da voca\u00e7\u00e3o crist\u00e3: uma vis\u00e3o conjunta entre a forma\u00e7\u00e3o inicial e permanente dos presb\u00edteros\u201d, por Pe. Morgalla; \u201cA forma\u00e7\u00e3o dos presb\u00edteros na Igreja no Brasil. As atuais Diretrizes: hist\u00f3ria, caracter\u00edsticas e desafios para sua aplica\u00e7\u00e3o, por SER Dom Jaime. No dia 29, quarta-feira, as confer\u00eancias ser\u00e3o: \u201cCelibato sacerdotal e obedi\u00eancia, como vive-los em meio aos desafios da vida quotidiana\u201d, pelo Pe. Morgalla; \u201cEspiritualidade, vida e minist\u00e9rio do presb\u00edtero diocesano como express\u00e3o do seu compromisso sacerdotal\u201d, por SER Dom Patr\u00f3n. No dia 30, quinta-feira, as confer\u00eancias ser\u00e3o: \u201cAs crises vocacionais na vida presbiteral como oportunidades para crescer como pessoa\u201d, pelo Pe. Morgalla; \u201cO desafio do acompanhamento na forma\u00e7\u00e3o permanente\u201d, por SER Dom Patr\u00f3n; \u201cEsgotamento na vida sacerdotal: estado atual da quest\u00e3o e caminhos de acompanhamento e supera\u00e7\u00e3o\u201d, por Dra. Luciana Campos. No dia 31, sexta-feira, a confer\u00eancia ser\u00e1: \u201cA escuta e a dire\u00e7\u00e3o espiritual como partes da forma\u00e7\u00e3o permanente dos novos e dos atuais presb\u00edteros\u201d pelo Pe. Luiz Fernando, encerrando-se com o meu pronunciamento de a\u00e7\u00e3o de gra\u00e7as e agradecimento.<\/p>\n<p>As missas ser\u00e3o celebradas sempre \u00e0s 7hs da manh\u00e3, transmitida ao vivo pela WebTv Redentor e pela R\u00e1dio Catedral. No dia 28 presidir\u00e1 SER Dom Jaime Spengler, OFM, Arcebispo de Porto Alegre e 1\u00ba vice-presidente da CNBB e concelebrada no presbit\u00e9rio por Dom Paulo Alves Rom\u00e3o e Dom Vicente Costa. No dia 29 presidir\u00e1 a Eucaristia SER Jorge Carlos Par\u00f3n Wong, Arcebispo Secret\u00e1rio da Congrega\u00e7\u00e3o do Clero e<\/p>\n<p>concelebrada no presbit\u00e9rio por Dom Jo\u00e3o In\u00e1cio M\u00fcller e Dom J\u00falio Endi Akamine. No dia 30 a Santa Missa ser\u00e1 presidida por SER Dom Andr\u00e9 Vital Felix da Silva, SCJ, Bispo de Limoeiro do Norte \u2013 CE e concelebrada no presbit\u00e9rio por Dom Geremias Steinmetz e Dom Celso Ant\u00f4nio Marchiori. No dia 31 eu irei presidir a celebra\u00e7\u00e3o de encerramento tendo como concelebrantes no presbit\u00e9rio Dom Karl Josef Romer e Dom Jo\u00e3o Francisco Salm.<\/p>\n<p>O tema da forma\u00e7\u00e3o dos presb\u00edteros foi discutido na 56\u00aa Assembleia Geral da CNBB, em Aparecida \u2013 SP (de 11 a 20 de abril de 2018), cujos trabalhos foram norteados, norteados pelo tema \u201cDiretrizes para a forma\u00e7\u00e3o dos presb\u00edteros na Igreja no Brasil\u201d, passando a vigorar em 12 de outubro de 2019. O Documento lan\u00e7ado no ano passado traz orienta\u00e7\u00f5es para a forma\u00e7\u00e3o de novos presb\u00edteros no Brasil e a necessidade de forma\u00e7\u00e3o permanente. Segundo o texto, esse novo presb\u00edtero precisa ter caracter\u00edsticas como \u201ccoragem de alcan\u00e7ar todas as periferias geogr\u00e1ficas e existenciais que precisam da luz do Evangelho, em uma atitude acolhedora e misericordiosa\u201d, destaca o texto.<\/p>\n<p>O documento foi inspirado na \u201cRatio Fundamentalis\u201d \u2013 O dom da voca\u00e7\u00e3o presbiteral e suas quatro caracter\u00edsticas que precisam ser destacadas: a forma\u00e7\u00e3o deve ser \u00fanica, integral, comunit\u00e1ria e mission\u00e1ria. Publicado no dia 8 de dezembro de 2016, atualiza as orienta\u00e7\u00f5es de 1985.<\/p>\n<p>As atuais Diretrizes visam enriquecer a forma\u00e7\u00e3o espiritual, humana, intelectual e pastoral dos futuros sacerdotes \u201ccom novos impulsos vitais, consoantes com a \u00edndole peculiar de nosso tempo\u201d.<\/p>\n<p>De acordo com o arcebispo de Porto Alegre e primeiro vice-presidente da CNBB, Dom Frei Jaime Spengler, OFM, um dos respons\u00e1veis pela elabora\u00e7\u00e3o do texto na \u00e9poca, a Igreja no Brasil deve buscar \u201cHomens verdadeiramente apaixonados pelo Evangelho do crucificado\/ressuscitado, homens entusiasmados pela proposta do Reino e por isso capazes de se lan\u00e7ar generosamente no trabalho apost\u00f3lico\u201d, afirmou em uma entrevista ao portal da CNBB.<\/p>\n<p>A Congrega\u00e7\u00e3o para o Clero publicou o Dom da Voca\u00e7\u00e3o Sacerdotal \u2013 Ratio Fundamentalis Institutionis Sacerdotalis \u2013 acess\u00edvel no s\u00edtio produzido pela mesma Congrega\u00e7\u00e3o: http:\/\/www.clerus.va\/content\/dam\/clerus\/Ratio%20Fundamentalis\/O%20Dom%20da%20Voca%C3%A7ao%20Presbiteral.pdf<\/p>\n<p>No site da Congrega\u00e7\u00e3o do Clero transcrevemos: \u201cO DOM DA VOCA\u00c7\u00c3O ao presbiterado, conferido por Deus no cora\u00e7\u00e3o de alguns homens, exige da Igreja propor-lhes um s\u00e9rio caminho de forma\u00e7\u00e3o; como recordou o Papa Francisco por ocasi\u00e3o do seu discurso \u00e0 Congrega\u00e7\u00e3o para<\/p>\n<p>o Clero (03 de outubro de 2014) reunida em Plen\u00e1ria, \u00abtrata-se de conservar e desenvolver as voca\u00e7\u00f5es, para que produzam frutos maduros. Elas constituem um \u201cdiamante bruto\u201d, que deve ser trabalhado com habilidade, respeito pela consci\u00eancia das pessoas e paci\u00eancia, para que resplande\u00e7am no meio do povo de Deus\u00bb[1].<\/p>\n<p>J\u00e1 se passaram trinta anos \u2013 daquele 19 de mar\u00e7o de 1985 \u2013 desde que a Congrega\u00e7\u00e3o para a Educa\u00e7\u00e3o Cat\u00f3lica, ent\u00e3o competente na mat\u00e9ria, fez a revis\u00e3o da Ratio Fundamentalis Sacerdotalis, promulgada a 06 de janeiro de 1970[2], procedendo sobretudo a uma integra\u00e7\u00e3o das notas \u00e0 luz da promulga\u00e7\u00e3o do C\u00f3digo de Direito Can\u00f4nico (25 de janeiro de 1983).<\/p>\n<p>Desde ent\u00e3o, foram muitas as contribui\u00e7\u00f5es feitas para o tema da forma\u00e7\u00e3o dos futuros presb\u00edteros, seja por parte da Igreja Universal, seja por parte das Confer\u00eancias Episcopais e de cada Igreja Particular.<\/p>\n<p>Primeiramente, \u00e9 oportuno recordar o Magist\u00e9rio dos Pont\u00edfices que nestes \u00faltimos trinta anos guiaram a Igreja: S\u00e3o Jo\u00e3o Paulo II, ao qual se deve a fundamental Exorta\u00e7\u00e3o apost\u00f3lica p\u00f3s-sinodal Pastores dabo vobis (25 de mar\u00e7o de 1992), Bento XVI, autor da Carta apost\u00f3lica em forma de \u201cmotu pr\u00f3prio\u201d Ministrorum instituito (16 de janeiro de 2013) e Francisco, pelo impulso e orienta\u00e7\u00f5es que estiveram na origem do presente documento.<\/p>\n<p>Assim, a Pastores dabo vobis apresenta de maneira expl\u00edcita uma vis\u00e3o integral da forma\u00e7\u00e3o dos futuros cl\u00e9rigos que leve em conta, e com a mesma import\u00e2ncia, as quatro dimens\u00f5es que comp\u00f5em a pessoa do seminarista: humana, intelectual, espiritual e pastoral. A Carta apost\u00f3lica Ministrorum institutio procura destacar como a forma\u00e7\u00e3o dos seminaristas continua naturalmente na forma\u00e7\u00e3o permanente dos sacerdotes, constituindo com essa uma \u00fanica realidade; por isso, com tal documento, Bento XVI confiou \u00e0 Congrega\u00e7\u00e3o para o Clero, j\u00e1 competente para a forma\u00e7\u00e3o permanente, a responsabilidade pela forma\u00e7\u00e3o inicial no Semin\u00e1rio, reformulando os artigos da Constitui\u00e7\u00e3o apost\u00f3lica Pastor Bonus (28 de junho de 1988) que tratavam deste tema, e transferindo para tal Congrega\u00e7\u00e3o a Sec\u00e7\u00e3o respons\u00e1vel pelos Semin\u00e1rios. Durante o seu Pontificado, o Papa Francisco tem tamb\u00e9m oferecido um rico Magist\u00e9rio e um constante exemplo pessoal a prop\u00f3sito do minist\u00e9rio e da vida dos sacerdotes, al\u00e9m de ter encorajado e seguido de perto os trabalhos que levaram ao presente documento.\u201d (cf. http:\/\/www.clerus.va\/content\/clerus\/pt\/notizie\/new2.html, \u00faltimo acesso em 25 de janeiro de 2020).<\/p>\n<p>SER Dom Jorge Carlos Patr\u00f3n Wong, Secret\u00e1rio da Congrega\u00e7\u00e3o do Clero enumerou as 4 chaves para compreender \u201cO dom da voca\u00e7\u00e3o presbiteral\u201d:<\/p>\n<p>1. As diferen\u00e7as com o texto de 1985 e acentos do novo documento<\/p>\n<p>Dom Patr\u00f3n Wong explica que \u201ca Igreja \u00e9 uma institui\u00e7\u00e3o antiqu\u00edssima\u201d, por isso \u201cna forma\u00e7\u00e3o de seus ministros existe a continuidade e a novidade\u201d. \u201cOs documentos que regem a forma\u00e7\u00e3o colocam alguns acentos, tentando responder \u00e0 realidade atual e tentando incorporar algumas experi\u00eancias positivas da forma\u00e7\u00e3o e das conclus\u00f5es das ci\u00eancias humanas\u201d, assinala. Para o Prelado, \u201cuma primeira diferen\u00e7a \u00e9 que sublinha ainda mais a forma\u00e7\u00e3o integral. Trata-se de formar todo o homem, de modo que os seminaristas possam conseguir um amadurecimento equilibrado em diversos aspectos da sua vida e do seu futuro minist\u00e9rio, come\u00e7ando sempre pela forma\u00e7\u00e3o da pessoa, ou seja, do cora\u00e7\u00e3o, do profundo, da interioridade\u201d. Al\u00e9m disso, indica, esta normativa \u201ctem um acento especial sobre o discernimento vocacional, recomendando que seja feito continuamente durante o processo formativo, de modo que os seminaristas cheguem \u00e0 ordena\u00e7\u00e3o sacerdotal mais livres e mais capazes de fazer um verdadeiro discernimento pastoral\u201d. \u201cTamb\u00e9m h\u00e1 uma aten\u00e7\u00e3o no acompanhamento, destacando a necessidade de que ao longo do processo formativo se cultivem profundas rela\u00e7\u00f5es de confian\u00e7a e transpar\u00eancia entre os formadores e os seminaristas, para que efetivamente possam ajud\u00e1-los\u201d. O documento tamb\u00e9m destaca \u201ca import\u00e2ncia da comunidade educativa do Semin\u00e1rio. A forma\u00e7\u00e3o se realiza sempre no \u00e2mbito da comunidade crist\u00e3 e, no caso do Semin\u00e1rio, de uma comunidade educativa constitu\u00edda por todas as pessoas que colaboram nela: sacerdotes formadores, professores, funcion\u00e1rios, equipe administrativa\u201d.<\/p>\n<p>2. Processo de forma\u00e7\u00e3o para os candidatos ao sacerd\u00f3cio<\/p>\n<p>Dom Patr\u00f3n Wong destaca que esta nova normativa \u201cinsiste muito no conceito cl\u00e1ssico da gradualidade, ou seja, os valores da voca\u00e7\u00e3o sacerdotal s\u00e3o aprendidos pouco a pouco, em um processo de matura\u00e7\u00e3o que demora um longo per\u00edodo\u201d. \u201cTrata-se de formar um homem, que deve ter bem cimentada a sua identidade crist\u00e3, para posteriormente facilitar a configura\u00e7\u00e3o com Cristo, Servo, Pastor, Sacerdote e Cabe\u00e7a. Um processo complexo que exige uma forma\u00e7\u00e3o cuidadosa\u201d, precisa. Neste processo de forma\u00e7\u00e3o, indica, \u201cprop\u00f5em-se quatro etapas, que s\u00e3o praticadas na maioria dos Semin\u00e1rios: a etapa proped\u00eautica ou introdut\u00f3ria, a etapa do discipulado ou filos\u00f3fica, a etapa de configura\u00e7\u00e3o ou teol\u00f3gica e a etapa de pastoral ou de s\u00edntese vocacional\u201d.<\/p>\n<p>3. Incultura\u00e7\u00e3o<\/p>\n<p>O Secret\u00e1rio para os Semin\u00e1rios destaca que, \u201cao longo de sua hist\u00f3ria, a Igreja fez parte de diversas culturas: nasceu hebreia, fez-se grega e latina; e logo, balc\u00e2nica, polonesa, hisp\u00e2nica, g\u00e1lica; e posteriormente africana, asi\u00e1tica, americana\u201d. Para a Igreja, explica, \u201ca incultura\u00e7\u00e3o \u00e9 uma regra de vida. Jamais destr\u00f3i as culturas, mas tenta que em cada uma delas esteja presente a pessoa de Jesus e a mensagem do Evangelho se encarne\u201d. \u201cA Igreja v\u00ea com muita seriedade as diferentes culturas, ainda mais quando s\u00e3o pouco respeitadas. Por isso, valoriza as voca\u00e7\u00f5es ind\u00edgenas e procura oferecer-lhes uma forma\u00e7\u00e3o adequada. Al\u00e9m disso, as pessoas que falam as l\u00ednguas ind\u00edgenas s\u00e3o crist\u00e3os e t\u00eam o direito de ter pastores que evangelizem sua cultura\u201d, sublinha.<\/p>\n<p>4. Os Semin\u00e1rios Menores<\/p>\n<p>Segundo Dom Patr\u00f3n Wong, \u201co Semin\u00e1rio Menor \u00e9 uma linda institui\u00e7\u00e3o\u201d, pois \u201coferece aos adolescentes uma forma\u00e7\u00e3o juvenil humana e crist\u00e3\u201d. \u201cPaulo VI dizia que eram lugares de trabalho, de ora\u00e7\u00e3o e de fam\u00edlia, semelhantes \u00e0 fam\u00edlia de Nazar\u00e9. Muit\u00edssimos adolescentes necessitariam de uma experi\u00eancia semelhante para conseguir um amadurecimento integral\u201d. O Prelado indica que \u201co Semin\u00e1rio Menor n\u00e3o \u00e9 uma casa de forma\u00e7\u00e3o presbiteral. Na verdade, prepara os adolescentes para que, em algum momento, possam ter a experi\u00eancia vocacional suficiente para que, se Deus quiser, possam escolher a vida sacerdotal. Trata-se de uma forma\u00e7\u00e3o pr\u00e9via, ou remota\u201d. Esta forma\u00e7\u00e3o, acrescenta, \u201ctamb\u00e9m est\u00e1, de algum modo, na pastoral juvenil, nos col\u00e9gios cat\u00f3licos, nos grupos juvenis e nos movimentos eclesi\u00e1sticos\u201d, pois \u201ca Igreja est\u00e1 presente de v\u00e1rias maneiras entre os adolescentes, para ajud\u00e1-los em seu crescimento humano, espiritual, intelectual e apost\u00f3lico\u201d. (cf. https:\/\/www.acidigital.com\/noticias\/4-chaves-para-ler-o-novo-documento-do-vaticano-sobre-formacao-de-sacerdotes-99261, \u00faltimo acesso em 25 de janeiro de 2020).<\/p>\n<p>Leais, nada r\u00edgidos, nunca hip\u00f3critas e com o \u201csenso do belo\u201d: \u00e9 o perfil do padre ideal, como tra\u00e7ado no novo documento sobre a voca\u00e7\u00e3o presbiteral da Congrega\u00e7\u00e3o para o Clero, Ratio fundamentalis institutionis sacerdotalis. Um bom padre deve ter o dom da escuta: \u201cPara implementar o discernimento pastoral, \u00e9 preciso colocar no centro o estilo evang\u00e9lico da escuta, que liberta o pastor da tenta\u00e7\u00e3o da abstra\u00e7\u00e3o, do protagonismo, da excessiva seguran\u00e7a de si e daquela frieza que o tornaria \u2018um contabilista do esp\u00edrito\u2019 em vez de \u2018um bom samaritano\u2019\u201d. O padre, adverte o documento, n\u00e3o deve ser um homem \u201cdo fazer\u201d: \u201cO pastor aprende a sair das pr\u00f3prias certezas preconcebidas e n\u00e3o pensar\u00e1 no pr\u00f3prio minist\u00e9rio como uma s\u00e9rie de coisas a fazer ou de normas a aplicar,<\/p>\n<p>mas far\u00e1 da pr\u00f3pria vida o \u2018lugar\u2019 de uma escuta acolhedora de Deus e dos irm\u00e3os\u201d.<\/p>\n<p>\u00c9 oportuno que o XXIX Curso do Bispo trate dos presb\u00edteros porque coincide com o centen\u00e1rio de nascimento de meu amado predecessor, o Cardeal Eug\u00eanio de Ara\u00fajo Salles, que iniciou esta feliz iniciativa e que teve um destacado trabalho em favor das voca\u00e7\u00f5es, do Semin\u00e1rio S\u00e3o Jos\u00e9 e do acompanhamento do nosso presbit\u00e9rio. A sua marca e o seu zelo presbiteral, na coer\u00eancia, na santidade e na unidade com o Magist\u00e9rio de Pedro devem iluminar nossos dias, na invoca\u00e7\u00e3o sempre presente e querida de sua figura mai\u00fascula de padre, bispo, cardeal e grande formador do clero.<\/p>\n<p>Que nosso Encontro de Bispos seja inspirado para que na maturidade da forma\u00e7\u00e3o presbiteral e na viv\u00eancia de uma espiritualidade do servi\u00e7o sacerdotal pleno possam nossos presb\u00edteros verdadeira e coerentemente viver e testemunhar a din\u00e2mica humana e espiritual da forma\u00e7\u00e3o permanente dos presb\u00edteros.(<a href=\"https:\/\/www.cnbb.org.br\/curso-anual-dos-bispos-e-a-formacao-presbiteral\/\">CNBB<\/a>)<\/p>\n<p>Foto:Divulga\u00e7\u00e3o<\/p>\n<p><strong>Cardeal Orani Jo\u00e3o Tempesta<\/strong><br \/>\n<strong>Arcebispo do Rio de Janeiro (RJ)<\/strong><\/p>\n<p>&nbsp;<\/p>\n","protected":false},"excerpt":{"rendered":"<p>Inicia-se nesta segunda feira, dia 27 de janeiro o XXIX Curso Anual para os Bispos, no Centro de Estudos do Sumar\u00e9, no Rio de Janeiro, RJ, sobre o tema: \u201cA din\u00e2mica humana e espiritual da forma\u00e7\u00e3o permanente dos presb\u00edteros\u201d. S\u00e3o 30 anos de exist\u00eancia desse curso! Foi criado por D. Eug\u00eanio Salles que, neste ano,&nbsp;<\/p>\n<p><a class=\"btn btn-style\" href=\"https:\/\/portalcatolico.net\/portal\/curso-anual-dos-bispos-e-a-formacao-presbiteral\/\">Continue Reading<\/a><\/p>\n","protected":false},"author":2,"featured_media":68241,"comment_status":"open","ping_status":"open","sticky":false,"template":"","format":"standard","meta":{"footnotes":""},"categories":[69],"tags":[],"class_list":["post-68239","post","type-post","status-publish","format-standard","has-post-thumbnail","hentry","category-artigos"],"_links":{"self":[{"href":"https:\/\/portalcatolico.net\/portal\/wp-json\/wp\/v2\/posts\/68239","targetHints":{"allow":["GET"]}}],"collection":[{"href":"https:\/\/portalcatolico.net\/portal\/wp-json\/wp\/v2\/posts"}],"about":[{"href":"https:\/\/portalcatolico.net\/portal\/wp-json\/wp\/v2\/types\/post"}],"author":[{"embeddable":true,"href":"https:\/\/portalcatolico.net\/portal\/wp-json\/wp\/v2\/users\/2"}],"replies":[{"embeddable":true,"href":"https:\/\/portalcatolico.net\/portal\/wp-json\/wp\/v2\/comments?post=68239"}],"version-history":[{"count":1,"href":"https:\/\/portalcatolico.net\/portal\/wp-json\/wp\/v2\/posts\/68239\/revisions"}],"predecessor-version":[{"id":68242,"href":"https:\/\/portalcatolico.net\/portal\/wp-json\/wp\/v2\/posts\/68239\/revisions\/68242"}],"wp:featuredmedia":[{"embeddable":true,"href":"https:\/\/portalcatolico.net\/portal\/wp-json\/wp\/v2\/media\/68241"}],"wp:attachment":[{"href":"https:\/\/portalcatolico.net\/portal\/wp-json\/wp\/v2\/media?parent=68239"}],"wp:term":[{"taxonomy":"category","embeddable":true,"href":"https:\/\/portalcatolico.net\/portal\/wp-json\/wp\/v2\/categories?post=68239"},{"taxonomy":"post_tag","embeddable":true,"href":"https:\/\/portalcatolico.net\/portal\/wp-json\/wp\/v2\/tags?post=68239"}],"curies":[{"name":"wp","href":"https:\/\/api.w.org\/{rel}","templated":true}]}}