{"id":68219,"date":"2020-01-27T06:15:13","date_gmt":"2020-01-27T09:15:13","guid":{"rendered":"http:\/\/portalcatolico.net\/portal\/?p=68219"},"modified":"2020-01-27T06:15:35","modified_gmt":"2020-01-27T09:15:35","slug":"santo-do-diasanta-angela-merici","status":"publish","type":"post","link":"https:\/\/portalcatolico.net\/portal\/santo-do-diasanta-angela-merici\/","title":{"rendered":"Santo do dia:Santa \u00c2ngela M\u00e9rici"},"content":{"rendered":"<p>Nasceu no ano de 1474 no norte da It\u00e1lia. De uma fam\u00edlia muito honesta, materialmente pobre, mas espiritualmente riqu\u00edssima, amava muito Cristo e sua Igreja. Os filhos foram crescendo assim, com o testemunho dos pais, inclusive Santa \u00c2ngela que, desde pequenina, j\u00e1 tinha vida de ora\u00e7\u00e3o e penit\u00eancia, buscava amar, cada vez mais, Deus.<\/p>\n<p>Ela teve uma irm\u00e3 e, com o tempo, seus pais vieram a falecer. Os filhos tiveram que sair de sua terra e morar com um tio. Ali, a irm\u00e3 faleceu e, mais tarde, o tio. Quantas perdas! Mas Santa \u00c2ngela, mulher de ora\u00e7\u00e3o, nunca acusou Deus, nunca se revoltou. Isso n\u00e3o quer dizer que n\u00e3o sentiu, n\u00e3o sofreu. At\u00e9 Nosso Senhor, verdadeiro Deus, verdadeiro homem sofreu. Inspirada pelo Esp\u00edrito Santo, retornou para a sua terra natal e ali come\u00e7ou a fazer um trabalho muito providencial, confirmado pelo c\u00e9u, porque teve um sonho de ver jovens com coroas de l\u00edrios caminhando para o c\u00e9u. Naquele discernimento, ela agarrou a inspira\u00e7\u00e3o e foi trabalhar servindo jovens que corriam riscos morais.<\/p>\n<p>O grupo daquele que se dedicavam a Deus foi crescendo, servindo no resgate \u00e0 evangeliza\u00e7\u00e3o dos jovens e tamb\u00e9m na restaura\u00e7\u00e3o das fam\u00edlias. Ela foi com o cora\u00e7\u00e3o aberto, cheio de amor para auxiliar, com as outras jovens, as fam\u00edlias. Promoveu a restaura\u00e7\u00e3o das jovens, das fam\u00edlias, tamb\u00e9m foi ao encontro dos pobres e enfermos. O Papa aprovou esta nova congrega\u00e7\u00e3o que foi consagrada a Santa \u00darsula, por isso, eram chamadas ursulinas, pois a pr\u00f3pria Santa \u00darsula apareceu para Santa \u00c2ngela. Ela que, aos 66 anos, partiu para o c\u00e9u, hoje intercede n\u00e3o s\u00f3 pelas ursulinas, mas por todos que s\u00e3o Igreja.<\/p>\n","protected":false},"excerpt":{"rendered":"<p>Nasceu no ano de 1474 no norte da It\u00e1lia. De uma fam\u00edlia muito honesta, materialmente pobre, mas espiritualmente riqu\u00edssima, amava muito Cristo e sua Igreja. Os filhos foram crescendo assim, com o testemunho dos pais, inclusive Santa \u00c2ngela que, desde pequenina, j\u00e1 tinha vida de ora\u00e7\u00e3o e penit\u00eancia, buscava amar, cada vez mais, Deus. Ela&nbsp;<\/p>\n<p><a class=\"btn btn-style\" href=\"https:\/\/portalcatolico.net\/portal\/santo-do-diasanta-angela-merici\/\">Continue Reading<\/a><\/p>\n","protected":false},"author":2,"featured_media":68221,"comment_status":"open","ping_status":"open","sticky":false,"template":"","format":"standard","meta":{"footnotes":""},"categories":[69],"tags":[],"class_list":["post-68219","post","type-post","status-publish","format-standard","has-post-thumbnail","hentry","category-artigos"],"_links":{"self":[{"href":"https:\/\/portalcatolico.net\/portal\/wp-json\/wp\/v2\/posts\/68219","targetHints":{"allow":["GET"]}}],"collection":[{"href":"https:\/\/portalcatolico.net\/portal\/wp-json\/wp\/v2\/posts"}],"about":[{"href":"https:\/\/portalcatolico.net\/portal\/wp-json\/wp\/v2\/types\/post"}],"author":[{"embeddable":true,"href":"https:\/\/portalcatolico.net\/portal\/wp-json\/wp\/v2\/users\/2"}],"replies":[{"embeddable":true,"href":"https:\/\/portalcatolico.net\/portal\/wp-json\/wp\/v2\/comments?post=68219"}],"version-history":[{"count":1,"href":"https:\/\/portalcatolico.net\/portal\/wp-json\/wp\/v2\/posts\/68219\/revisions"}],"predecessor-version":[{"id":68222,"href":"https:\/\/portalcatolico.net\/portal\/wp-json\/wp\/v2\/posts\/68219\/revisions\/68222"}],"wp:featuredmedia":[{"embeddable":true,"href":"https:\/\/portalcatolico.net\/portal\/wp-json\/wp\/v2\/media\/68221"}],"wp:attachment":[{"href":"https:\/\/portalcatolico.net\/portal\/wp-json\/wp\/v2\/media?parent=68219"}],"wp:term":[{"taxonomy":"category","embeddable":true,"href":"https:\/\/portalcatolico.net\/portal\/wp-json\/wp\/v2\/categories?post=68219"},{"taxonomy":"post_tag","embeddable":true,"href":"https:\/\/portalcatolico.net\/portal\/wp-json\/wp\/v2\/tags?post=68219"}],"curies":[{"name":"wp","href":"https:\/\/api.w.org\/{rel}","templated":true}]}}