{"id":68168,"date":"2020-01-24T06:35:06","date_gmt":"2020-01-24T09:35:06","guid":{"rendered":"http:\/\/portalcatolico.net\/portal\/?p=68168"},"modified":"2020-01-24T06:53:30","modified_gmt":"2020-01-24T09:53:30","slug":"domingo-da-palavra-de-deus-nos-motiva-a-primazia-da-palavra","status":"publish","type":"post","link":"https:\/\/portalcatolico.net\/portal\/domingo-da-palavra-de-deus-nos-motiva-a-primazia-da-palavra\/","title":{"rendered":"Domingo da Palavra de Deus nos motiva \u00e0 \u201cPrimazia da Palavra&#8221;"},"content":{"rendered":"<div class=\"article__subTitle\">Com a inser\u00e7\u00e3o tem\u00e1tica na Liturgia do III Domingo do Tempo Comum, a Palavra de Deus \u00e9 evidenciada em modo celebrativo\/comunit\u00e1rio em todo o orbe crist\u00e3o, com abertura e acolhimento \u00e0s diversas igrejas, tamb\u00e9m as provenientes da Reforma do S\u00e9culo XVI e com toda a Ortodoxia. Abre-se tamb\u00e9m ao j\u00e1 percorrido caminho de Di\u00e1logo Hebraico \u2013 Crist\u00e3o.<\/div>\n<div>&nbsp;<\/div>\n<div class=\"title__separator\">\n<p>Em 26 de janeiro, III Domingo do Tempo Comum, ser\u00e1 celebrado o primeiro Domingo da Palavra de Deus, institu\u00eddo pelo Papa com a recente Carta Apost\u00f3lica, na forma de&nbsp;<i>Motu Proprio<\/i>,&nbsp;&nbsp;<i>Aperuit illis:<\/i>&nbsp;\u201c\u00c9 bom que n\u00e3o venha jamais a faltar na vida do nosso povo esta rela\u00e7\u00e3o decisiva com a Palavra viva, que o Senhor nunca Se cansa de dirigir \u00e0 sua Esposa, para que esta possa crescer no amor e no testemunho da f\u00e9&#8221;, escreveu Francisco, que \u00e0s 10 horas (hor\u00e1rio italiano) presidir\u00e1 a Santa Missa na Bas\u00edlica de S\u00e3o Pedro, com transmiss\u00e3o do Vatican News com coment\u00e1rios em portugu\u00eas.&nbsp;Ao final da Celebra\u00e7\u00e3o Eucar\u00edstica, o Santo Padre entregar\u00e1 uma particular edi\u00e7\u00e3o da B\u00edblia aos fi\u00e9is presentes.<\/p>\n<p><b>Dom Cristiano Sousa OSB Cam*<\/b>, monge Beneditino da Congrega\u00e7\u00e3o de Camaldoli, nos prop\u00f5e uma reflex\u00e3o sobre esta iniciativa do Santo Padre:<\/p>\n<audio class=\"wp-audio-shortcode\" id=\"audio-68168-1\" preload=\"none\" style=\"width: 100%;\" controls=\"controls\"><source type=\"audio\/mpeg\" src=\"http:\/\/portalcatolico.net\/portal\/wp-content\/uploads\/2020\/01\/135447280_F135447280.mp3?_=1\" \/><a href=\"http:\/\/portalcatolico.net\/portal\/wp-content\/uploads\/2020\/01\/135447280_F135447280.mp3\">http:\/\/portalcatolico.net\/portal\/wp-content\/uploads\/2020\/01\/135447280_F135447280.mp3<\/a><\/audio>\n<p>&#8220;O Domingo da Palavra de Deus, institu\u00eddo pelo Papa Francisco, em sua Carta Apost\u00f3lica sob forma de MOTU PROPRIO,&nbsp;APERUIT ILLIS, de 30 de setembro de 2019, reassume todo um percurso de matura\u00e7\u00e3o que a Igreja fez nos \u00faltimos s\u00e9culos, tendo como express\u00e3o a Constitui\u00e7\u00e3o Dogm\u00e1tica&nbsp;<i>Dei Verbum<\/i>, do Conc\u00edlio Vaticano II, publicado em 18 de novembro de 1965. N\u00e3o podemos esquecer a Assembleia Geral do S\u00ednodo dos Bispos, ocorrido em Roma em outubro de 2008, que frutificou na Exorta\u00e7\u00e3o Apost\u00f3lica p\u00f3s sinodal&nbsp;<i>Verbum Domini<\/i>, do Papa Bento XVI (30 de setembro de 2010).<\/p>\n<p>Como bem sublinha o Papa Francisco, ao concluir sua Carta Apost\u00f3lica, \u201c<i>Possa o domingo dedicado \u00e0 Palavra fazer crescer no povo de Deus uma religiosa e ass\u00eddua familiaridade com as sagradas Escrituras, tal como ensinava o autor sagrado j\u00e1 nos tempos antigos: \u2018esta palavra \u00abest\u00e1 muito perto de ti, na tua boca e no teu cora\u00e7\u00e3o, para a praticares<\/i>\u2019 (Dt 30, 14).\u201d<\/p>\n<p>A&nbsp;<i>ass\u00eddua familiaridade<\/i>&nbsp;com o Santa Palavra n\u00e3o \u00e9 um acr\u00e9scimo virtuoso imposto \u00e0 vida espiritual ou um comportamento a ser instalado com finalidade sobrenatural. Mas \u00e9, antes de tudo e acima de tudo, a subst\u00e2ncia e a identidade de cada crist\u00e3 e de cada crist\u00e3o.<\/p>\n<p>Com a inser\u00e7\u00e3o tem\u00e1tica na Liturgia do III Domingo do Tempo Comum, a Palavra de Deus \u00e9 evidenciada em modo celebrativo\/comunit\u00e1rio, em todo o&nbsp;<i>orbe<\/i>&nbsp;crist\u00e3o, com abertura e acolhimento \u00e0s diversas igrejas, tamb\u00e9m as provenientes da Reforma do S\u00e9culo XVI e com toda a Ortodoxia. Abre-se tamb\u00e9m ao j\u00e1 percorrido caminho de Dialogo Hebraico \u2013 Crist\u00e3o.<\/p>\n<div>\n<div class=\"article__embed article__embed--border embed_style\">\n<blockquote><p>\u201cPortanto estabele\u00e7o que o III Domingo do Tempo Comum seja dedicado \u00e0 celebra\u00e7\u00e3o, reflex\u00e3o e divulga\u00e7\u00e3o da Palavra de Deus. Este Domingo da Palavra de Deus colocar-se-\u00e1, assim, num momento prop\u00edcio daquele per\u00edodo do ano em que somos convidados a refor\u00e7ar os la\u00e7os com os judeus e a rezar pela unidade dos crist\u00e3os. N\u00e3o se trata de mera coincid\u00eancia temporal: a celebra\u00e7\u00e3o do Domingo da Palavra de Deus expressa uma val\u00eancia ecum\u00eanica, porque a Sagrada Escritura indica, a quantos se colocam \u00e0 sua escuta, o caminho a seguir para se chegar a uma unidade aut\u00eantica e s\u00f3lida. (APERUIT ILLIS, Papa FRANCISCO, n. 3).\u201d<\/p><\/blockquote>\n<\/div>\n<\/div>\n<p>Essa celebra\u00e7\u00e3o, fruto de muita reflex\u00e3o do Magist\u00e9rio Universal (Pastores, ministros, te\u00f3logos e todo o Povo de Deus), \u00e9 uma manifesta\u00e7\u00e3o prop\u00edcia, com o fim de fortalecer e recuperar a identidade crist\u00e3, que se consolida no processo de \u201cfamiliariza\u00e7\u00e3o\u201d com a Palavra de Deus. E para isso, a dimens\u00e3o celebrativa s\u00f3 pode ser frutuosa se for o cume e fonte de uma vida \u201cfrequentada na Sagrada Escritura\u201d, cuja \u201cSacramentalidade\u201d (Bento XVI,&nbsp;<i>Verbum Domini<\/i>, 56) nos motiva \u00e0 uma \u201cPrimazia da Palavra\u201d, qualquer que seja nosso&nbsp;<i>status,<\/i>&nbsp;nossas escolhas e nosso cotidiano.<\/p>\n<p>A hist\u00f3ria foi testemunha de muitos desacertos e desentendimentos entre os fi\u00e9is. Muitas vezes, o Texto Sagrado, foi instrumentalizado e reduzido, seja para fundamentar as ideologias, seja tamb\u00e9m para mera apolog\u00e9tica. Tamb\u00e9m hoje nos confrontamos com uma \u201cutiliza\u00e7\u00e3o\u201d supersticiosa e moralista da Santa Palavra, subordinando-a \u00e0s fantasias individuais e coletivas, e at\u00e9 mesmo \u2013 com triste e indignada constata\u00e7\u00e3o \u2013 com o objetivo de dom\u00ednio pol\u00edtico, econ\u00f4mico e social.<\/p>\n<p>Quando a vida n\u00e3o \u00e9 alicer\u00e7ada, alimentada e iluminada pela Palavra, cuja \u201cPrimazia\u201d \u00e9 fundamental, incorremos nos mesmos erros que a hist\u00f3ria ainda nos narra, e que se encontram presentes em nossa sociedade. Isso alerta para a dist\u00e2ncia em que podemos estar daquela nossa verdadeira identidade, que se realiza e se concretiza justamente na \u201cassiduidade\u201d \u00e0 Sagrada Escritura. Por isso, essa jornada \u00e9 um forte convite \u00e0&nbsp;<i>Lectio Divina,<\/i>&nbsp;que no Brasil, foi nominada como \u201cLeitura Orante da B\u00edblia\u201d, e muito frutificou nas Comunidades Eclesiais de Base.<\/p>\n<p>A \u201c<i>Lectio<\/i>\u201d n\u00e3o \u00e9 apenas um exerc\u00edcio de piedade, ou \u201cmomento de ora\u00e7\u00e3o\u201d para obter gra\u00e7as, curas, etc &#8230; Tamb\u00e9m n\u00e3o \u00e9 tempo no qual o leitor busca seus interesses pessoais e tenta encontr\u00e1-los na B\u00edblia. Antes de tudo, a \u201c<i>Lectio<\/i>\u201d \u00e9 uma decis\u00e3o entre duas pessoas que fizeram uma \u201cAlian\u00e7a\u201d, um \u201cPacto de Amor\u201d: Deus e o homem. E nessa leitura, homem e Deus se encontram no percurso escolhido em plena liberdade por ambos, em que a Palavra proferida e a Palavra escutada, vai assumindo carne e presen\u00e7a em uma nova historia, a \u201cHistoria da Salva\u00e7\u00e3o\u201d.<\/p>\n<p>Mesmo desenvolvida em um contexto mon\u00e1stico, a&nbsp;<i>Lectio Divina<\/i>&nbsp;n\u00e3o \u00e9 privil\u00e9gio de monges e monjas. Na experi\u00eancia de F\u00e9, o crist\u00e3o que frequenta a Palavra, vai exprimindo a Imagem de Deus que lhe foi impressa no Batismo, pois, quando duas pessoas se amam e se \u201cencontram\u201d nesse dialogo de ternura \u2013 pr\u00f3prio da leitura orante &#8211; inexoravelmente se adquire aquela palavra de conhecimento experiencial, que Plat\u00e3o (400 a.C) chamava de&nbsp;<i>syggeneia<\/i>, isto \u00e9, conaturalidade ou consanguinidade, pois somente os semelhante conhece o semelhante. \u00c9 esse o fruto da&nbsp;<i>Lectio<\/i>! Pela continua frequenta\u00e7\u00e3o \u00e1 Palavra Santa, n\u00f3s nos tornamos conaturais de Deus, do mesmo modo que Ele se conaturalizou conosco.<\/p>\n<p>O \u201cGrande\u201d Papa e Doutor S\u00e3o Greg\u00f3rio (s\u00e9c. VI), em seus escritos, nos permite confirmar essa realidade com uma m\u00e1xima de muito valor para os que decidiram percorrer o caminho fundamental da&nbsp;<i>Lectio<\/i>: \u201c<i>Divina eloquia legente crescunt<\/i>\u201d. \u201cA Palavra de Deus cresce junto com quem dela se aproxima\u201d. Aquele Jesus que se esconde e se revela no texto b\u00edblico, \u00e9 o \u201cGrande Amigo\u201d, melhor, o \u201cNoivo\u201d que vai desvelando gradualmente \u00e0 sua amada os seus mais ricos tesouros, impulsionando-a delicadamente, no pleno respeito da sua liberdade, a aderir \u00e0 sua proposta de amor.<\/p>\n<p>O \u201cDomingo da Palavra de Deus\u201d, celebrado pela primeira vez em nossas comunidades religiosas e paroquiais, quer ser sinal e apelo para redescobrirmos nossa identidade de disc\u00edpulos e disc\u00edpulas de Jesus, homens e mulheres que escolheram o \u201cPrimado\u201d da Palavra de Deus, que \u00e9 sempre transformadora, restauradora e vivificadora de cada ser humano e de toda a sociedade \u201cQuem se alimenta dia a dia da Palavra de Deus torna-se, como Jesus, contempor\u00e2neo das pessoas que encontra; n\u00e3o se sente tentado a cair em nostalgias est\u00e9reis do passado, nem em utopias desencarnadas relativas ao futuro.\u201d (APERUIT ILLIS, Papa FRANCISCO, n.12)&#8221;.<\/p>\n<p><strong>Para participar da celebra\u00e7\u00e3o na Bas\u00edlica de S\u00e3o Pedro<\/strong><\/p>\n<p>Para aqueles que desejam participar da Santa Missa presidida pelo Papa Francisco \u00e0s 10:00 da manh\u00e3 (hor\u00e1rio italiano) na Bas\u00edlica de S\u00e3o Pedro, e os sacerdotes que desejarem concelebrar com o Santo Padre, poder\u00e3o solicitar os ingressos gratuitos no Pontif\u00edcio Conselho para a Promo\u00e7\u00e3o da Nova Evangeliza\u00e7\u00e3o, preenchendo o formul\u00e1rio apropriado no seguinte link:&nbsp;<a href=\"https:\/\/is.gd\/2JGk6n\" rel=\"external nofollow\">https:\/\/is.gd\/2JGk6n<\/a>, e retirando-os no \u00e1trio do Palazzo San Pio X (Via della Conciliazione, 5) nos seguintes hor\u00e1rios: sexta-feira, 24 de janeiro, das 08:30 \u00e0s 13:30 e das 15:00 \u00e0s 17:30 \/ S\u00e1bado, 25 de janeiro, das 08:30 \u00e0s 13:30 e das 15:00 \u00e0s 17:30 \/ Domingo, 26 de janeiro, das 07:00 \u00e0s 09:00.<\/p>\n<p>J\u00e1 das 16 \u00e0s 19 horas do domingo, na Bas\u00edlica di Sant\u2019Agnese in Agone, haver\u00e1 a leitura cont\u00ednua do Evangelho de Mateus, proclamado por diversas personalidades.<\/p>\n<p>Ulteriores informa\u00e7\u00f5es ou esclarecimentos podem ser encaminhados ao Pontif\u00edcio Conselho para a Promo\u00e7\u00e3o da Nova Evangeliza\u00e7\u00e3o, no seguinte endere\u00e7o de e-mail:&nbsp;<a href=\"mailto:events@pcpne.va\" rel=\"external nofollow\">events@pcpne.va<\/a><\/p>\n<p>*&nbsp;<b>Dom Cristiano Sousa OSB Cam<\/b>&nbsp;<i>\u00e9 monge Beneditino da Congrega\u00e7\u00e3o de Camaldoli, natural de Guaratinguet\u00e1 \u2013SP e membro da Comunidade do Mosteiro de S\u00e3o Greg\u00f3rio al Celio, Roma. Formado em Sacra Teologia pelo Pontificio Ateneo Santo Anselmo de Roma, atualmente \u00e9 mestrando em Psicologia Clinica pela LUMSA-Roma<\/i>.<\/p>\n<p>Por Jackson Erpen\/Vatican News<\/p>\n<\/div>\n<div class=\"article__text\">\n<p>&nbsp;<\/p>\n<\/div>\n","protected":false},"excerpt":{"rendered":"<p>Com a inser\u00e7\u00e3o tem\u00e1tica na Liturgia do III Domingo do Tempo Comum, a Palavra de Deus \u00e9 evidenciada em modo celebrativo\/comunit\u00e1rio em todo o orbe crist\u00e3o, com abertura e acolhimento \u00e0s diversas igrejas, tamb\u00e9m as provenientes da Reforma do S\u00e9culo XVI e com toda a Ortodoxia. Abre-se tamb\u00e9m ao j\u00e1 percorrido caminho de Di\u00e1logo Hebraico&nbsp;<\/p>\n<p><a class=\"btn btn-style\" href=\"https:\/\/portalcatolico.net\/portal\/domingo-da-palavra-de-deus-nos-motiva-a-primazia-da-palavra\/\">Continue Reading<\/a><\/p>\n","protected":false},"author":2,"featured_media":68169,"comment_status":"open","ping_status":"open","sticky":false,"template":"","format":"standard","meta":{"footnotes":""},"categories":[69],"tags":[],"class_list":["post-68168","post","type-post","status-publish","format-standard","has-post-thumbnail","hentry","category-artigos"],"_links":{"self":[{"href":"https:\/\/portalcatolico.net\/portal\/wp-json\/wp\/v2\/posts\/68168","targetHints":{"allow":["GET"]}}],"collection":[{"href":"https:\/\/portalcatolico.net\/portal\/wp-json\/wp\/v2\/posts"}],"about":[{"href":"https:\/\/portalcatolico.net\/portal\/wp-json\/wp\/v2\/types\/post"}],"author":[{"embeddable":true,"href":"https:\/\/portalcatolico.net\/portal\/wp-json\/wp\/v2\/users\/2"}],"replies":[{"embeddable":true,"href":"https:\/\/portalcatolico.net\/portal\/wp-json\/wp\/v2\/comments?post=68168"}],"version-history":[{"count":3,"href":"https:\/\/portalcatolico.net\/portal\/wp-json\/wp\/v2\/posts\/68168\/revisions"}],"predecessor-version":[{"id":68173,"href":"https:\/\/portalcatolico.net\/portal\/wp-json\/wp\/v2\/posts\/68168\/revisions\/68173"}],"wp:featuredmedia":[{"embeddable":true,"href":"https:\/\/portalcatolico.net\/portal\/wp-json\/wp\/v2\/media\/68169"}],"wp:attachment":[{"href":"https:\/\/portalcatolico.net\/portal\/wp-json\/wp\/v2\/media?parent=68168"}],"wp:term":[{"taxonomy":"category","embeddable":true,"href":"https:\/\/portalcatolico.net\/portal\/wp-json\/wp\/v2\/categories?post=68168"},{"taxonomy":"post_tag","embeddable":true,"href":"https:\/\/portalcatolico.net\/portal\/wp-json\/wp\/v2\/tags?post=68168"}],"curies":[{"name":"wp","href":"https:\/\/api.w.org\/{rel}","templated":true}]}}