{"id":68164,"date":"2020-01-23T18:52:23","date_gmt":"2020-01-23T21:52:23","guid":{"rendered":"http:\/\/portalcatolico.net\/portal\/?p=68164"},"modified":"2020-01-23T18:53:33","modified_gmt":"2020-01-23T21:53:33","slug":"depois-da-comunhao-o-que-e-por-quem-e-mais-aconselhavel-rezar","status":"publish","type":"post","link":"https:\/\/portalcatolico.net\/portal\/depois-da-comunhao-o-que-e-por-quem-e-mais-aconselhavel-rezar\/","title":{"rendered":"Depois da Comunh\u00e3o, o que (e por quem) \u00e9 mais aconselh\u00e1vel rezar?"},"content":{"rendered":"<p class=\"subtitle\">Dicas de como fazer ora\u00e7\u00f5es de a\u00e7\u00e3o de gra\u00e7as depois de receber a Sagrada Eucaristia<\/p>\n<div class=\"base-post-content\">\n<p class=\"selectionShareable\">A Igreja nos ensina que ap\u00f3s receber a Sagrada H\u00f3stia, presen\u00e7a real de Jesus (corpo, sangue, alma e divindade), Ele est\u00e1 substancialmente presente em n\u00f3s at\u00e9 que nosso organismo consuma as esp\u00e9cies do trigo; isto pode levar cerca de 15 minutos. Depois disso, Jesus passa a estar em nossa alma pela a\u00e7\u00e3o do Esp\u00edrito Santo e de Sua gra\u00e7a.<\/p>\n<p class=\"selectionShareable\">O grande S\u00e3o Pedro Juli\u00e3o Eymard, em seu livro \u201cFlores da Eucaristia\u201d (Ed. Palavra Viva, Sede Santos!, Distribuidora Loyola, pgs 131-135), nos ensina a import\u00e2ncia da A\u00e7\u00e3o de Gra\u00e7as. Transcrevo aqui alguns de seus ensinamentos para a sua medita\u00e7\u00e3o:<\/p>\n<p class=\"selectionShareable\">\u2013 \u201cO momento mais solene de vossa vida \u00e9 o da A\u00e7\u00e3o de Gra\u00e7as, em que possuis o Rei da Terra de do C\u00e9u, vosso Salvador e Juiz, disposto a vos conceder tudo o que Lhe pedirdes\u201d.<\/p>\n<p class=\"selectionShareable\">\u2013 \u201cA A\u00e7\u00e3o de Gra\u00e7as \u00e9 de imprescind\u00edvel necessidade, a fim de evitar que a Santa Comunh\u00e3o degenere num simples h\u00e1bito piedoso.\u201d<\/p>\n<p class=\"selectionShareable\">\u2013 \u201cNosso Senhor permanece pouco tempo em nossos cora\u00e7\u00f5es, ap\u00f3s a Santa Comunh\u00e3o, por\u00e9m os efeitos de Sua Presen\u00e7a se prolongam. As santas esp\u00e9cies s\u00e3o como que um inv\u00f3lucro, o qual se rompe e desaparece para que o rem\u00e9dio produza seus salutares efeitos no organismo. A alma se torna ent\u00e3o como um vaso que recebeu um perfume precioso.\u201d<\/p>\n<p class=\"selectionShareable\">\u2013 \u201cConsagrai \u00e0 A\u00e7\u00e3o de Gra\u00e7as meia hora se for poss\u00edvel, ou, pelo menos, um rigoroso quarto de hora (15 minutos). Dareis prova de n\u00e3o ter cora\u00e7\u00e3o e de n\u00e3o saber apreciar devidamente o que \u00e9 a Comunh\u00e3o, se, ap\u00f3s haver recebido Nosso Senhor, nada sent\u00edsseis e n\u00e3o Lhe soub\u00e9sseis agradecer.\u201d<\/p>\n<p class=\"selectionShareable\">\u2013 \u201cDeixai, se quiserdes, que a Santa H\u00f3stia permane\u00e7a um momento sobre a vossa l\u00edngua a fim de que Jesus, verdade e santidade, a purifique e santifique. Introduza-a depois em vosso peito, no trono do vosso cora\u00e7\u00e3o, e, adorando em sil\u00eancio, come\u00e7ai a A\u00e7\u00e3o de Gra\u00e7as\u201d (pg. 131).<\/p>\n<p class=\"selectionShareable\">\u2013 \u201cAdorai Jesus sobre o trono de vosso cora\u00e7\u00e3o, apoiando-vos sobre o Dele, ardente de amor. Exaltai-Lhe o poder\u2026 proclamai-o Senhor vosso, confessai\u2013vos ser feliz servo, disposto a tudo para Lhe dar prazer.\u201d<\/p>\n<p class=\"selectionShareable\">\u2013 \u201cAgradecei-Lhe a honra que vos fez, o amor que vos testemunhou, e o muito que vos deu nesta Comunh\u00e3o! Louvai a Sua bondade e o seu amor para convosco, que sois t\u00e3o pobre, t\u00e3o imperfeito, t\u00e3o infiel! Convidai os anjos, os santos, a Imaculada M\u00e3e de Deus para louv\u00e1-Lo e agradecer-Lhe por v\u00f3s. Uni-vos \u00e0s a\u00e7\u00f5es de gra\u00e7as amantes e perfeitas da Sant\u00edssima Virgem.\u201d<\/p>\n<p class=\"selectionShareable\">\u2013 \u201cAgrade\u00e7amos por meio de Maria, pois quando um filho pequeno recebe alguma coisa cabe \u00e0 m\u00e3e agradecer por ele. A A\u00e7\u00e3o de Gra\u00e7as identificada com a de Maria Sant\u00edssima ser\u00e1 perfeita e bem aceita pelo Cora\u00e7\u00e3o de Jesus.\u201d<\/p>\n<p class=\"selectionShareable\">\u2013 \u201cNa A\u00e7\u00e3o de Gra\u00e7as de Comunh\u00e3o, chorai os vossos pecados aos p\u00e9s de Jesus com Madalena (Jo 12,3), prometei-lhe fidelidade e amor, fazei-Lhe o sacrif\u00edcio de vossas a\u00e7\u00f5es desregradas, de vossa tibieza, de vossa indol\u00eancia em empreender o que vos custa. Pedi-Lhe a gra\u00e7a de n\u00e3o mais O ofender, professar-Lhe que preferis a morte ao pecado.\u201d<\/p>\n<p class=\"selectionShareable\">\u2013 \u201cPedi tudo o que quiserdes; \u00e9 o momento da gra\u00e7a, e Jesus est\u00e1 disposto a vos dar o pr\u00f3prio Reino. \u00c9 um prazer que Lhe proporcionamos, oferecer-Lhe ocasi\u00e3o de distribuir seus benef\u00edcios.\u201d<\/p>\n<p class=\"selectionShareable\">\u2013 \u201cPedi-lhe o reinado da santidade em v\u00f3s, em vossos irm\u00e3os, e que a sua caridade abrase todos os cora\u00e7\u00f5es.\u201d<\/p>\n<p class=\"selectionShareable\">Na A\u00e7\u00e3o de Gra\u00e7as podemos e devemos orar pela Igreja, pelas necessidades, inten\u00e7\u00f5es e sa\u00fade do Papa e de nossos bispos, sacerdotes, di\u00e1conos, consagrados, coordenadores de comunidades, mission\u00e1rios, catequistas, voca\u00e7\u00f5es sacerdotais e religiosas, etc.<\/p>\n<p class=\"selectionShareable\">\u00c9 o momento privilegiado para pedir a Jesus, pelo Seu Sacrif\u00edcio, o sufr\u00e1gio das almas do Purgat\u00f3rio (dizendo-Lhe os nomes), de pedir por cada pessoa de nossa fam\u00edlia e de todos os que se recomendaram \u00e0s nossas ora\u00e7\u00f5es e por todos aqueles por quem somos mais obrigados a rezar. E supliquemos a Jesus todas as gra\u00e7as necess\u00e1rias para podermos cumprir bem a miss\u00e3o que Ele nos deu nesse mundo, seja familiar, profissional ou apost\u00f3lica. \u00c9 tamb\u00e9m o momento de nossa cura interior, pelo Sangue de Jesus.<\/p>\n<p class=\"selectionShareable\">N\u00e3o nos esque\u00e7amos nunca do que Ele disse: \u201cPermanecei em Mim e Eu permanecerei em v\u00f3s. O ramo n\u00e3o pode dar fruto por si mesmo se n\u00e3o permanecer na videira\u201d (Jo 15, 1-6). \u00c9 melhor n\u00e3o comungar do que comungar mal.<\/p>\n<p>Comunidade Shalom e Aleteia&nbsp;<\/p>\n<p>&nbsp;<\/p>\n<\/div>\n","protected":false},"excerpt":{"rendered":"<p>Dicas de como fazer ora\u00e7\u00f5es de a\u00e7\u00e3o de gra\u00e7as depois de receber a Sagrada Eucaristia A Igreja nos ensina que ap\u00f3s receber a Sagrada H\u00f3stia, presen\u00e7a real de Jesus (corpo, sangue, alma e divindade), Ele est\u00e1 substancialmente presente em n\u00f3s at\u00e9 que nosso organismo consuma as esp\u00e9cies do trigo; isto pode levar cerca de 15&nbsp;<\/p>\n<p><a class=\"btn btn-style\" href=\"https:\/\/portalcatolico.net\/portal\/depois-da-comunhao-o-que-e-por-quem-e-mais-aconselhavel-rezar\/\">Continue Reading<\/a><\/p>\n","protected":false},"author":2,"featured_media":68165,"comment_status":"open","ping_status":"open","sticky":false,"template":"","format":"standard","meta":{"footnotes":""},"categories":[69],"tags":[],"class_list":["post-68164","post","type-post","status-publish","format-standard","has-post-thumbnail","hentry","category-artigos"],"_links":{"self":[{"href":"https:\/\/portalcatolico.net\/portal\/wp-json\/wp\/v2\/posts\/68164","targetHints":{"allow":["GET"]}}],"collection":[{"href":"https:\/\/portalcatolico.net\/portal\/wp-json\/wp\/v2\/posts"}],"about":[{"href":"https:\/\/portalcatolico.net\/portal\/wp-json\/wp\/v2\/types\/post"}],"author":[{"embeddable":true,"href":"https:\/\/portalcatolico.net\/portal\/wp-json\/wp\/v2\/users\/2"}],"replies":[{"embeddable":true,"href":"https:\/\/portalcatolico.net\/portal\/wp-json\/wp\/v2\/comments?post=68164"}],"version-history":[{"count":2,"href":"https:\/\/portalcatolico.net\/portal\/wp-json\/wp\/v2\/posts\/68164\/revisions"}],"predecessor-version":[{"id":68167,"href":"https:\/\/portalcatolico.net\/portal\/wp-json\/wp\/v2\/posts\/68164\/revisions\/68167"}],"wp:featuredmedia":[{"embeddable":true,"href":"https:\/\/portalcatolico.net\/portal\/wp-json\/wp\/v2\/media\/68165"}],"wp:attachment":[{"href":"https:\/\/portalcatolico.net\/portal\/wp-json\/wp\/v2\/media?parent=68164"}],"wp:term":[{"taxonomy":"category","embeddable":true,"href":"https:\/\/portalcatolico.net\/portal\/wp-json\/wp\/v2\/categories?post=68164"},{"taxonomy":"post_tag","embeddable":true,"href":"https:\/\/portalcatolico.net\/portal\/wp-json\/wp\/v2\/tags?post=68164"}],"curies":[{"name":"wp","href":"https:\/\/api.w.org\/{rel}","templated":true}]}}