{"id":68159,"date":"2020-01-23T18:34:39","date_gmt":"2020-01-23T21:34:39","guid":{"rendered":"http:\/\/portalcatolico.net\/portal\/?p=68159"},"modified":"2020-01-23T13:34:57","modified_gmt":"2020-01-23T16:34:57","slug":"participe-da-celebracao-eucaristica-de-posse-do-novo-presidente-da-sociedade-de-sao-vicente-de-paulo","status":"publish","type":"post","link":"https:\/\/portalcatolico.net\/portal\/participe-da-celebracao-eucaristica-de-posse-do-novo-presidente-da-sociedade-de-sao-vicente-de-paulo\/","title":{"rendered":"Participe da Celebra\u00e7\u00e3o Eucar\u00edstica de posse do novo presidente da Sociedade de S\u00e3o Vicente de Paulo"},"content":{"rendered":"<p>Os vicentinos da Sociedade de S\u00e3o Vicente de Paulo de Itabuna (BA), convidam voc\u00ea para a Celebra\u00e7\u00e3o Eucar\u00edstica de posse do novo presidente, Franklin Paix\u00e3o de Alc\u00e2ntara, e de sua diretoria, para o pr\u00f3ximo quadri\u00eanio \u00e0 frente desta&nbsp;institui\u00e7\u00e3o.<\/p>\n<p>A Celebra\u00e7\u00e3o&nbsp; Eucar\u00edstica acontecer\u00e1 neste&nbsp;s\u00e1bado, 25 de janeiro, \u00e0s 18h, na Catedral de S\u00e3o Jos\u00e9,&nbsp;que fica&nbsp;na rua Na\u00e7\u00f5es Unidas, no&nbsp; centro de&nbsp; Itabuna.<\/p>\n","protected":false},"excerpt":{"rendered":"<p>Os vicentinos da Sociedade de S\u00e3o Vicente de Paulo de Itabuna (BA), convidam voc\u00ea para a Celebra\u00e7\u00e3o Eucar\u00edstica de posse do novo presidente, Franklin Paix\u00e3o de Alc\u00e2ntara, e de sua diretoria, para o pr\u00f3ximo quadri\u00eanio \u00e0 frente desta&nbsp;institui\u00e7\u00e3o. A Celebra\u00e7\u00e3o&nbsp; Eucar\u00edstica acontecer\u00e1 neste&nbsp;s\u00e1bado, 25 de janeiro, \u00e0s 18h, na Catedral de S\u00e3o Jos\u00e9,&nbsp;que fica&nbsp;na rua&nbsp;<\/p>\n<p><a class=\"btn btn-style\" href=\"https:\/\/portalcatolico.net\/portal\/participe-da-celebracao-eucaristica-de-posse-do-novo-presidente-da-sociedade-de-sao-vicente-de-paulo\/\">Continue Reading<\/a><\/p>\n","protected":false},"author":2,"featured_media":68160,"comment_status":"open","ping_status":"open","sticky":false,"template":"","format":"standard","meta":{"footnotes":""},"categories":[3],"tags":[],"class_list":["post-68159","post","type-post","status-publish","format-standard","has-post-thumbnail","hentry","category-noticias_regionais"],"_links":{"self":[{"href":"https:\/\/portalcatolico.net\/portal\/wp-json\/wp\/v2\/posts\/68159","targetHints":{"allow":["GET"]}}],"collection":[{"href":"https:\/\/portalcatolico.net\/portal\/wp-json\/wp\/v2\/posts"}],"about":[{"href":"https:\/\/portalcatolico.net\/portal\/wp-json\/wp\/v2\/types\/post"}],"author":[{"embeddable":true,"href":"https:\/\/portalcatolico.net\/portal\/wp-json\/wp\/v2\/users\/2"}],"replies":[{"embeddable":true,"href":"https:\/\/portalcatolico.net\/portal\/wp-json\/wp\/v2\/comments?post=68159"}],"version-history":[{"count":1,"href":"https:\/\/portalcatolico.net\/portal\/wp-json\/wp\/v2\/posts\/68159\/revisions"}],"predecessor-version":[{"id":68161,"href":"https:\/\/portalcatolico.net\/portal\/wp-json\/wp\/v2\/posts\/68159\/revisions\/68161"}],"wp:featuredmedia":[{"embeddable":true,"href":"https:\/\/portalcatolico.net\/portal\/wp-json\/wp\/v2\/media\/68160"}],"wp:attachment":[{"href":"https:\/\/portalcatolico.net\/portal\/wp-json\/wp\/v2\/media?parent=68159"}],"wp:term":[{"taxonomy":"category","embeddable":true,"href":"https:\/\/portalcatolico.net\/portal\/wp-json\/wp\/v2\/categories?post=68159"},{"taxonomy":"post_tag","embeddable":true,"href":"https:\/\/portalcatolico.net\/portal\/wp-json\/wp\/v2\/tags?post=68159"}],"curies":[{"name":"wp","href":"https:\/\/api.w.org\/{rel}","templated":true}]}}