{"id":68154,"date":"2020-01-23T13:32:32","date_gmt":"2020-01-23T16:32:32","guid":{"rendered":"http:\/\/portalcatolico.net\/portal\/?p=68154"},"modified":"2020-01-23T13:32:32","modified_gmt":"2020-01-23T16:32:32","slug":"sao-paulo-apostolo-e-celebrado-com-triduo-em-itabuna","status":"publish","type":"post","link":"https:\/\/portalcatolico.net\/portal\/sao-paulo-apostolo-e-celebrado-com-triduo-em-itabuna\/","title":{"rendered":"S\u00e3o Paulo Ap\u00f3stolo \u00e9 celebrado com Tr\u00edduo em Itabuna"},"content":{"rendered":"<p>O padroeiro do bairro Novo S\u00e3o Caetano em Itabuna (BA), o S\u00e3o Paulo&nbsp;Ap\u00f3stolo, ser\u00e1&nbsp; homenageado com Tr\u00edduo, que tem como tema central : &#8220;Voca\u00e7\u00f5es e miss\u00e3o a exemplo de S\u00e3o Paulo Ap\u00f3stolo somos chamados a&nbsp;viver a voca\u00e7\u00e3o e miss\u00e3o&#8221;.<br \/>\nOs preparativos para a grande festa do padroeiro do bairro tiveram in\u00edcio&nbsp;nesta quarta-feira,&nbsp; 22 de janeiro, e seguem at\u00e9 o dia 25 de&nbsp;janeiro (s\u00e1bado), dia dedicado ao santo.<br \/>\nA Celebra\u00e7\u00e3o Eucar\u00edstica&nbsp; acontecer\u00e1&nbsp;todos os&nbsp; dias, \u00e0s 19h.<br \/>\nA Comunidade S\u00e3o Paulo Ap\u00f3stolo fica situada na Rua R, no bairro Novo&nbsp;S\u00e3o Caetano e pertence \u00e0 par\u00f3quia Santa Rita de C\u00e1ssia da cidade e diocese de&nbsp; Itabuna, no sul da Bahia.&nbsp;E&nbsp;tem como padre respons\u00e1vel, o Pe. Frei Gilton Oliveira (Frades&nbsp;Capuchinhos) .<br \/>\nPara presidir e refletir sobre o tema da 1\u00aa noite, o convidado foi o Pe. Frei Lyon&nbsp;Mendon\u00e7a Costa, MsS, (do Instituto Mission\u00e1rio Servos do Senhor \u2013 Frades Servitanos) da diocese de Eun\u00e1polis (BA).<\/p>\n<p>Na homilia, Frei Lyon&nbsp;fez os fieis refletirem: &#8220;Ao Senhor, n\u00f3s podemos colocar toda a nossa dor, o nosso fardo e a nossa confian\u00e7a. Vamos meditar hoje, nessa primeira noite do nosso Tr\u00edduo de S\u00e3o Paulo, qual a cura que eu preciso? \u00c9 uma ang\u00fastia, \u00e9 uma m\u00e1goa, \u00e9 a falta de perd\u00e3o? O que \u00e9 que eu preciso curar para ser um bom crist\u00e3o?&#8221;, questiona o Frei Lyon.<br \/>\nO subtema da noite foi: &#8220;Voca\u00e7\u00e3o Laical&#8221;.&nbsp;O&nbsp;respons\u00e1vel pela Liturgia foi a Comunidade Santa Luzia.&nbsp;Os convidados especiais foram todas as&nbsp; fam\u00edlias do bairro Novo S\u00e3o Caetano. As Pastorais: Pastoral da Comunica\u00e7\u00e3o-Pascom, Batismo, D\u00edzimo,&nbsp;Familiar e Grupo Pe.Pio.<\/p>\n<p>Confira a programa\u00e7\u00e3o completa:<\/p>\n<p><strong>2\u00aa Noite: Dia 23\/01(quinta-feira)<\/strong><br \/>\nSubtema: &#8220;Paulo Mission\u00e1rio de Gentis&#8221;.<br \/>\nTema: &#8220;Voca\u00e7\u00e3o Sacerdotal&#8221;.<br \/>\nRespons\u00e1vel pela liturgia: Comunidade Santa Luzia<br \/>\nConvidados: Apostolado da Ora\u00e7\u00e3o, Ordem Franciscana Secular (OFS),<br \/>\nLegi\u00e3o de Maria e Ter\u00e7o dos Homens.<\/p>\n<p><strong>3\u00aa Noite: Dia 24\/01(sexta-feira)<\/strong><br \/>\nSubtema: &#8220;Voca\u00e7\u00e3o religiosa&#8221;.<br \/>\nRespons\u00e1veis pela liturgia: Comunidade S\u00e3o Francisco de Assis<br \/>\nConvidados: Minist\u00e9rio de M\u00fasica, Pastoral da Catequese, Renova\u00e7\u00e3o<br \/>\nCarism\u00e1tica Cat\u00f3lica (RCC),Pastoral dos Coroinhas, MECE, Grupo Santo<br \/>\nAnt\u00f4nio, Encontro de Jovens com Cristo(EJC) e todos os jovens.<\/p>\n<p><strong>Dia festivo: 25\/01(S\u00e1bado<\/strong>)<br \/>\nConvidados: Todos os grupos, pastorais, comunidades da par\u00f3quia e todo o<br \/>\npovo de Deus<br \/>\n18h: ter\u00e7o vocacional luminoso<br \/>\n19h: missa solene<b><\/b><\/p>\n<p><img loading=\"lazy\" decoding=\"async\" class=\"alignnone size-medium wp-image-68156\" src=\"http:\/\/portalcatolico.net\/portal\/wp-content\/uploads\/2020\/01\/DSCN1864-300x225.jpg\" alt=\"\" width=\"300\" height=\"225\" srcset=\"https:\/\/portalcatolico.net\/portal\/wp-content\/uploads\/2020\/01\/DSCN1864-300x225.jpg 300w, https:\/\/portalcatolico.net\/portal\/wp-content\/uploads\/2020\/01\/DSCN1864-768x576.jpg 768w, https:\/\/portalcatolico.net\/portal\/wp-content\/uploads\/2020\/01\/DSCN1864-1024x768.jpg 1024w, https:\/\/portalcatolico.net\/portal\/wp-content\/uploads\/2020\/01\/DSCN1864.jpg 1500w\" sizes=\"auto, (max-width: 300px) 100vw, 300px\" \/> <img loading=\"lazy\" decoding=\"async\" class=\"alignnone size-medium wp-image-68157\" src=\"http:\/\/portalcatolico.net\/portal\/wp-content\/uploads\/2020\/01\/DSCN1866-300x225.jpg\" alt=\"\" width=\"300\" height=\"225\" srcset=\"https:\/\/portalcatolico.net\/portal\/wp-content\/uploads\/2020\/01\/DSCN1866-300x225.jpg 300w, https:\/\/portalcatolico.net\/portal\/wp-content\/uploads\/2020\/01\/DSCN1866-768x576.jpg 768w, https:\/\/portalcatolico.net\/portal\/wp-content\/uploads\/2020\/01\/DSCN1866-1024x768.jpg 1024w, https:\/\/portalcatolico.net\/portal\/wp-content\/uploads\/2020\/01\/DSCN1866.jpg 1500w\" sizes=\"auto, (max-width: 300px) 100vw, 300px\" \/><\/p>\n<p><b>&nbsp;<\/b><\/p>\n","protected":false},"excerpt":{"rendered":"<p>O padroeiro do bairro Novo S\u00e3o Caetano em Itabuna (BA), o S\u00e3o Paulo&nbsp;Ap\u00f3stolo, ser\u00e1&nbsp; homenageado com Tr\u00edduo, que tem como tema central : &#8220;Voca\u00e7\u00f5es e miss\u00e3o a exemplo de S\u00e3o Paulo Ap\u00f3stolo somos chamados a&nbsp;viver a voca\u00e7\u00e3o e miss\u00e3o&#8221;. Os preparativos para a grande festa do padroeiro do bairro tiveram in\u00edcio&nbsp;nesta quarta-feira,&nbsp; 22 de janeiro,&nbsp;<\/p>\n<p><a class=\"btn btn-style\" href=\"https:\/\/portalcatolico.net\/portal\/sao-paulo-apostolo-e-celebrado-com-triduo-em-itabuna\/\">Continue Reading<\/a><\/p>\n","protected":false},"author":2,"featured_media":68155,"comment_status":"open","ping_status":"open","sticky":false,"template":"","format":"standard","meta":{"footnotes":""},"categories":[68],"tags":[],"class_list":["post-68154","post","type-post","status-publish","format-standard","has-post-thumbnail","hentry","category-homilias"],"_links":{"self":[{"href":"https:\/\/portalcatolico.net\/portal\/wp-json\/wp\/v2\/posts\/68154","targetHints":{"allow":["GET"]}}],"collection":[{"href":"https:\/\/portalcatolico.net\/portal\/wp-json\/wp\/v2\/posts"}],"about":[{"href":"https:\/\/portalcatolico.net\/portal\/wp-json\/wp\/v2\/types\/post"}],"author":[{"embeddable":true,"href":"https:\/\/portalcatolico.net\/portal\/wp-json\/wp\/v2\/users\/2"}],"replies":[{"embeddable":true,"href":"https:\/\/portalcatolico.net\/portal\/wp-json\/wp\/v2\/comments?post=68154"}],"version-history":[{"count":1,"href":"https:\/\/portalcatolico.net\/portal\/wp-json\/wp\/v2\/posts\/68154\/revisions"}],"predecessor-version":[{"id":68158,"href":"https:\/\/portalcatolico.net\/portal\/wp-json\/wp\/v2\/posts\/68154\/revisions\/68158"}],"wp:featuredmedia":[{"embeddable":true,"href":"https:\/\/portalcatolico.net\/portal\/wp-json\/wp\/v2\/media\/68155"}],"wp:attachment":[{"href":"https:\/\/portalcatolico.net\/portal\/wp-json\/wp\/v2\/media?parent=68154"}],"wp:term":[{"taxonomy":"category","embeddable":true,"href":"https:\/\/portalcatolico.net\/portal\/wp-json\/wp\/v2\/categories?post=68154"},{"taxonomy":"post_tag","embeddable":true,"href":"https:\/\/portalcatolico.net\/portal\/wp-json\/wp\/v2\/tags?post=68154"}],"curies":[{"name":"wp","href":"https:\/\/api.w.org\/{rel}","templated":true}]}}