{"id":68132,"date":"2020-01-20T20:25:15","date_gmt":"2020-01-20T23:25:15","guid":{"rendered":"http:\/\/portalcatolico.net\/portal\/?p=68132"},"modified":"2020-01-20T20:25:53","modified_gmt":"2020-01-20T23:25:53","slug":"chuvas-no-sul-do-espirito-santo-arquidiocese-de-vitoria-mobiliza-paroquias-para-arrecadar-doacoes","status":"publish","type":"post","link":"https:\/\/portalcatolico.net\/portal\/chuvas-no-sul-do-espirito-santo-arquidiocese-de-vitoria-mobiliza-paroquias-para-arrecadar-doacoes\/","title":{"rendered":"Chuvas no sul do Esp\u00edrito Santo: arquidiocese de Vit\u00f3ria mobiliza par\u00f3quias para arrecadar doa\u00e7\u00f5es"},"content":{"rendered":"<p>As fortes chuvas que atingiram a regi\u00e3o sul do estado do Esp\u00edrito Santo fizeram despertar iniciativas solid\u00e1rias das par\u00f3quias da regi\u00e3o e tamb\u00e9m da arquidiocese de Vit\u00f3ria (ES). V\u00e1rios pontos de arrecada\u00e7\u00e3o de doa\u00e7\u00f5es foram montados e uma conta banc\u00e1ria foi disponibilizada para receber recursos que v\u00e3o ajudar as fam\u00edlias atingidas nos munic\u00edpios de Iconha, Vargem Alta, Anchieta e Rio Novo do Sul e Alfredo Chaves.<\/p>\n<p>De acordo com informa\u00e7\u00f5es da Defesa Civil, s\u00e3o 415 pessoas desabrigadas ou desalojadas e seis mortes confirmadas. Buscas por desaparecidos tamb\u00e9m ocorrem na regi\u00e3o.<\/p>\n<p>A arquidiocese de Vit\u00f3ria refor\u00e7ou o pedido de ajuda material e espiritual, al\u00e9m do pedido pessoal do arcebispo metropolitano, dom Dario Campos, para que&nbsp;se coloquem como pontos de arrecada\u00e7\u00e3o de doa\u00e7\u00f5es para os atingidos pelas chuvas.<\/p>\n<p>\u201cDoa\u00e7\u00f5es est\u00e3o sendo recebidas em algumas par\u00f3quias e a Mitra Arquidiocesana, na Cidade Alta, tamb\u00e9m ser\u00e1 um ponto de arrecada\u00e7\u00e3o a partir de segunda-feira\u201d, segundo padre Moraes, p\u00e1roco da&nbsp; par\u00f3quia Imaculada Concei\u00e7\u00e3o, em Alfredo Chaves. \u201cA situa\u00e7\u00e3o \u00e9 muito dif\u00edcil e toda ajuda ser\u00e1 bem-vinda\u201d, diz comunicado da arquidiocese capixaba.<\/p>\n<p>\u201cMuitas fam\u00edlias perderam tudo que tinham, especialmente as mais carentes precisam de muita ajuda. Estamos precisando de mantimentos, \u00e1gua pot\u00e1vel, material de limpeza, eletrodom\u00e9stico, roupas de cama e tamb\u00e9m para vestir, m\u00f3veis, colch\u00f5es\u2026, enfim\u201d, disse o padre, que ainda ressaltou a import\u00e2ncia de todos estarem em ora\u00e7\u00e3o e que ofertem \u201cseu calor humano para as v\u00edtimas das chuvas\u201d.<\/p>\n<p>Uma conta banc\u00e1ria foi disponibilizada para doa\u00e7\u00f5es em dinheiro:<\/p>\n<h4>Fundo Solid\u00e1rio \u2013 Chuvas no sul do Esp\u00edrito Santo<\/h4>\n<blockquote><p><strong><em>Banco Banestes<\/em><\/strong><br \/>\nAg\u00eancia 149<br \/>\nConta Poupan\u00e7a 22.196.109<br \/>\nCNPJ 27.071.950\/0016-40<\/p>\n<p>Titular: Par\u00f3quia Santo Ant\u00f4nio de P\u00e1dua<\/p><\/blockquote>\n<p><img decoding=\"async\" src=\"https:\/\/aves.org.br\/wp-content\/uploads\/2020\/01\/IMG20200119WA0028_20200120125925-1024x1024.jpg\" alt=\"IMG-20200119-WA0028\"><\/p>\n<p>&nbsp;<\/p>\n<p><a href=\"https:\/\/aves.org.br\/noticia\/ajuda-para-os-atingidos-com-as-chuvas-no-sul-do-estado\" target=\"_blank\" rel=\"noopener\">Mais informa\u00e7\u00f5es no site da arquidiocese de Vit\u00f3ria<\/a><\/p>\n<p>Fonte:CNBB<\/p>\n","protected":false},"excerpt":{"rendered":"<p>As fortes chuvas que atingiram a regi\u00e3o sul do estado do Esp\u00edrito Santo fizeram despertar iniciativas solid\u00e1rias das par\u00f3quias da regi\u00e3o e tamb\u00e9m da arquidiocese de Vit\u00f3ria (ES). V\u00e1rios pontos de arrecada\u00e7\u00e3o de doa\u00e7\u00f5es foram montados e uma conta banc\u00e1ria foi disponibilizada para receber recursos que v\u00e3o ajudar as fam\u00edlias atingidas nos munic\u00edpios de Iconha,&nbsp;<\/p>\n<p><a class=\"btn btn-style\" href=\"https:\/\/portalcatolico.net\/portal\/chuvas-no-sul-do-espirito-santo-arquidiocese-de-vitoria-mobiliza-paroquias-para-arrecadar-doacoes\/\">Continue Reading<\/a><\/p>\n","protected":false},"author":2,"featured_media":68133,"comment_status":"open","ping_status":"open","sticky":false,"template":"","format":"standard","meta":{"footnotes":""},"categories":[3],"tags":[],"class_list":["post-68132","post","type-post","status-publish","format-standard","has-post-thumbnail","hentry","category-noticias_regionais"],"_links":{"self":[{"href":"https:\/\/portalcatolico.net\/portal\/wp-json\/wp\/v2\/posts\/68132","targetHints":{"allow":["GET"]}}],"collection":[{"href":"https:\/\/portalcatolico.net\/portal\/wp-json\/wp\/v2\/posts"}],"about":[{"href":"https:\/\/portalcatolico.net\/portal\/wp-json\/wp\/v2\/types\/post"}],"author":[{"embeddable":true,"href":"https:\/\/portalcatolico.net\/portal\/wp-json\/wp\/v2\/users\/2"}],"replies":[{"embeddable":true,"href":"https:\/\/portalcatolico.net\/portal\/wp-json\/wp\/v2\/comments?post=68132"}],"version-history":[{"count":2,"href":"https:\/\/portalcatolico.net\/portal\/wp-json\/wp\/v2\/posts\/68132\/revisions"}],"predecessor-version":[{"id":68135,"href":"https:\/\/portalcatolico.net\/portal\/wp-json\/wp\/v2\/posts\/68132\/revisions\/68135"}],"wp:featuredmedia":[{"embeddable":true,"href":"https:\/\/portalcatolico.net\/portal\/wp-json\/wp\/v2\/media\/68133"}],"wp:attachment":[{"href":"https:\/\/portalcatolico.net\/portal\/wp-json\/wp\/v2\/media?parent=68132"}],"wp:term":[{"taxonomy":"category","embeddable":true,"href":"https:\/\/portalcatolico.net\/portal\/wp-json\/wp\/v2\/categories?post=68132"},{"taxonomy":"post_tag","embeddable":true,"href":"https:\/\/portalcatolico.net\/portal\/wp-json\/wp\/v2\/tags?post=68132"}],"curies":[{"name":"wp","href":"https:\/\/api.w.org\/{rel}","templated":true}]}}