{"id":68125,"date":"2020-01-19T23:03:33","date_gmt":"2020-01-20T02:03:33","guid":{"rendered":"http:\/\/portalcatolico.net\/portal\/?p=68125"},"modified":"2020-01-20T13:07:01","modified_gmt":"2020-01-20T16:07:01","slug":"padre-vanildo-toma-posse-na-paroquia-santa-maria-goretti-em-itabuna","status":"publish","type":"post","link":"https:\/\/portalcatolico.net\/portal\/padre-vanildo-toma-posse-na-paroquia-santa-maria-goretti-em-itabuna\/","title":{"rendered":"Padre Vanildo toma posse na par\u00f3quia Santa Maria Goretti em Itabuna"},"content":{"rendered":"<p><img loading=\"lazy\" decoding=\"async\" class=\"size-medium wp-image-68127 alignleft\" src=\"http:\/\/portalcatolico.net\/portal\/wp-content\/uploads\/2020\/01\/IMG_3428-300x200.jpg\" alt=\"\" width=\"300\" height=\"200\" srcset=\"https:\/\/portalcatolico.net\/portal\/wp-content\/uploads\/2020\/01\/IMG_3428-300x200.jpg 300w, https:\/\/portalcatolico.net\/portal\/wp-content\/uploads\/2020\/01\/IMG_3428-768x512.jpg 768w, https:\/\/portalcatolico.net\/portal\/wp-content\/uploads\/2020\/01\/IMG_3428-1024x683.jpg 1024w, https:\/\/portalcatolico.net\/portal\/wp-content\/uploads\/2020\/01\/IMG_3428.jpg 1500w\" sizes=\"auto, (max-width: 300px) 100vw, 300px\" \/>Neste s\u00e1bado, 18 de janeiro de 2020, a Igreja Matriz de Santa Maria&nbsp;&nbsp;Goretti, em Itabuna (BA), abriu as portas para o seu novo p\u00e1roco, o Reverend\u00edssimo padre&nbsp;Vanildo Nascimento de Jesus, CP. A missa solene aconteceu \u00e0s 19h e&nbsp;&nbsp;foi presidida pelo bispo diocesano Dom Carlos Alberto dos&nbsp;Santos, e concelebrada por sacerdotes da&nbsp; diocese de&nbsp;Itabuna, e demais presb\u00edteros da Congrega\u00e7\u00e3o Passionista. V\u00e1rios seminaristas&nbsp;e vocacionados estiveram presentes na celebra\u00e7\u00e3o.<br \/>\nA missa foi iniciada com a leitura da Provis\u00e3o Can\u00f4nica. O documento foi lido pelo padre Sandoval. Ele apresentou e nomeou o novo&nbsp;padre respons\u00e1vel pela par\u00f3quia e pelas comunidades.<br \/>\nDom Carlos &nbsp;aproveitou a oportunidade para agradecer ao reverend\u00edssimo Pe. Adilson Santana por todo trabalho desenvolvido&nbsp;na par\u00f3quia enquanto p\u00e1roco. Padre Adilson evangelizou e administrou a par\u00f3quia por um ano e dois meses.<\/p>\n<p>Ap\u00f3s a homilia, a celebra\u00e7\u00e3o seguiu com as promessas e juramento de&nbsp;fidelidade \u00e0 igreja. Em seguida, o senhor Bispo fez a entrega de alguns&nbsp;s\u00edmbolos, os quais o padre empossado far\u00e1 uso no exerc\u00edcio de sua miss\u00e3o na par\u00f3quia: a B\u00edblia Sagrada, a chave da igreja, a chave do sacr\u00e1rio, o&nbsp;\u00f3leo dos catec\u00famenos e a estola roxa.<br \/>\n&#8220;A vida&nbsp;espiritual \u00e9 alimentada pela Eucaristia. Ela \u00e9 o \u00e1pice da vida crist\u00e3,em que se realiza a unidade do povo de Deus e se completa a constru\u00e7\u00e3o do Corpo de Cristo. Cabe ao padre zelar para que a Eucaristia seja o&nbsp;centro de toda a vida da par\u00f3quia&#8221;, explicou o bispo ao Pe. Vanildo.<br \/>\nPadre Vanildo&nbsp; recebeu as chaves do Sacr\u00e1rio, abriu o Sacr\u00e1rio, e fez&nbsp;uma breve adora\u00e7\u00e3o juntamente com o bispo e alguns padres.<\/p>\n<p>Ao final da santa missa, Pe. Vanildo agradeceu \u00e0 sua fam\u00edlia e amigos que se fez presente, e caravanas das cidades&nbsp; de&nbsp;Jequi\u00e9 e Salvador, al\u00e9m de toda a comunidade paroquial de Itabuna. Ap\u00f3s&nbsp;a celebra\u00e7\u00e3o, o padre foi acolhido por todos e em seguida foi servido&nbsp;um Coffee break no sal\u00e3o paroquial, com direito a som e apresenta\u00e7\u00e3o.<\/p>\n<p>Confira em nossa p\u00e1gina oficial no Facebook, o \u00e1lbum de fotos:<br \/>\n<a href=\"http:\/\/www.facebook.com\/portalcatolicooficial\">www.facebook.com\/portalcatolicooficial<\/a><\/p>\n<p><iframe loading=\"lazy\"  id=\"_ytid_10048\"  width=\"480\" height=\"270\"  data-origwidth=\"480\" data-origheight=\"270\" src=\"https:\/\/www.youtube.com\/embed\/gHn976b7X-g?enablejsapi=1&#038;autoplay=0&#038;cc_load_policy=0&#038;cc_lang_pref=&#038;iv_load_policy=1&#038;loop=0&#038;rel=1&#038;fs=1&#038;playsinline=0&#038;autohide=2&#038;theme=dark&#038;color=red&#038;controls=1&#038;disablekb=0&#038;\" class=\"__youtube_prefs__  epyt-is-override  no-lazyload\" title=\"YouTube player\"  allow=\"fullscreen; accelerometer; autoplay; clipboard-write; encrypted-media; gyroscope; picture-in-picture; web-share\" referrerpolicy=\"strict-origin-when-cross-origin\" allowfullscreen data-no-lazy=\"1\" data-skipgform_ajax_framebjll=\"\"><\/iframe><\/p>\n","protected":false},"excerpt":{"rendered":"<p>Neste s\u00e1bado, 18 de janeiro de 2020, a Igreja Matriz de Santa Maria&nbsp;&nbsp;Goretti, em Itabuna (BA), abriu as portas para o seu novo p\u00e1roco, o Reverend\u00edssimo padre&nbsp;Vanildo Nascimento de Jesus, CP. A missa solene aconteceu \u00e0s 19h e&nbsp;&nbsp;foi presidida pelo bispo diocesano Dom Carlos Alberto dos&nbsp;Santos, e concelebrada por sacerdotes da&nbsp; diocese de&nbsp;Itabuna, e demais&nbsp;<\/p>\n<p><a class=\"btn btn-style\" href=\"https:\/\/portalcatolico.net\/portal\/padre-vanildo-toma-posse-na-paroquia-santa-maria-goretti-em-itabuna\/\">Continue Reading<\/a><\/p>\n","protected":false},"author":2,"featured_media":68126,"comment_status":"open","ping_status":"open","sticky":false,"template":"","format":"standard","meta":{"footnotes":""},"categories":[4],"tags":[],"class_list":["post-68125","post","type-post","status-publish","format-standard","has-post-thumbnail","hentry","category-destaques"],"_links":{"self":[{"href":"https:\/\/portalcatolico.net\/portal\/wp-json\/wp\/v2\/posts\/68125","targetHints":{"allow":["GET"]}}],"collection":[{"href":"https:\/\/portalcatolico.net\/portal\/wp-json\/wp\/v2\/posts"}],"about":[{"href":"https:\/\/portalcatolico.net\/portal\/wp-json\/wp\/v2\/types\/post"}],"author":[{"embeddable":true,"href":"https:\/\/portalcatolico.net\/portal\/wp-json\/wp\/v2\/users\/2"}],"replies":[{"embeddable":true,"href":"https:\/\/portalcatolico.net\/portal\/wp-json\/wp\/v2\/comments?post=68125"}],"version-history":[{"count":4,"href":"https:\/\/portalcatolico.net\/portal\/wp-json\/wp\/v2\/posts\/68125\/revisions"}],"predecessor-version":[{"id":68131,"href":"https:\/\/portalcatolico.net\/portal\/wp-json\/wp\/v2\/posts\/68125\/revisions\/68131"}],"wp:featuredmedia":[{"embeddable":true,"href":"https:\/\/portalcatolico.net\/portal\/wp-json\/wp\/v2\/media\/68126"}],"wp:attachment":[{"href":"https:\/\/portalcatolico.net\/portal\/wp-json\/wp\/v2\/media?parent=68125"}],"wp:term":[{"taxonomy":"category","embeddable":true,"href":"https:\/\/portalcatolico.net\/portal\/wp-json\/wp\/v2\/categories?post=68125"},{"taxonomy":"post_tag","embeddable":true,"href":"https:\/\/portalcatolico.net\/portal\/wp-json\/wp\/v2\/tags?post=68125"}],"curies":[{"name":"wp","href":"https:\/\/api.w.org\/{rel}","templated":true}]}}