{"id":68122,"date":"2020-01-19T13:39:52","date_gmt":"2020-01-19T16:39:52","guid":{"rendered":"http:\/\/portalcatolico.net\/portal\/?p=68122"},"modified":"2020-01-19T13:39:52","modified_gmt":"2020-01-19T16:39:52","slug":"dom-carlos-celebra-inauguracao-e-consagracao-da-nova-capela-do-santissimo-da-paroquia-de-sao-jose-na-comunidade-sao-sebastiao-comandatuba-una-ba","status":"publish","type":"post","link":"https:\/\/portalcatolico.net\/portal\/dom-carlos-celebra-inauguracao-e-consagracao-da-nova-capela-do-santissimo-da-paroquia-de-sao-jose-na-comunidade-sao-sebastiao-comandatuba-una-ba\/","title":{"rendered":"Dom Carlos celebra Inaugura\u00e7\u00e3o e consagra\u00e7\u00e3o da nova capela do Sant\u00edssimo da Par\u00f3quia de S\u00e3o Jos\u00e9 na Comunidade S\u00e3o Sebasti\u00e3o (Comandatuba \u2013 Una\/BA)"},"content":{"rendered":"<p style=\"font-weight: 400;\">Na 7\u00b0 noite do noven\u00e1rio em prepara\u00e7\u00e3o a Festa de S\u00e3o Sebasti\u00e3o (20.01) em Comandatuba \u2013 Par\u00f3quia S\u00e3o Jos\u00e9 (Una\/BA), com a Presen\u00e7a do Bispo Diocesano, Dom Carlos Alberto, e do Padre Nerivaldo Azevedo a comunidade cat\u00f3lica participou da celebra\u00e7\u00e3o de inaugura\u00e7\u00e3o e consagra\u00e7\u00e3o da nova Capela do Sant\u00edssimo.<\/p>\n<p style=\"font-weight: 400;\">Na oportunidade, Maria Rosa, foi investida como Ministra Extraordin\u00e1ria da Comunh\u00e3o Eucar\u00edstica. Ser ministro da eucaristia \u00e9 um papel de extrema import\u00e2ncia, pois zela por um Jesus vivo!<\/p>\n<p style=\"font-weight: 400;\">Um ministro tem uma fun\u00e7\u00e3o muito importante n\u00e3o somente dentro da igreja, mas tamb\u00e9m na comunidade, distribuindo a comunh\u00e3o fora da missa, aos doentes ou outras pessoas que com raz\u00e3o o solicitem, administram do vi\u00e1tico e exp\u00f5em o Sant\u00edssimo Sacramento para adora\u00e7\u00e3o dos fi\u00e9is (mas n\u00e3o a b\u00ean\u00e7\u00e3o com o mesmo), em situa\u00e7\u00f5es espec\u00edficas.<\/p>\n<p style=\"font-weight: 400;\">\u201cA Eucaristia representa o pr\u00f3prio Deus presente, pois Eucaristia \u00e9 Comunh\u00e3o e alegria na presen\u00e7a de Jesus que est\u00e1 no meio de n\u00f3s. E hoje, estamos aqui para celebrar a inaugura\u00e7\u00e3o da Capela do Sant\u00edssimo, porque desde os prim\u00f3rdios da igreja, se guardava o p\u00e3o para ceiar depois e, a Eucaristia \u00e9 o nosso alimento espiritual que nos fortalece\u201d, disse o bispo.<\/p>\n<p style=\"font-weight: 400;\">\u201cN\u00e3o me canso de dizer: Deus quer, o homem sonha e a gra\u00e7a acontece. A capela do Sant\u00edssimo \u00e9 uma grande conquista para nossa comunidade, minha gratid\u00e3o aos dizimistas, benfeitores e amigos, pelo bem que fazem a nossa Comunidade\u201d, disse Marcelo \u2013 Coordenador da Comunidade.<\/p>\n<p>informa\u00e7\u00f5es e fotos: Pascom\/Par\u00f3quia S\u00e3o Jos\u00e9 de Una (BA)<\/p>\n<p>Confira as fotos clicando <a href=\"https:\/\/www.psjunaba.com.br\/2020\/01\/dom-carlos-celebra-inauguracao-e.html\"><strong>AQUI<\/strong><\/a><\/p>\n","protected":false},"excerpt":{"rendered":"<p>Na 7\u00b0 noite do noven\u00e1rio em prepara\u00e7\u00e3o a Festa de S\u00e3o Sebasti\u00e3o (20.01) em Comandatuba \u2013 Par\u00f3quia S\u00e3o Jos\u00e9 (Una\/BA), com a Presen\u00e7a do Bispo Diocesano, Dom Carlos Alberto, e do Padre Nerivaldo Azevedo a comunidade cat\u00f3lica participou da celebra\u00e7\u00e3o de inaugura\u00e7\u00e3o e consagra\u00e7\u00e3o da nova Capela do Sant\u00edssimo. Na oportunidade, Maria Rosa, foi investida&nbsp;<\/p>\n<p><a class=\"btn btn-style\" href=\"https:\/\/portalcatolico.net\/portal\/dom-carlos-celebra-inauguracao-e-consagracao-da-nova-capela-do-santissimo-da-paroquia-de-sao-jose-na-comunidade-sao-sebastiao-comandatuba-una-ba\/\">Continue Reading<\/a><\/p>\n","protected":false},"author":2,"featured_media":68123,"comment_status":"open","ping_status":"open","sticky":false,"template":"","format":"standard","meta":{"footnotes":""},"categories":[4],"tags":[],"class_list":["post-68122","post","type-post","status-publish","format-standard","has-post-thumbnail","hentry","category-destaques"],"_links":{"self":[{"href":"https:\/\/portalcatolico.net\/portal\/wp-json\/wp\/v2\/posts\/68122","targetHints":{"allow":["GET"]}}],"collection":[{"href":"https:\/\/portalcatolico.net\/portal\/wp-json\/wp\/v2\/posts"}],"about":[{"href":"https:\/\/portalcatolico.net\/portal\/wp-json\/wp\/v2\/types\/post"}],"author":[{"embeddable":true,"href":"https:\/\/portalcatolico.net\/portal\/wp-json\/wp\/v2\/users\/2"}],"replies":[{"embeddable":true,"href":"https:\/\/portalcatolico.net\/portal\/wp-json\/wp\/v2\/comments?post=68122"}],"version-history":[{"count":1,"href":"https:\/\/portalcatolico.net\/portal\/wp-json\/wp\/v2\/posts\/68122\/revisions"}],"predecessor-version":[{"id":68124,"href":"https:\/\/portalcatolico.net\/portal\/wp-json\/wp\/v2\/posts\/68122\/revisions\/68124"}],"wp:featuredmedia":[{"embeddable":true,"href":"https:\/\/portalcatolico.net\/portal\/wp-json\/wp\/v2\/media\/68123"}],"wp:attachment":[{"href":"https:\/\/portalcatolico.net\/portal\/wp-json\/wp\/v2\/media?parent=68122"}],"wp:term":[{"taxonomy":"category","embeddable":true,"href":"https:\/\/portalcatolico.net\/portal\/wp-json\/wp\/v2\/categories?post=68122"},{"taxonomy":"post_tag","embeddable":true,"href":"https:\/\/portalcatolico.net\/portal\/wp-json\/wp\/v2\/tags?post=68122"}],"curies":[{"name":"wp","href":"https:\/\/api.w.org\/{rel}","templated":true}]}}