{"id":68119,"date":"2020-02-04T20:40:37","date_gmt":"2020-02-04T23:40:37","guid":{"rendered":"http:\/\/portalcatolico.net\/portal\/?p=68119"},"modified":"2020-02-04T20:41:44","modified_gmt":"2020-02-04T23:41:44","slug":"em-fevereiro-acontece-o-1-rebanhao-com-cristo-em-itabuna","status":"publish","type":"post","link":"https:\/\/portalcatolico.net\/portal\/em-fevereiro-acontece-o-1-rebanhao-com-cristo-em-itabuna\/","title":{"rendered":"Vem ai  o 7\u00b0 Rebanh\u00e3o com Cristo, em Itabuna"},"content":{"rendered":"<div class=\"PlainText\" dir=\"auto\">O Grupo de Ora\u00e7\u00e3o&nbsp; Resgate de Amor do Imaculado Cora\u00e7\u00e3o de Maria&nbsp; da Renova\u00e7\u00e3o Carism\u00e1tica Cat\u00f3lica da Par\u00f3quia Nossa Senhora da Concei\u00e7\u00e3o do bairro Ferradas em Itabuna(BA) estar\u00e1 neste dias em louvor, prega\u00e7\u00e3o e adora\u00e7\u00e3o com muita m\u00fasica, santa missa, entre outros momentos de evangeliza\u00e7\u00e3o.&nbsp;<\/div>\n<div class=\"PlainText\" dir=\"auto\">O 7\u00b0 Rebanh\u00e3o com Cristo 2020,&nbsp; vem com o tema: &#8220;N\u00e3o vos conformeis com este mundo&#8221;. Ser\u00e3o dois dias de amor e proximidade com Deus.<br \/>\nOs pregadores s\u00e3o: Alexnei Freitas, coordenador diocesano da RCC da Arquidiocese de Feira de Santana (BA); Amistron Lira Santos, coordenador diocesano da RCC da Diocese de Itabuna; Padre Jos\u00e9 Roberto, p\u00e1roco da par\u00f3quia Nossa Senhora da Concei\u00e7\u00e3o do bairro Ferradas; os mission\u00e1rios da&nbsp; Comunidade Eucar\u00edstica&nbsp; Fogo no Altar (MEFA) da diocese de Itabuna, entre outros.<\/div>\n<div class=\"PlainText\" dir=\"auto\">O Rebanh\u00e3o com Cristo surgiu na cidade de Mau\u00e1 (SP) h\u00e1 mais de 30 anos.<br \/>\nO retiro espiritual foi criado pelo Movimento da Renova\u00e7\u00e3o Carism\u00e1tica Cat\u00f3lica (RCC), para oferecer a Igreja Cat\u00f3lica momentos de ora\u00e7\u00e3o e espiritualidade. Al\u00e9m das missas, o encontro oferece momentos de louvor, adora\u00e7\u00e3o, prega\u00e7\u00e3o e m\u00fasica.<br \/>\nO evento vai acontecer nos dias 22 e 23 de fevereiro&nbsp; de 2020 no Col\u00e9gio Lourival Oliveira Soares, na Rua dos Bandeirantes, situada no bairro Ferradas.<br \/>\nO valor do ingresso custa apenas 10 reais. Participe!<\/div>\n","protected":false},"excerpt":{"rendered":"<p>O Grupo de Ora\u00e7\u00e3o&nbsp; Resgate de Amor do Imaculado Cora\u00e7\u00e3o de Maria&nbsp; da Renova\u00e7\u00e3o Carism\u00e1tica Cat\u00f3lica da Par\u00f3quia Nossa Senhora da Concei\u00e7\u00e3o do bairro Ferradas em Itabuna(BA) estar\u00e1 neste dias em louvor, prega\u00e7\u00e3o e adora\u00e7\u00e3o com muita m\u00fasica, santa missa, entre outros momentos de evangeliza\u00e7\u00e3o.&nbsp; O 7\u00b0 Rebanh\u00e3o com Cristo 2020,&nbsp; vem com o tema:&nbsp;<\/p>\n<p><a class=\"btn btn-style\" href=\"https:\/\/portalcatolico.net\/portal\/em-fevereiro-acontece-o-1-rebanhao-com-cristo-em-itabuna\/\">Continue Reading<\/a><\/p>\n","protected":false},"author":2,"featured_media":68306,"comment_status":"open","ping_status":"open","sticky":false,"template":"","format":"standard","meta":{"footnotes":""},"categories":[1],"tags":[],"class_list":["post-68119","post","type-post","status-publish","format-standard","has-post-thumbnail","hentry","category-agenda"],"_links":{"self":[{"href":"https:\/\/portalcatolico.net\/portal\/wp-json\/wp\/v2\/posts\/68119","targetHints":{"allow":["GET"]}}],"collection":[{"href":"https:\/\/portalcatolico.net\/portal\/wp-json\/wp\/v2\/posts"}],"about":[{"href":"https:\/\/portalcatolico.net\/portal\/wp-json\/wp\/v2\/types\/post"}],"author":[{"embeddable":true,"href":"https:\/\/portalcatolico.net\/portal\/wp-json\/wp\/v2\/users\/2"}],"replies":[{"embeddable":true,"href":"https:\/\/portalcatolico.net\/portal\/wp-json\/wp\/v2\/comments?post=68119"}],"version-history":[{"count":4,"href":"https:\/\/portalcatolico.net\/portal\/wp-json\/wp\/v2\/posts\/68119\/revisions"}],"predecessor-version":[{"id":68307,"href":"https:\/\/portalcatolico.net\/portal\/wp-json\/wp\/v2\/posts\/68119\/revisions\/68307"}],"wp:featuredmedia":[{"embeddable":true,"href":"https:\/\/portalcatolico.net\/portal\/wp-json\/wp\/v2\/media\/68306"}],"wp:attachment":[{"href":"https:\/\/portalcatolico.net\/portal\/wp-json\/wp\/v2\/media?parent=68119"}],"wp:term":[{"taxonomy":"category","embeddable":true,"href":"https:\/\/portalcatolico.net\/portal\/wp-json\/wp\/v2\/categories?post=68119"},{"taxonomy":"post_tag","embeddable":true,"href":"https:\/\/portalcatolico.net\/portal\/wp-json\/wp\/v2\/tags?post=68119"}],"curies":[{"name":"wp","href":"https:\/\/api.w.org\/{rel}","templated":true}]}}