{"id":68106,"date":"2020-01-18T21:42:46","date_gmt":"2020-01-19T00:42:46","guid":{"rendered":"http:\/\/portalcatolico.net\/portal\/?p=68106"},"modified":"2020-01-19T09:59:30","modified_gmt":"2020-01-19T12:59:30","slug":"nota-de-falecimento-4","status":"publish","type":"post","link":"https:\/\/portalcatolico.net\/portal\/nota-de-falecimento-4\/","title":{"rendered":"Nota de Falecimento:Padre Celso falece neste s\u00e1bado em Itabuna"},"content":{"rendered":"<div dir=\"auto\"><img loading=\"lazy\" decoding=\"async\" class=\"size-medium wp-image-68114 alignleft\" src=\"http:\/\/portalcatolico.net\/portal\/wp-content\/uploads\/2020\/01\/00-Padre-Celso-269x300.jpg\" alt=\"\" width=\"269\" height=\"300\" srcset=\"https:\/\/portalcatolico.net\/portal\/wp-content\/uploads\/2020\/01\/00-Padre-Celso-269x300.jpg 269w, https:\/\/portalcatolico.net\/portal\/wp-content\/uploads\/2020\/01\/00-Padre-Celso-768x858.jpg 768w, https:\/\/portalcatolico.net\/portal\/wp-content\/uploads\/2020\/01\/00-Padre-Celso-917x1024.jpg 917w, https:\/\/portalcatolico.net\/portal\/wp-content\/uploads\/2020\/01\/00-Padre-Celso.jpg 930w\" sizes=\"auto, (max-width: 269px) 100vw, 269px\" \/>A diocese de Ilh\u00e9us, no litoral sul da Bahia,&nbsp; comunica com profundo pesar, o falecimento do Padre Ant\u00f4nio Celso Ramos da Silva, carinhosamente conhecido como Padre Celso, ocorrido na tarde deste s\u00e1bado (18), no Hospital Calixto Midlej de Filho na cidade de Itabuna (BA).<br \/>\nO l\u00edder eclesi\u00e1stico vinha enfrentando problemas card\u00edacos, chegou a submeter procedimento de cateterismo, mas o seu estado de sa\u00fade se&nbsp; agravou vindo a falecer.<br \/>\nO religioso tinha 36 anos na miss\u00e3o cat\u00f3lica, e sua \u00faltima par\u00f3quia em Ilh\u00e9us, foi a Santa Rita de C\u00e1ssia no bairro do Alto da Conquista.<br \/>\nEm sua p\u00e1gina do Facebook da diocese de Ilh\u00e9us, tem a seguinte mensagem: &#8220;O Padre Celso deixa um legado de muito zelo e amor pela sua miss\u00e3o,&nbsp; tinha 36 anos de Padre, trabalhou em v\u00e1rias Par\u00f3quias. Padre muito dedicado, simples, defensor da f\u00e9, das normas&#8221;.<\/div>\n<div dir=\"auto\">O sepultamento acontece amanh\u00e3 (19), pela manh\u00e3, em Buerarema. Logo ap\u00f3s, \u00e0s 10 horas, acontecer\u00e1 uma missa na Par\u00f3quia Senhora Santana em Buerarema.<\/div>\n<div dir=\"auto\">Fotos:Diocese de Ilh\u00e9us (BA)<\/div>\n<div dir=\"auto\">&nbsp;<\/div>\n<div dir=\"auto\"><strong>&nbsp;Biografia do Pe. Celso.Confira!<\/strong><\/div>\n<div dir=\"auto\">\n<p>Ant\u00f4nio Celso Ramos da Silva &#8211; Padre Celso<\/p>\n<p>Padre Ant\u00f4nio Celso Ramos da Silva, nasceu em Buerarema \u2013 Bahia no dia 9 de novembro de 1954, filho de Carlito Cardoso da Silva e Zizuilda Ramos da Silva. Desde jovem sentiu em seu cora\u00e7\u00e3o o chamado a voca\u00e7\u00e3o do Sacramento da Ordem e, para tanto, estudou o curso de Filosofia na Federa\u00e7\u00e3o das Escolas Superiores de Ilh\u00e9us e Itabuna, hoje, Universidade Estadual de Santa Cruz. Continuou seus estudos de prepara\u00e7\u00e3o para miss\u00e3o presbiteral&nbsp;<span class=\"text_exposed_show\">no Instituto de Teologia de Ilh\u00e9us, fazendo parte da segunda turma de Teologia, foi ordenado no dia 28 de agosto de 1983, pelo bispo Dom Valfredo Tepe.<\/span><\/p>\n<div class=\"text_exposed_show\">\n<p>Padre Celso, se destacou pela sua dedica\u00e7\u00e3o e zelo pela tradi\u00e7\u00e3o da Doutrina da Igreja Cat\u00f3lica, Apost\u00f3lica e Romana, e desenvolveu seu trabalho nas Par\u00f3quias: Santa Andr\u00e9 (Ituber\u00e1); S\u00e3o Jo\u00e3o Batista (Ilh\u00e9us); S\u00e3o Jos\u00e9 Oper\u00e1rio (Ibirataia); S\u00e3o Francisco de Assis (Ilh\u00e9us); Santo Ant\u00f4nio (Ilh\u00e9us); S\u00e3o Jos\u00e9 Oper\u00e1rio (Ipia\u00fa) e, atualmente, Santa Rita de C\u00e1ssia (Ilh\u00e9us).<br \/>\nHoje, dia 18 de janeiro de 2020, foi para morada celeste. Deixa fam\u00edlia, parentes e muitos amigos.<\/p>\n<p>Padre Celso, agradecemos a Deus pela partilha de sua vida por n\u00f3s parafraseando S\u00e3o Jo\u00e3o Maria Vianney:<br \/>\n\u201cSe n\u00e3o tiv\u00e9ssemos o sacramento da Ordem, n\u00e3o ter\u00edamos Nosso Senhor. Quem o colocou no tabern\u00e1culo? O padre. Quem foi que recebeu nossa alma \u00e0 entrada da vida? O padre. Quem a alimenta para lhe dar for\u00e7a de fazer sua peregrina\u00e7\u00e3o? O padre.&#8221;<\/p>\n<p>Obrigado Senhor! Pelo Padre Celso!<\/p>\n<\/div>\n<\/div>\n","protected":false},"excerpt":{"rendered":"<p>A diocese de Ilh\u00e9us, no litoral sul da Bahia,&nbsp; comunica com profundo pesar, o falecimento do Padre Ant\u00f4nio Celso Ramos da Silva, carinhosamente conhecido como Padre Celso, ocorrido na tarde deste s\u00e1bado (18), no Hospital Calixto Midlej de Filho na cidade de Itabuna (BA). O l\u00edder eclesi\u00e1stico vinha enfrentando problemas card\u00edacos, chegou a submeter procedimento&nbsp;<\/p>\n<p><a class=\"btn btn-style\" href=\"https:\/\/portalcatolico.net\/portal\/nota-de-falecimento-4\/\">Continue Reading<\/a><\/p>\n","protected":false},"author":2,"featured_media":68112,"comment_status":"open","ping_status":"open","sticky":false,"template":"","format":"standard","meta":{"footnotes":""},"categories":[4],"tags":[],"class_list":["post-68106","post","type-post","status-publish","format-standard","has-post-thumbnail","hentry","category-destaques"],"_links":{"self":[{"href":"https:\/\/portalcatolico.net\/portal\/wp-json\/wp\/v2\/posts\/68106","targetHints":{"allow":["GET"]}}],"collection":[{"href":"https:\/\/portalcatolico.net\/portal\/wp-json\/wp\/v2\/posts"}],"about":[{"href":"https:\/\/portalcatolico.net\/portal\/wp-json\/wp\/v2\/types\/post"}],"author":[{"embeddable":true,"href":"https:\/\/portalcatolico.net\/portal\/wp-json\/wp\/v2\/users\/2"}],"replies":[{"embeddable":true,"href":"https:\/\/portalcatolico.net\/portal\/wp-json\/wp\/v2\/comments?post=68106"}],"version-history":[{"count":6,"href":"https:\/\/portalcatolico.net\/portal\/wp-json\/wp\/v2\/posts\/68106\/revisions"}],"predecessor-version":[{"id":68118,"href":"https:\/\/portalcatolico.net\/portal\/wp-json\/wp\/v2\/posts\/68106\/revisions\/68118"}],"wp:featuredmedia":[{"embeddable":true,"href":"https:\/\/portalcatolico.net\/portal\/wp-json\/wp\/v2\/media\/68112"}],"wp:attachment":[{"href":"https:\/\/portalcatolico.net\/portal\/wp-json\/wp\/v2\/media?parent=68106"}],"wp:term":[{"taxonomy":"category","embeddable":true,"href":"https:\/\/portalcatolico.net\/portal\/wp-json\/wp\/v2\/categories?post=68106"},{"taxonomy":"post_tag","embeddable":true,"href":"https:\/\/portalcatolico.net\/portal\/wp-json\/wp\/v2\/tags?post=68106"}],"curies":[{"name":"wp","href":"https:\/\/api.w.org\/{rel}","templated":true}]}}