{"id":68103,"date":"2020-01-18T03:00:57","date_gmt":"2020-01-18T06:00:57","guid":{"rendered":"http:\/\/portalcatolico.net\/portal\/?p=68103"},"modified":"2020-01-18T07:09:08","modified_gmt":"2020-01-18T10:09:08","slug":"sociedade-sem-profecias","status":"publish","type":"post","link":"https:\/\/portalcatolico.net\/portal\/sociedade-sem-profecias\/","title":{"rendered":"Sociedade sem profecias"},"content":{"rendered":"<p>As profecias s\u00e3o indispens\u00e1veis na qualifica\u00e7\u00e3o do tecido antropol\u00f3gico-cultural que sustenta a vida de uma sociedade. Trata-se da necess\u00e1ria clarivid\u00eancia que deve ser a estrela-guia de todos os processos sociopol\u00edticos e econ\u00f4micos. Compreende-se que a aus\u00eancia da profecia pode contribuir na perda de rumos, na<br \/>\ncristaliza\u00e7\u00e3o de posicionamentos e din\u00e2micas que possam levar a desmandos do poder, \u00e0 corrup\u00e7\u00e3o e \u00e0 indiferen\u00e7a em rela\u00e7\u00e3o a desigualdades e ofensas contra a dignidade humana, gerando sofrimento, principalmente, para os mais pobres e indefesos. Sem a luz da profecia, impera a obscuridade das trevas, mesmo quando vozes s\u00e3o propagadas, pois lhes falta a coer\u00eancia necess\u00e1ria para promover transforma\u00e7\u00f5es.<\/p>\n<p>Conforme escritos e relatos do Antigo Testamento, a hist\u00f3ria de Israel mostra a import\u00e2ncia determinante da profecia para se reencontrar equil\u00edbrio nas rela\u00e7\u00f5es. \u00c9, pois, imprescind\u00edvel a presen\u00e7a da profecia na configura\u00e7\u00e3o de institui\u00e7\u00f5es, livrando-as da submiss\u00e3o aos interesses das oligarquias &#8211; sempre alheias aos pobres e sofredores. O profeta \u00e9 aquele que v\u00ea o que a maioria n\u00e3o consegue enxergar e a profecia, obviamente, n\u00e3o pode se reduzir a discurso, \u00e0 linguagem de improp\u00e9rios, muitas vezes em tom agressivo, sem a devida coer\u00eancia. O enxergar de modo l\u00facido n\u00e3o dispensa o profeta do selo de qualidade, pr\u00f3prio dos que cultivam conduta transparente, que n\u00e3o compactuam com os privil\u00e9gios e as situa\u00e7\u00f5es injustas denunciadas.<\/p>\n<p>Compreende-se, assim, porque historicamente sempre existiram confrontos entre profetas, sacerdotes e reis. Esses \u00faltimos, frequentemente cegados pela posi\u00e7\u00e3o que ocupam na sociedade, enrijecidos e, por isso, incapazes de mudar, n\u00e3o conseguem conquistar um modo de ver diferente, no horizonte da justi\u00e7a e da verdade. Quando se apaga a luz da profecia, reinam as obscuridades, multiplicam-se os mecanismos balizadores da injusti\u00e7a e, irremediavelmente, impera&nbsp;a indiferen\u00e7a, destruidora da intoc\u00e1vel sensibilidade humana para o exerc\u00edcio da solidariedade. A aus\u00eancia de profecia revela-se ainda no descalabro de se falar uma coisa e se praticar outra, denunciar algu\u00e9m, mas usufruir dos mesmos privil\u00e9gios.<\/p>\n<p>A profecia \u00e9 indispens\u00e1vel na busca pelo equil\u00edbrio que redefine pr\u00e1ticas, substitui h\u00e1bitos, qualifica ju\u00edzos e cria a mentalidade nova, pautada no mais profundo sentido de solidariedade. Importante saber: a profecia n\u00e3o \u00e9 exclusividade de alguns poucos. Trata-se de um bem a ser praticado por todos. Em uma passagem b\u00edblica no Livro do \u00caxodo, Mois\u00e9s \u00e9 informado que algumas pessoas n\u00e3o reconhecidas como profetas se dedicavam a profetizar. Prontamente, a partir de sua lucidez, Mois\u00e9s proclama: quem dera se todo o povo profetizasse. Certamente, a justi\u00e7a e a solidariedade estariam asseguradas no cora\u00e7\u00e3o da sociedade. Mas, ao inv\u00e9s disso, os profetas sofrem oposi\u00e7\u00e3o, e at\u00e9 persegui\u00e7\u00e3o. A clarivid\u00eancia da profecia incomoda pela propriedade do questionamento frontal ao exerc\u00edcio do poder &#8211; quando em vez de compreendido como servi\u00e7o, passa a ser fonte de decad\u00eancias, em raz\u00e3o dos abusos, da falta de interesse por Deus, das impiedades e fraudes.<\/p>\n<p>No momento em que a profecia perde vigor, a sociedade se desarticula e surgem cen\u00e1rios sombrios, a exemplo do que se assiste na contemporaneidade. Sem ela, a sociedade n\u00e3o se corrige nem consegue se reerguer. A civiliza\u00e7\u00e3o atual \u00e9 desafiada a cultivar linguagem prof\u00e9tica, express\u00e3o da clarivid\u00eancia, capacidade indispens\u00e1vel para n\u00e3o se repetir erros, ou comportamentos como o de falar de um modo, mas incoerentemente viver e agir de outro.<\/p>\n<p>N\u00e3o basta o leito de qualquer que seja a ideologia, deve-se buscar algo mais, com for\u00e7a para refinar escutas, especialmente os clamores dos pobres, e iluminar o olhar, revigorando a profecia, que faz falta \u00e0 sociedade. Cada pessoa possa assumir a condi\u00e7\u00e3o de aprendiz, ciente de que n\u00e3o basta a ado\u00e7\u00e3o de discursos \u201crequentados\u201d, enfraquecidos pelas incoer\u00eancias de seu porta-voz. A genu\u00edna profecia \u00e9 um novo caminho, lucidez capaz de oferecer respostas coerentes. \u00c9 hora de busc\u00e1-la, para consertar uma sociedade sem profecias.<\/p>\n<p>&nbsp;<\/p>\n<p>Dom Walmor Oliveira de Azevedo<\/p>\n<p>Arcebispo metropolitano de Belo Horizonte (MG)<\/p>\n<p>Presidente da Confer\u00eancia Nacional dos Bispos do Brasil (CNBB)<\/p>\n","protected":false},"excerpt":{"rendered":"<p>As profecias s\u00e3o indispens\u00e1veis na qualifica\u00e7\u00e3o do tecido antropol\u00f3gico-cultural que sustenta a vida de uma sociedade. Trata-se da necess\u00e1ria clarivid\u00eancia que deve ser a estrela-guia de todos os processos sociopol\u00edticos e econ\u00f4micos. Compreende-se que a aus\u00eancia da profecia pode contribuir na perda de rumos, na cristaliza\u00e7\u00e3o de posicionamentos e din\u00e2micas que possam levar a desmandos&nbsp;<\/p>\n<p><a class=\"btn btn-style\" href=\"https:\/\/portalcatolico.net\/portal\/sociedade-sem-profecias\/\">Continue Reading<\/a><\/p>\n","protected":false},"author":2,"featured_media":64225,"comment_status":"open","ping_status":"open","sticky":false,"template":"","format":"standard","meta":{"footnotes":""},"categories":[69],"tags":[],"class_list":["post-68103","post","type-post","status-publish","format-standard","has-post-thumbnail","hentry","category-artigos"],"_links":{"self":[{"href":"https:\/\/portalcatolico.net\/portal\/wp-json\/wp\/v2\/posts\/68103","targetHints":{"allow":["GET"]}}],"collection":[{"href":"https:\/\/portalcatolico.net\/portal\/wp-json\/wp\/v2\/posts"}],"about":[{"href":"https:\/\/portalcatolico.net\/portal\/wp-json\/wp\/v2\/types\/post"}],"author":[{"embeddable":true,"href":"https:\/\/portalcatolico.net\/portal\/wp-json\/wp\/v2\/users\/2"}],"replies":[{"embeddable":true,"href":"https:\/\/portalcatolico.net\/portal\/wp-json\/wp\/v2\/comments?post=68103"}],"version-history":[{"count":1,"href":"https:\/\/portalcatolico.net\/portal\/wp-json\/wp\/v2\/posts\/68103\/revisions"}],"predecessor-version":[{"id":68104,"href":"https:\/\/portalcatolico.net\/portal\/wp-json\/wp\/v2\/posts\/68103\/revisions\/68104"}],"wp:featuredmedia":[{"embeddable":true,"href":"https:\/\/portalcatolico.net\/portal\/wp-json\/wp\/v2\/media\/64225"}],"wp:attachment":[{"href":"https:\/\/portalcatolico.net\/portal\/wp-json\/wp\/v2\/media?parent=68103"}],"wp:term":[{"taxonomy":"category","embeddable":true,"href":"https:\/\/portalcatolico.net\/portal\/wp-json\/wp\/v2\/categories?post=68103"},{"taxonomy":"post_tag","embeddable":true,"href":"https:\/\/portalcatolico.net\/portal\/wp-json\/wp\/v2\/tags?post=68103"}],"curies":[{"name":"wp","href":"https:\/\/api.w.org\/{rel}","templated":true}]}}