{"id":68099,"date":"2020-01-17T12:48:44","date_gmt":"2020-01-17T15:48:44","guid":{"rendered":"http:\/\/portalcatolico.net\/portal\/?p=68099"},"modified":"2020-01-18T07:06:29","modified_gmt":"2020-01-18T10:06:29","slug":"sao-sebastiao-e-celebrado-em-ilheus-confira-os-detalhes-do-novenario-e-da-festa","status":"publish","type":"post","link":"https:\/\/portalcatolico.net\/portal\/sao-sebastiao-e-celebrado-em-ilheus-confira-os-detalhes-do-novenario-e-da-festa\/","title":{"rendered":"S\u00e3o Sebasti\u00e3o \u00e9 celebrado em Ilh\u00e9us. Confira os detalhes do noven\u00e1rio e da festa!"},"content":{"rendered":"<p>&nbsp;<\/p>\n<p><img loading=\"lazy\" decoding=\"async\" class=\"wp-image-68101 aligncenter\" src=\"http:\/\/portalcatolico.net\/portal\/wp-content\/uploads\/2020\/01\/Festa-de-S\u00e3o-Sebasti\u00e3o-Ilh\u00e9us-2020-scaled-300x169.jpg\" alt=\"\" width=\"740\" height=\"417\" srcset=\"https:\/\/portalcatolico.net\/portal\/wp-content\/uploads\/2020\/01\/Festa-de-S\u00e3o-Sebasti\u00e3o-Ilh\u00e9us-2020-scaled-300x169.jpg 300w, https:\/\/portalcatolico.net\/portal\/wp-content\/uploads\/2020\/01\/Festa-de-S\u00e3o-Sebasti\u00e3o-Ilh\u00e9us-2020-scaled.jpg 588w\" sizes=\"auto, (max-width: 740px) 100vw, 740px\" \/><\/p>\n<p>Os preparativos para a festa do padroeiro da Catedral de S\u00e3o Sebasti\u00e3o em Ilh\u00e9us (BA), come\u00e7aram no \u00faltimo&nbsp; s\u00e1bado&nbsp;(11), \u00e0s 19h e seguem at\u00e9 o dia 19 deste m\u00eas. A grande festa acontece no dia 20, com o tema central:&nbsp;&nbsp;&#8220;Escutar e abrir-se para seguir.Jesus se fez presente e p\u00f4r-se a caminhar&#8221; (LC 24,15).<\/p>\n<p>&nbsp;O noven\u00e1rio vai&nbsp;abordar a inicia\u00e7\u00e3o crist\u00e3. E por nove dias, os fieis ter\u00e3o uma programa\u00e7\u00e3o com muitas ora\u00e7\u00f5es, louvores, recita\u00e7\u00e3o do ter\u00e7o,&nbsp;apresenta\u00e7\u00f5es culturais, ladainhas, santa missa, e quermesse.<br \/>\nNo dia 20, para marcar o encerramento das celebra\u00e7\u00f5es, \u00e9 feriado municipal religioso. Mas a programa\u00e7\u00e3o \u00e9 extensa durante o dia. Logo cedo, \u00e0s 5h,&nbsp;tem alvorada.&nbsp; A&nbsp;missa solene acontece \u00e0s 10h. E a tradicional prociss\u00e3o com sa\u00edda da Catedral, ser\u00e1 \u00e0s 17h, na Pra\u00e7a&nbsp;Dom Eduardo. A prociss\u00e3o vai contornar o morro S\u00e3o Sebasti\u00e3o, percorrer as ruas centrais de Ilh\u00e9us, passar pela Avenida Soares Lopes e vai&nbsp;&nbsp;retornar \u00e0 Catedral, onde, ap\u00f3s&nbsp;a santa missa, vai acontecer o encerramento com a Ben\u00e7\u00e3o do Sant\u00edssimo.<br \/>\nA tradicional festa da Lavagem das escadarias da Catedral de S\u00e3o Sebasti\u00e3o aconteceu ontem, dia 16, e reuniu&nbsp;uma multid\u00e3o, entre moradores e turistas de diversas partes do pa\u00eds, no centro de Ilh\u00e9us. S\u00e3o Sebasti\u00e3o \u00e9 tamb\u00e9m padroeiro dos estivadores, por isso, a festa da Lavagem das escadarias foi idealizada pelos estivadores&nbsp;e \u00e9 promovida desde a primeira metade do s\u00e9culo XX. Essa festa \u00e9 uma&nbsp;manifesta\u00e7\u00e3o marcada pela f\u00e9, emo\u00e7\u00e3o e homenagens a S\u00e3o Sebasti\u00e3o. O&nbsp;cortejo partiu da Avenida 2 de Julho e foi at\u00e9 a pra\u00e7a da Catedral,&nbsp;no centro da cidade, e depois de quase tr\u00eas horas de caminhada, as&nbsp;baianas, estrelas do evento, desfilaram caracterizadas, carregando&nbsp;jarros com \u00e1gua de cheiro e as vassouras para o ritual da lavagem.<\/p>\n<p>Fotos:Rede Social<\/p>\n","protected":false},"excerpt":{"rendered":"<p>&nbsp; Os preparativos para a festa do padroeiro da Catedral de S\u00e3o Sebasti\u00e3o em Ilh\u00e9us (BA), come\u00e7aram no \u00faltimo&nbsp; s\u00e1bado&nbsp;(11), \u00e0s 19h e seguem at\u00e9 o dia 19 deste m\u00eas. A grande festa acontece no dia 20, com o tema central:&nbsp;&nbsp;&#8220;Escutar e abrir-se para seguir.Jesus se fez presente e p\u00f4r-se a caminhar&#8221; (LC 24,15). &nbsp;O&nbsp;<\/p>\n<p><a class=\"btn btn-style\" href=\"https:\/\/portalcatolico.net\/portal\/sao-sebastiao-e-celebrado-em-ilheus-confira-os-detalhes-do-novenario-e-da-festa\/\">Continue Reading<\/a><\/p>\n","protected":false},"author":2,"featured_media":68100,"comment_status":"open","ping_status":"open","sticky":false,"template":"","format":"standard","meta":{"footnotes":""},"categories":[4],"tags":[],"class_list":["post-68099","post","type-post","status-publish","format-standard","has-post-thumbnail","hentry","category-destaques"],"_links":{"self":[{"href":"https:\/\/portalcatolico.net\/portal\/wp-json\/wp\/v2\/posts\/68099","targetHints":{"allow":["GET"]}}],"collection":[{"href":"https:\/\/portalcatolico.net\/portal\/wp-json\/wp\/v2\/posts"}],"about":[{"href":"https:\/\/portalcatolico.net\/portal\/wp-json\/wp\/v2\/types\/post"}],"author":[{"embeddable":true,"href":"https:\/\/portalcatolico.net\/portal\/wp-json\/wp\/v2\/users\/2"}],"replies":[{"embeddable":true,"href":"https:\/\/portalcatolico.net\/portal\/wp-json\/wp\/v2\/comments?post=68099"}],"version-history":[{"count":2,"href":"https:\/\/portalcatolico.net\/portal\/wp-json\/wp\/v2\/posts\/68099\/revisions"}],"predecessor-version":[{"id":68105,"href":"https:\/\/portalcatolico.net\/portal\/wp-json\/wp\/v2\/posts\/68099\/revisions\/68105"}],"wp:featuredmedia":[{"embeddable":true,"href":"https:\/\/portalcatolico.net\/portal\/wp-json\/wp\/v2\/media\/68100"}],"wp:attachment":[{"href":"https:\/\/portalcatolico.net\/portal\/wp-json\/wp\/v2\/media?parent=68099"}],"wp:term":[{"taxonomy":"category","embeddable":true,"href":"https:\/\/portalcatolico.net\/portal\/wp-json\/wp\/v2\/categories?post=68099"},{"taxonomy":"post_tag","embeddable":true,"href":"https:\/\/portalcatolico.net\/portal\/wp-json\/wp\/v2\/tags?post=68099"}],"curies":[{"name":"wp","href":"https:\/\/api.w.org\/{rel}","templated":true}]}}