{"id":68093,"date":"2020-01-17T06:25:20","date_gmt":"2020-01-17T09:25:20","guid":{"rendered":"http:\/\/portalcatolico.net\/portal\/?p=68093"},"modified":"2020-01-17T06:25:44","modified_gmt":"2020-01-17T09:25:44","slug":"papa-francisco-a-oracao-simples-comove-jesus","status":"publish","type":"post","link":"https:\/\/portalcatolico.net\/portal\/papa-francisco-a-oracao-simples-comove-jesus\/","title":{"rendered":"Papa Francisco: a ora\u00e7\u00e3o simples comove Jesus"},"content":{"rendered":"<div class=\"article__subTitle\">&#8220;Jesus veio justamente por n\u00f3s pecadores e quanto mais pecador voc\u00ea for, mais pr\u00f3ximo o Senhor estar\u00e1 de voc\u00ea. Tenhamos o h\u00e1bito de repetir esta ora\u00e7\u00e3o sempre: &#8216;Senhor, se queres, tens o poder&#8217;.&#8221;<\/div>\n<div class=\"article__text\">\n<p>\u201cSenhor, se queres, tens o poder\u201d. Na homilia da missa celebrada na Casa Santa Marta (16\/01), o Papa Francisco comentou o epis\u00f3dio evang\u00e9lico da cura do leproso e exortou a contemplar a compaix\u00e3o de Jesus, que veio para dar a vida por n\u00f3s, pecadores.<\/p>\n<p><b>Um verdadeiro desafio<\/b><\/p>\n<p>O Papa deu destaque \u00e0 \u201chist\u00f3ria simples\u201d do leproso, que pede a Jesus para ser curado. Naquela express\u00e3o \u201cse queres\u201d, est\u00e1 a ora\u00e7\u00e3o, que \u201cchama a aten\u00e7\u00e3o de Deus\u201d, e a solu\u00e7\u00e3o. \u201c\u00c9 um desafio \u2013 afirmou Francisco \u2013, mas \u00e9 tamb\u00e9m um ato de confian\u00e7a. Eu sei que Ele pode e, por isso, me entrego a Ele\u201d. \u201cMas por que este homem sentiu a necessidade fazer esta ora\u00e7\u00e3o?\u201d, questionou o Pont\u00edfice. Porque via como Jesus agia. Este homem tinha visto a compaix\u00e3o de Jesus\u201d. \u201cCompaix\u00e3o\u201d: um \u201crefr\u00e3o no Evangelho\u201d, que tem os rostos da vi\u00fava de Naim, do Bom Samaritano, do pai do filho pr\u00f3digo.<\/p>\n<p><i>A compaix\u00e3o envolve, vem do cora\u00e7\u00e3o e o leva a possuir algo. Compaix\u00e3o \u00e9 \u2018sentir com\u2019, tomar o sofrimento do outro sobre si para resolv\u00ea-lo, para cur\u00e1-lo. E esta foi a miss\u00e3o de Jesus. Jesus n\u00e3o veio para pregar a lei e depois foi embora. Jesus veio \u2018em compaix\u00e3o\u2019, isto \u00e9, para sentir com e por n\u00f3s e a dar a pr\u00f3pria vida.<\/i><\/p>\n<p><b>Jesus n\u00e3o lava as m\u00e3os, mas permanece ao nosso lado<\/b><\/p>\n<p>O convite do Papa \u00e9 para repetir \u201cesta pequena frase\u201d: \u201cSentiu compaix\u00e3o\u201d. Jesus \u2013 explicou &nbsp;Francisco \u2013 \u201c\u00e9 capaz de se envolver nas dores, nos problemas dos outros porque veio para isso, n\u00e3o para lavar suas m\u00e3os e fazer tr\u00eas ou quatro serm\u00f5es e ir embora\u201d, est\u00e1 sempre ao nosso lado.<\/p>\n<p><i>\u201cSenhor, se queres, tens o poder de curar-me, tens o poder de perdoar-me; se queres, podes me ajudar\u201d. Ou, se voc\u00eas quiserem, pode ser mais longa: \u201cSenhor, sou pecador, tens piedade de mim, tens compaix\u00e3o, ora\u00e7\u00e3o simples, que pode ser dita&nbsp; v\u00e1rias vezes por dia. \u201cSenhor eu te pe\u00e7o: tens piedade de mim\u201d. V\u00e1rias vezes ao dia, a partir do cora\u00e7\u00e3o, interiormente, sem diz\u00ea-lo em voz alta: \u201cSenhor, se queres, tens o poder; se queres, tens o poder. Tens compaix\u00e3o\u201d, repetir isso.<\/i><\/p>\n<p><b>Uma ora\u00e7\u00e3o milagrosa<\/b><\/p>\n<p>Com a sua ora\u00e7\u00e3o simples e milagrosa, o leproso conseguiu obter a cura gra\u00e7as \u00e0 compaix\u00e3o de Jesus, que nos ama mesmo no pecado.<\/p>\n<p><i>Ele n\u00e3o sente vergonha de n\u00f3s. \u201cOh, padre, eu sou pecador, como vou dizer isso&#8230;\u201d Melhor ainda! Porque Ele veio justamente por n\u00f3s pecadores e quanto mais pecador voc\u00ea \u00e9, mais pr\u00f3ximo o Senhor estar\u00e1 de voc\u00ea, porque Ele veio por voc\u00ea, o maior pecador, por mim, o maior pecador, por todos n\u00f3s. Tenhamos o h\u00e1bito de repetir esta ora\u00e7\u00e3o, sempre: \u201cSenhor, se queres, tens o poder. Se queres, tens o poder\u201d. Com a confian\u00e7a de que o Senhor est\u00e1 pr\u00f3ximo de n\u00f3s e a sua compaix\u00e3o tomar\u00e1 sobre si os nossos problemas, os nossos pecados, as nossas doen\u00e7as interiores, tudo. <\/i><\/p>\n<p><i>Por Benedetta Capelli\/Vatican News<\/i><\/p>\n<p>&nbsp;<\/p>\n<\/div>\n","protected":false},"excerpt":{"rendered":"<p>&#8220;Jesus veio justamente por n\u00f3s pecadores e quanto mais pecador voc\u00ea for, mais pr\u00f3ximo o Senhor estar\u00e1 de voc\u00ea. Tenhamos o h\u00e1bito de repetir esta ora\u00e7\u00e3o sempre: &#8216;Senhor, se queres, tens o poder&#8217;.&#8221; \u201cSenhor, se queres, tens o poder\u201d. Na homilia da missa celebrada na Casa Santa Marta (16\/01), o Papa Francisco comentou o epis\u00f3dio&nbsp;<\/p>\n<p><a class=\"btn btn-style\" href=\"https:\/\/portalcatolico.net\/portal\/papa-francisco-a-oracao-simples-comove-jesus\/\">Continue Reading<\/a><\/p>\n","protected":false},"author":2,"featured_media":68094,"comment_status":"open","ping_status":"open","sticky":false,"template":"","format":"standard","meta":{"footnotes":""},"categories":[5],"tags":[],"class_list":["post-68093","post","type-post","status-publish","format-standard","has-post-thumbnail","hentry","category-igreja_no_mundo"],"_links":{"self":[{"href":"https:\/\/portalcatolico.net\/portal\/wp-json\/wp\/v2\/posts\/68093","targetHints":{"allow":["GET"]}}],"collection":[{"href":"https:\/\/portalcatolico.net\/portal\/wp-json\/wp\/v2\/posts"}],"about":[{"href":"https:\/\/portalcatolico.net\/portal\/wp-json\/wp\/v2\/types\/post"}],"author":[{"embeddable":true,"href":"https:\/\/portalcatolico.net\/portal\/wp-json\/wp\/v2\/users\/2"}],"replies":[{"embeddable":true,"href":"https:\/\/portalcatolico.net\/portal\/wp-json\/wp\/v2\/comments?post=68093"}],"version-history":[{"count":1,"href":"https:\/\/portalcatolico.net\/portal\/wp-json\/wp\/v2\/posts\/68093\/revisions"}],"predecessor-version":[{"id":68095,"href":"https:\/\/portalcatolico.net\/portal\/wp-json\/wp\/v2\/posts\/68093\/revisions\/68095"}],"wp:featuredmedia":[{"embeddable":true,"href":"https:\/\/portalcatolico.net\/portal\/wp-json\/wp\/v2\/media\/68094"}],"wp:attachment":[{"href":"https:\/\/portalcatolico.net\/portal\/wp-json\/wp\/v2\/media?parent=68093"}],"wp:term":[{"taxonomy":"category","embeddable":true,"href":"https:\/\/portalcatolico.net\/portal\/wp-json\/wp\/v2\/categories?post=68093"},{"taxonomy":"post_tag","embeddable":true,"href":"https:\/\/portalcatolico.net\/portal\/wp-json\/wp\/v2\/tags?post=68093"}],"curies":[{"name":"wp","href":"https:\/\/api.w.org\/{rel}","templated":true}]}}