{"id":68090,"date":"2020-01-16T19:23:22","date_gmt":"2020-01-16T22:23:22","guid":{"rendered":"http:\/\/portalcatolico.net\/portal\/?p=68090"},"modified":"2020-01-16T19:23:22","modified_gmt":"2020-01-16T22:23:22","slug":"coreia-do-sul-catolicos-aumentam-mais-do-que-em-qualquer-outro-lugar-do-mundo","status":"publish","type":"post","link":"https:\/\/portalcatolico.net\/portal\/coreia-do-sul-catolicos-aumentam-mais-do-que-em-qualquer-outro-lugar-do-mundo\/","title":{"rendered":"Cor\u00e9ia do Sul: cat\u00f3licos aumentam mais do que em qualquer outro lugar do mundo"},"content":{"rendered":"<p><em>Foi um \u201csegredo aberto\u201d que as estat\u00edsticas confirmam hoje: o catolicismo est\u00e1 crescendo exponencialmente na Cor\u00e9ia do Sul.&nbsp;Mas n\u00e3o o suficiente para tocar os sinos.<\/em><\/p>\n<p>Embora haja hoje mais cat\u00f3licos e mais padres e mission\u00e1rios coreanos, a popula\u00e7\u00e3o cat\u00f3lica est\u00e1 envelhecendo rapidamente, menos casamentos s\u00e3o celebrados, as pessoas assistem \u00e0 missa menos no domingo e h\u00e1 uma diminui\u00e7\u00e3o entre os seminaristas.<\/p>\n<p>Tudo isso coloca novos desafios de evangeliza\u00e7\u00e3o que a Igreja Cat\u00f3lica coreana est\u00e1 colocando como prioridade para esta nova d\u00e9cada.<\/p>\n<p><strong>Dados positivos<\/strong><\/p>\n<p>Um relat\u00f3rio do Instituto Pastoral Cat\u00f3lico Coreano, reproduzido pelo jornal The Korea Herald em 11 de janeiro, revela que nas \u00faltimas duas d\u00e9cadas (de 1999 a 2018) o n\u00famero de cat\u00f3licos aumentou 48,6%.<\/p>\n<p>No final do segundo mil\u00eanio, havia 3.946.844 cat\u00f3licos no pa\u00eds asi\u00e1tico, enquanto em 2018 havia 5.865.510.&nbsp;No entanto, o Instituto Pastoral alertou que o crescimento \u201cdesacelerou significativamente nos \u00faltimos anos\u201d.<\/p>\n<p>Pela diocese, Suwon, ao sul da capital Seul, registrou a maior taxa de aumento de 89,1% no per\u00edodo de vinte anos, seguida por Daejeon na Cor\u00e9ia do Sul central, com 79,6%, e Uijeongbu, ao norte. da capital, com 78,9 por cento.<\/p>\n<p><strong>Luzes de aviso<\/strong><\/p>\n<p>No entanto, a taxa anual de crescimento dos cat\u00f3licos diminuiu gradualmente para menos de um por cento, o que mostra que h\u00e1 \u00e1reas de oportunidade para a Igreja Cat\u00f3lica na d\u00e9cada que est\u00e1 apenas come\u00e7ando.<\/p>\n<p>Segundo o relat\u00f3rio, em 2000 e 2001, a popula\u00e7\u00e3o cat\u00f3lica cresceu 3,2 e 3,9 por cento, respectivamente, antes de cair para dois por cento at\u00e9 2009.<\/p>\n<p>A taxa de crescimento caiu para 1,7% em 2010 e se recuperou brevemente para 2,2% em 2014 devido \u00e0 visita do Papa Francisco.&nbsp;para a Cor\u00e9ia do Sul.&nbsp;Mas, novamente, caiu abaixo de um por cento para atingir 0,9 por cento em 2018.<\/p>\n<p><strong>Maior propor\u00e7\u00e3o, menor presen\u00e7a<\/strong><\/p>\n<p>Quanto ao resto, a propor\u00e7\u00e3o de cat\u00f3licos na popula\u00e7\u00e3o total da na\u00e7\u00e3o asi\u00e1tica aumentou de 8,3% para 11,1% no per\u00edodo 1999-2018.<\/p>\n<p>Mas a taxa de participa\u00e7\u00e3o em servi\u00e7os religiosos, considerada um indicador-chave da vida religiosa dos fi\u00e9is, caiu em mais de dez pontos percentuais: de 29,5% para 18,3% no per\u00edodo estudado.<\/p>\n<p>\u201cA queda acentuada na taxa de participa\u00e7\u00e3o massiva no domingo \u00e9 not\u00e1vel.&nbsp;Todas as dioceses fizeram v\u00e1rios esfor\u00e7os para trazer de volta os crist\u00e3os mornos e revisar a igreja, mas qualquer mudan\u00e7a significativa ainda est\u00e1 por vir.&nbsp;O mesmo problema \u00e9 repetido anualmente \u201d, \u00e9 expresso no relat\u00f3rio reproduzido pelo The Korea Times.<\/p>\n<p><strong>Cat\u00f3licos est\u00e3o envelhecendo<\/strong><\/p>\n<p>\u201c\u00c9 hora de refletir sobre nosso trabalho mission\u00e1rio atual e reconsiderar a dire\u00e7\u00e3o da evangeliza\u00e7\u00e3o dom\u00e9stica\u201d, diz o Instituto Pastoral Cat\u00f3lico, que reconheceu que \u201co r\u00e1pido envelhecimento da popula\u00e7\u00e3o cat\u00f3lica \u00e9 outra mudan\u00e7a not\u00e1vel\u201d.<\/p>\n<p>Entre 2003 e 2018, os cat\u00f3licos com menos de nove anos de idade e a adolesc\u00eancia se contra\u00edram em 32,4% e 33,2%, respectivamente.<\/p>\n<p>Mas aqueles com 50, 60, 70 e 80 anos expandiram 76,9, 93, 117 e 251,6 por cento em cada uma das faixas et\u00e1rias.<\/p>\n<p><strong>Menos casamentos e mais padres<\/strong><\/p>\n<p>O crescimento dos primeiros anos e a diminui\u00e7\u00e3o dos \u00faltimos anos do per\u00edodo coberto pelo relat\u00f3rio refletem-se no n\u00famero de casamentos realizados na Cor\u00e9ia do Sul que diminuiu 41,5%: de 24.227 em 1999 para 14.167 em 2018.<\/p>\n<p>No entanto, outro fato otimista \u00e9 o aumento do n\u00famero de padres coreanos.&nbsp;Nesta linha, o clero do pa\u00eds aumentou 52,2 por cento, de 2.972 para 4.456 de 1999 a 2018.<\/p>\n<p>Finalmente, o estudo aponta para outro fato negativo: o n\u00famero de alunos do semin\u00e1rio caiu 17,7%, de 1.547 para 1.273.&nbsp;Mas o n\u00famero de mission\u00e1rios no exterior enviados pela Igreja Cat\u00f3lica coreana aumentou 204,2%, de 356 em 1999 para 1.083 em 2018.<\/p>\n<p>Via Aleteia<\/p>\n","protected":false},"excerpt":{"rendered":"<p>Foi um \u201csegredo aberto\u201d que as estat\u00edsticas confirmam hoje: o catolicismo est\u00e1 crescendo exponencialmente na Cor\u00e9ia do Sul.&nbsp;Mas n\u00e3o o suficiente para tocar os sinos. Embora haja hoje mais cat\u00f3licos e mais padres e mission\u00e1rios coreanos, a popula\u00e7\u00e3o cat\u00f3lica est\u00e1 envelhecendo rapidamente, menos casamentos s\u00e3o celebrados, as pessoas assistem \u00e0 missa menos no domingo e&nbsp;<\/p>\n<p><a class=\"btn btn-style\" href=\"https:\/\/portalcatolico.net\/portal\/coreia-do-sul-catolicos-aumentam-mais-do-que-em-qualquer-outro-lugar-do-mundo\/\">Continue Reading<\/a><\/p>\n","protected":false},"author":2,"featured_media":68091,"comment_status":"open","ping_status":"open","sticky":false,"template":"","format":"standard","meta":{"footnotes":""},"categories":[5],"tags":[],"class_list":["post-68090","post","type-post","status-publish","format-standard","has-post-thumbnail","hentry","category-igreja_no_mundo"],"_links":{"self":[{"href":"https:\/\/portalcatolico.net\/portal\/wp-json\/wp\/v2\/posts\/68090","targetHints":{"allow":["GET"]}}],"collection":[{"href":"https:\/\/portalcatolico.net\/portal\/wp-json\/wp\/v2\/posts"}],"about":[{"href":"https:\/\/portalcatolico.net\/portal\/wp-json\/wp\/v2\/types\/post"}],"author":[{"embeddable":true,"href":"https:\/\/portalcatolico.net\/portal\/wp-json\/wp\/v2\/users\/2"}],"replies":[{"embeddable":true,"href":"https:\/\/portalcatolico.net\/portal\/wp-json\/wp\/v2\/comments?post=68090"}],"version-history":[{"count":1,"href":"https:\/\/portalcatolico.net\/portal\/wp-json\/wp\/v2\/posts\/68090\/revisions"}],"predecessor-version":[{"id":68092,"href":"https:\/\/portalcatolico.net\/portal\/wp-json\/wp\/v2\/posts\/68090\/revisions\/68092"}],"wp:featuredmedia":[{"embeddable":true,"href":"https:\/\/portalcatolico.net\/portal\/wp-json\/wp\/v2\/media\/68091"}],"wp:attachment":[{"href":"https:\/\/portalcatolico.net\/portal\/wp-json\/wp\/v2\/media?parent=68090"}],"wp:term":[{"taxonomy":"category","embeddable":true,"href":"https:\/\/portalcatolico.net\/portal\/wp-json\/wp\/v2\/categories?post=68090"},{"taxonomy":"post_tag","embeddable":true,"href":"https:\/\/portalcatolico.net\/portal\/wp-json\/wp\/v2\/tags?post=68090"}],"curies":[{"name":"wp","href":"https:\/\/api.w.org\/{rel}","templated":true}]}}