{"id":68087,"date":"2020-01-16T18:42:19","date_gmt":"2020-01-16T21:42:19","guid":{"rendered":"http:\/\/portalcatolico.net\/portal\/?p=68087"},"modified":"2020-01-16T18:42:19","modified_gmt":"2020-01-16T21:42:19","slug":"conferencia-dos-religiosos-do-brasil-publica-nota-em-que-reafirma-apoio-ao-papa","status":"publish","type":"post","link":"https:\/\/portalcatolico.net\/portal\/conferencia-dos-religiosos-do-brasil-publica-nota-em-que-reafirma-apoio-ao-papa\/","title":{"rendered":"Confer\u00eancia dos Religiosos do Brasil publica nota em que reafirma apoio ao Papa"},"content":{"rendered":"<p>\u201cN\u00f3s, Vida Religiosa Consagrada, renovamos a ele nossa obedi\u00eancia incondicional e suplicamos ao Bom Deus e a Virgem Maria que o fortale\u00e7a na f\u00e9, na esperan\u00e7a e caridade\u201d, afirma a a presidente da CRB Nacional, Ir. Maria In\u00eas Vieira Ribeiro. A CRB \u00e9 um organismo que congrega todos os institutos religiosos e todas as sociedades de vida apost\u00f3lica ligados \u00e0 Igreja Cat\u00f3lica Romana presentes no Brasil.<\/p>\n<p>O documento, assinado pela presidente da organiza\u00e7\u00e3o, irm\u00e3 Maria In\u00eas Vieira Ribeiro, afirma que a Vida Consagrada assiste aos ataques ao Santo Padre \u201ccom perplexidade\u201d.&nbsp;<em>\u201cN\u00f3s, Vida Religiosa Consagrada, renovamos a ele nossa obedi\u00eancia incondicional e suplicamos ao Bom Deus e a Virgem Maria que o fortale\u00e7a na f\u00e9, na esperan\u00e7a e caridade\u201d,<\/em>&nbsp;afirma a Nota.<\/p>\n<p>Abaixo, a \u00edntegra do pronunciamento da presidente da CRB Nacional:<\/p>\n<p><strong>Pronunciamento da CRB Nacional&nbsp;<\/strong><\/p>\n<p>Aos Consagrados e Consagradas e todas as pessoas de boa vontade<\/p>\n<p>A Igreja \u00e9 um corpo, nos ensina S\u00e3o Paulo, neste corpo todos os membros s\u00e3o importantes e, na diversidade, formam a unidade.<\/p>\n<p>Nos \u00faltimos meses e, sobretudo nestes dias, atrav\u00e9s das m\u00eddias, o querido Papa Francisco vem sendo atacado, caluniado, mal interpretado, chamado de herege e n\u00e3o s\u00e3o poucos os pedidos de cardeais, bispos, crist\u00e3os leigos e leigas, que se intitulam guardi\u00e3es da s\u00e3 doutrina, que ele renuncie.<\/p>\n<p>N\u00f3s, Vida Consagrada, assistimos a tudo isto com perplexidade. Este \u00f3dio e rancores s\u00e3o frutos do esp\u00edrito do mau. \u00c9 a tenta\u00e7\u00e3o do deserto da indiferen\u00e7a, do egocentrismo e do mundanismo religioso que busca de todas as formas derrotar aquele que foi eleito de forma legitima pelo col\u00e9gio dos cardeais para o servi\u00e7o de anima\u00e7\u00e3o e governo da Igreja Cat\u00f3lica. O Papa, seja quem for, legitimamente eleito, \u00e9 o sucessor de Pedro. Ele tem as chaves para abrir e fechar, no comando da barca de Pedro, os caminhos da Igreja.<\/p>\n<p>O Papa Francisco \u00e9 um servidor do Evangelho, da Doutrina e da Tradi\u00e7\u00e3o da Igreja, sempre com a preocupa\u00e7\u00e3o de apontar os novos horizontes da miss\u00e3o. Em sintonia profunda e consciente com o Conc\u00edlio Vaticano II, ele resgata hoje os valores de uma Igreja que nunca pode deixar de ser mission\u00e1ria, samaritana, prof\u00e9tica, m\u00edstica e s\u00e1bia, mesmo que as for\u00e7as e os ventos contr\u00e1rios queiram mant\u00ea-la isolada e fechada numa autorrefer\u00eancia est\u00e9ril.<\/p>\n<p>A Igreja \u00e9 m\u00e3e. E, como toda boa m\u00e3e, ela sai de si mesma para abra\u00e7ar a todos os filhos e filhas, sobretudo os mais distantes, os que se afastaram e os mais pobres e vulner\u00e1veis. Francisco \u00e9 o Papa para este momento da Igreja e do mundo.<\/p>\n<p>Portanto, n\u00f3s, Vida Religiosa Consagrada, renovamos a ele nossa obedi\u00eancia incondicional e suplicamos ao Bom Deus e a Virgem Maria que o fortale\u00e7a na f\u00e9, na esperan\u00e7a e caridade. Unamo-nos, firmemente, ao Papa Francisco em nossas preces!<\/p>\n<p>Ao Papa, o nosso abra\u00e7o fraterno de irm\u00e3os e irm\u00e3s.<\/p>\n<p>Bras\u00edlia-DF, 15 de janeiro de 2020<\/p>\n<p>Irm\u00e3 Maria In\u00eas Vieira Ribeiro<br \/>\nPresidente da CRB Nacional<\/p>\n<p>Com informa\u00e7\u00f5es e foto do site oficial da CNBB<\/p>\n","protected":false},"excerpt":{"rendered":"<p>\u201cN\u00f3s, Vida Religiosa Consagrada, renovamos a ele nossa obedi\u00eancia incondicional e suplicamos ao Bom Deus e a Virgem Maria que o fortale\u00e7a na f\u00e9, na esperan\u00e7a e caridade\u201d, afirma a a presidente da CRB Nacional, Ir. Maria In\u00eas Vieira Ribeiro. A CRB \u00e9 um organismo que congrega todos os institutos religiosos e todas as sociedades&nbsp;<\/p>\n<p><a class=\"btn btn-style\" href=\"https:\/\/portalcatolico.net\/portal\/conferencia-dos-religiosos-do-brasil-publica-nota-em-que-reafirma-apoio-ao-papa\/\">Continue Reading<\/a><\/p>\n","protected":false},"author":2,"featured_media":68088,"comment_status":"open","ping_status":"open","sticky":false,"template":"","format":"standard","meta":{"footnotes":""},"categories":[3],"tags":[],"class_list":["post-68087","post","type-post","status-publish","format-standard","has-post-thumbnail","hentry","category-noticias_regionais"],"_links":{"self":[{"href":"https:\/\/portalcatolico.net\/portal\/wp-json\/wp\/v2\/posts\/68087","targetHints":{"allow":["GET"]}}],"collection":[{"href":"https:\/\/portalcatolico.net\/portal\/wp-json\/wp\/v2\/posts"}],"about":[{"href":"https:\/\/portalcatolico.net\/portal\/wp-json\/wp\/v2\/types\/post"}],"author":[{"embeddable":true,"href":"https:\/\/portalcatolico.net\/portal\/wp-json\/wp\/v2\/users\/2"}],"replies":[{"embeddable":true,"href":"https:\/\/portalcatolico.net\/portal\/wp-json\/wp\/v2\/comments?post=68087"}],"version-history":[{"count":1,"href":"https:\/\/portalcatolico.net\/portal\/wp-json\/wp\/v2\/posts\/68087\/revisions"}],"predecessor-version":[{"id":68089,"href":"https:\/\/portalcatolico.net\/portal\/wp-json\/wp\/v2\/posts\/68087\/revisions\/68089"}],"wp:featuredmedia":[{"embeddable":true,"href":"https:\/\/portalcatolico.net\/portal\/wp-json\/wp\/v2\/media\/68088"}],"wp:attachment":[{"href":"https:\/\/portalcatolico.net\/portal\/wp-json\/wp\/v2\/media?parent=68087"}],"wp:term":[{"taxonomy":"category","embeddable":true,"href":"https:\/\/portalcatolico.net\/portal\/wp-json\/wp\/v2\/categories?post=68087"},{"taxonomy":"post_tag","embeddable":true,"href":"https:\/\/portalcatolico.net\/portal\/wp-json\/wp\/v2\/tags?post=68087"}],"curies":[{"name":"wp","href":"https:\/\/api.w.org\/{rel}","templated":true}]}}