{"id":68083,"date":"2020-01-15T21:14:34","date_gmt":"2020-01-16T00:14:34","guid":{"rendered":"http:\/\/portalcatolico.net\/portal\/?p=68083"},"modified":"2020-01-15T21:15:09","modified_gmt":"2020-01-16T00:15:09","slug":"quantos-bispos-catolicos-existem-no-mundo-e-no-brasil","status":"publish","type":"post","link":"https:\/\/portalcatolico.net\/portal\/quantos-bispos-catolicos-existem-no-mundo-e-no-brasil\/","title":{"rendered":"Quantos bispos cat\u00f3licos existem no mundo? E no Brasil?"},"content":{"rendered":"<p class=\"subtitle\">O Brasil tem quase 9% do total de bispos cat\u00f3licos do mundo todo<\/p>\n<div class=\"base-post-content\">\n<p>H\u00e1 hoje, no mundo todo, 5.524 bispos cat\u00f3licos, dos quais, segundo os dados da Confer\u00eancia Nacional dos Bispos do Brasil (CNBB) atualizados at\u00e9 dezembro de 2019, 481 est\u00e3o neste pa\u00eds, sendo 169 em\u00e9ritos e 312 na ativa.Um levantamento feito pelo professor Fernando Altemeyer J\u00fanior, da Pontif\u00edcia Universidade Cat\u00f3lica de S\u00e3o Paulo, citado pelo jornal&nbsp;<em>O S\u00e3o Paulo<\/em>, da arquidiocese paulistana, aponta que, do total de bispos brasileiros, 32 foram nomeados pelo Papa S\u00e3o Paulo VI, 216 por S\u00e3o Jo\u00e3o Paulo II, 125 pelo Papa Bento XVI e 105 pelo Papa Francisco.<\/p>\n<p>Dom Aldo Mongiano, bispo em\u00e9rito da diocese de Roraima, completou 100 anos de idade em 1\u00ba de novembro de 2019. Ele \u00e9 tamb\u00e9m o bispo com mais tempo de ordena\u00e7\u00e3o sacerdotal: 76 anos. J\u00e1 o bispo com mais tempo de ordena\u00e7\u00e3o episcopal \u00e9 dom Pedro Ant\u00f4nio Marchetti Fedalto, em\u00e9rito de Curitiba, com 53 anos de bispo.<\/p>\n<p>Quanto ao mais jovem, trata-se de dom Valdemir Vicente Andrade Santos, que tem 46 anos de idade e \u00e9 bispo auxiliar de Fortaleza. J\u00e1 o que tem menos tempo de sacerd\u00f3cio, 17 anos, \u00e9 dom Walter Jorge Pinto, bispo de Uni\u00e3o da Vit\u00f3ria, PR, ordenado padre em 2002. O de ordena\u00e7\u00e3o episcopal mais recente ser\u00e1 dom Dilmo Franco de Campos, a ser ordenado bispo neste pr\u00f3ximo 25 de janeiro de 2020. Ele ser\u00e1 auxiliar de An\u00e1polis, GO.<\/p>\n<p>A Igreja no Brasil terminou 2019 com 278 circunscri\u00e7\u00f5es eclesi\u00e1sticas:<\/p>\n<ul>\n<li>217 dioceses<\/li>\n<li>45 arquidioceses<\/li>\n<li>3 eparquias<\/li>\n<li>8 prelazias<\/li>\n<li>1 exarcado<\/li>\n<li>1 arquieparquia<\/li>\n<li>1 ordinariado militar<\/li>\n<li>1 ordinariado para os fi\u00e9is de Rito Oriental sem ordin\u00e1rio pr\u00f3prio<\/li>\n<li>1 administra\u00e7\u00e3o apost\u00f3lica pessoal.<\/li>\n<\/ul>\n<p>O pa\u00eds tamb\u00e9m tem, no momento, 9 dioceses vacantes, ou seja, \u00e0 espera da nomea\u00e7\u00e3o do seu novo bispo.(Aleteia)<\/p>\n<\/div>\n","protected":false},"excerpt":{"rendered":"<p>O Brasil tem quase 9% do total de bispos cat\u00f3licos do mundo todo H\u00e1 hoje, no mundo todo, 5.524 bispos cat\u00f3licos, dos quais, segundo os dados da Confer\u00eancia Nacional dos Bispos do Brasil (CNBB) atualizados at\u00e9 dezembro de 2019, 481 est\u00e3o neste pa\u00eds, sendo 169 em\u00e9ritos e 312 na ativa.Um levantamento feito pelo professor Fernando&nbsp;<\/p>\n<p><a class=\"btn btn-style\" href=\"https:\/\/portalcatolico.net\/portal\/quantos-bispos-catolicos-existem-no-mundo-e-no-brasil\/\">Continue Reading<\/a><\/p>\n","protected":false},"author":2,"featured_media":68084,"comment_status":"open","ping_status":"open","sticky":false,"template":"","format":"standard","meta":{"footnotes":""},"categories":[5],"tags":[],"class_list":["post-68083","post","type-post","status-publish","format-standard","has-post-thumbnail","hentry","category-igreja_no_mundo"],"_links":{"self":[{"href":"https:\/\/portalcatolico.net\/portal\/wp-json\/wp\/v2\/posts\/68083","targetHints":{"allow":["GET"]}}],"collection":[{"href":"https:\/\/portalcatolico.net\/portal\/wp-json\/wp\/v2\/posts"}],"about":[{"href":"https:\/\/portalcatolico.net\/portal\/wp-json\/wp\/v2\/types\/post"}],"author":[{"embeddable":true,"href":"https:\/\/portalcatolico.net\/portal\/wp-json\/wp\/v2\/users\/2"}],"replies":[{"embeddable":true,"href":"https:\/\/portalcatolico.net\/portal\/wp-json\/wp\/v2\/comments?post=68083"}],"version-history":[{"count":2,"href":"https:\/\/portalcatolico.net\/portal\/wp-json\/wp\/v2\/posts\/68083\/revisions"}],"predecessor-version":[{"id":68086,"href":"https:\/\/portalcatolico.net\/portal\/wp-json\/wp\/v2\/posts\/68083\/revisions\/68086"}],"wp:featuredmedia":[{"embeddable":true,"href":"https:\/\/portalcatolico.net\/portal\/wp-json\/wp\/v2\/media\/68084"}],"wp:attachment":[{"href":"https:\/\/portalcatolico.net\/portal\/wp-json\/wp\/v2\/media?parent=68083"}],"wp:term":[{"taxonomy":"category","embeddable":true,"href":"https:\/\/portalcatolico.net\/portal\/wp-json\/wp\/v2\/categories?post=68083"},{"taxonomy":"post_tag","embeddable":true,"href":"https:\/\/portalcatolico.net\/portal\/wp-json\/wp\/v2\/tags?post=68083"}],"curies":[{"name":"wp","href":"https:\/\/api.w.org\/{rel}","templated":true}]}}